{"id":9294,"date":"2016-03-08T09:24:24","date_gmt":"2016-03-08T08:24:24","guid":{"rendered":"http:\/\/cafaitdesordre.com\/blog\/?p=9294"},"modified":"2016-10-25T15:42:53","modified_gmt":"2016-10-25T13:42:53","slug":"sos-romanes-la-poesie-menacee","status":"publish","type":"post","link":"https:\/\/cafaitdesordre.com\/blog\/2016\/03\/sos-romanes-la-poesie-menacee\/","title":{"rendered":"SOS Roman\u00e8s &#8211; la po\u00e9sie menac\u00e9e"},"content":{"rendered":"<p>&nbsp;<\/p>\n<p>&nbsp;<\/p>\n<p>&nbsp;<\/p>\n<p>Le monde est injuste,cruel. Comment faire pour qu&rsquo;il aille mieux?<\/p>\n<p>C&rsquo;est tr\u00e8s simple, en agissant d\u00e9j\u00e0 l\u00e0 o\u00f9 vous \u00eates, en \u00e9tant solidaire.<\/p>\n<p>Aujourd&rsquo;hui vous avez une belle occasion de d\u00e9fendre la po\u00e9sie, la beaut\u00e9<\/p>\n<p>en vous portant au secours d&rsquo;un cirque merveilleux,menac\u00e9 dans son existence. Vite lisez le comuniqu\u00e9 de<\/p>\n<p>Delia Roman\u00e8s et agissez. Merci. F Bernheim<\/p>\n<p>&nbsp;<\/p>\n<p>&nbsp;<\/p>\n<p><img decoding=\"async\" loading=\"lazy\" class=\"alignleft size-medium wp-image-9295\" src=\"http:\/\/cafaitdesordre.com\/blog\/wp-content\/uploads\/2016\/03\/th-2-300x200.jpg\" alt=\"th-2\" width=\"300\" height=\"200\" \/>chers Amis, chers tous,<\/p>\n<p>je me permets de faire appel \u00e0 vous<\/p>\n<p><strong>car le cirque Roman\u00e8s est aujourd\u2019hui menac\u00e9 de disparition<\/strong> suite aux attaques racistes ( 1), dont nous sommes victimes depuis septembre 2015 et aux attentats du 13 novembre qui ont entra\u00een\u00e9 une chute vertigineuse de la fr\u00e9quentation des salles de spectacle.<\/p>\n<p><strong>Depuis 22 ans le cirque Roman\u00e8s apporte de la joie, du r\u00eave,de la po\u00e9sie, de la bonne humeur \u00e0 tous ceux qui sont venus sous notre chapiteau. <\/strong><\/p>\n<p>Plus que jamais il est vital que chacun d\u2019entre nous ne se laisse pas abattre par la sinistrose ambiante Aussi lan\u00e7ons nous aujourd\u2019hui une campagne d&rsquo;Appel aux dons en esp\u00e9rant\u00a0attirer l&rsquo;attention qu\u2019un grand nombre d&rsquo;hommes et de femmes\u00a0 nous aiderons \u00e0\u00a0RESISTER !<\/p>\n<p>C\u2019est la premi\u00e8re fois que nous avons lan\u00e7ons une campagne d\u2019Appel aux dons en ligne pour nous aider \u00e0 surmonter cette situation exceptionnelle&#8230;\u00a0Pour survivre, remettre en \u00e9tat le cirque nous avons besoin de 60 000 \u20ac . La souscription est ouverte sur Helloasso jusqu\u2019\u00e0 fin Mai. Plus vite nous atteindrons notre objectif, plus vite nous pourrons repartir en cr\u00e9ant de nouveaux spectacles.<\/p>\n<p><img decoding=\"async\" loading=\"lazy\" class=\"alignleft size-medium wp-image-9296\" src=\"http:\/\/cafaitdesordre.com\/blog\/wp-content\/uploads\/2016\/03\/th-300x200.jpg\" alt=\"th\" width=\"300\" height=\"200\" \/><\/p>\n<p><strong>Nous avons besoin de vous pour que notre appel soit entendu<\/strong>. La souscription est ouverte<\/p>\n<p><strong>sur le site HelloAsso, sous \u00a0le titre est : <\/strong><\/p>\n<p><strong>\u00a0SAUVONS LE CIRQUE ROMANES \u00a0\u2013 L\u2019Unique Cirque Tzigane au Monde\u00a0! \u00a0<\/strong><\/p>\n<p><strong>Voici le lien :\u00a0<\/strong><a href=\"https:\/\/www.helloasso.com\/associations\/les-etoiles-multicolores\/collectes\/soutien-au-cirque-tzigane-romanes\"><strong>https:\/\/www.helloasso.com\/associations\/les-etoiles-multicolores\/collectes\/soutien-au-cirque-tzigane-romanes<\/strong><\/a><\/p>\n<p><strong>\u00a0<\/strong><\/p>\n<p><strong>Ce que vous pouvez faire\u00a0:<\/strong><\/p>\n<p><strong>\u00a0<\/strong><\/p>\n<ul>\n<li><strong>apporter votre contribution \u00e0 notre souscription<\/strong><\/li>\n<\/ul>\n<p><strong>\u00a0<\/strong><\/p>\n<ul>\n<li><strong>en parler \u00e0 toutes les personnes sensibles \u00e0 la po\u00e9sie que vous connaissez, pour les inciter \u00e0 souscrire<\/strong><\/li>\n<\/ul>\n<p><strong>\u00a0<\/strong><\/p>\n<ul>\n<li><strong>\u2026 sans oublier le buzz sur les r\u00e9seaux sociaux<\/strong><\/li>\n<\/ul>\n<p><strong>&#8211; \u00e9crire quelques lignes invitant \u00e0 r\u00e9pondre \u00e0 notre appel<\/strong><\/p>\n<p><strong>\u00a0<\/strong><\/p>\n<p><strong>&#8211; si vous \u00eates journaliste inviter ou interviewer Alexandre Roman\u00e8s dans votre \u00e9mission ou dans votre journal, tant pour d\u00e9fendre l&rsquo;existence du Cirque Tzigane Roman\u00e8s que parler de notre culture qui est menac\u00e9e ? <\/strong><\/p>\n<p><strong>&#8211; Nous faire d\u2019autres suggestions ou propositions car nous ne pensons pas \u00e0 tout\u00a0!\u00a0<\/strong><\/p>\n<p>,<\/p>\n<p>Nous sommes Artistes\u00a0ET\u00a0Tziganes, voulant r\u00e9sister \u00e0 ce\u00a0 climat de peur. On s&rsquo;adresse \u00e0 vous,individus, \u00a0pour nous aider \u00e0 maintenir notre petite flamme contre les haines et contre l&rsquo;obscurit\u00e9 \u2026<strong> Nous ne pouvons r\u00e9sister et r\u00e9ussir \u00e0 rester debout, que gr\u00e2ce \u00e0 votre soutien\u00a0!<\/strong><\/p>\n<p>&nbsp;<\/p>\n<p>&nbsp;<\/p>\n<p>&nbsp;<\/p>\n<p>Nous luttons pour jouer notre spectacle\u00a0jusqu&rsquo;au fin avril 2016 \u00a0\u00bb La Lune tzigane brille plus que le Soleil ! \u00a0\u00bb<\/p>\n<p>venez nous voir \u00e7a me ferait plaisir de vous accueillir avec votre famille sous notre petit chapiteau !<\/p>\n<p>&nbsp;<\/p>\n<p>Merci d\u2019avance pour l\u2019attention que vous nous portez,<\/p>\n<p>Je vous embrasse avec le coeur,<\/p>\n<p>D\u00e9lia Roman\u00e8s<\/p>\n<p>06 99 19 49 59<\/p>\n<p><strong>\u00a0<\/strong><\/p>\n<p><strong>Appel aux dons, ici:\u00a0 <a href=\"https:\/\/www.helloasso.com\/associations\/les-etoiles-multicolores\/collectes\/soutien-au-cirque-tzigane-romanes\">https:\/\/www.helloasso.com\/associations\/les-etoiles-multicolores\/collectes\/soutien-au-cirque-tzigane-romanes<\/a>\u00a0 \u00a0<\/strong><\/p>\n<p>&nbsp;<\/p>\n<p>Lieu du spectacle\u00a0:<\/p>\n<p>Chapiteau du Cirque Tzigane Roman\u00e8s<\/p>\n<p>Au Square Parodi, en face du 31 Bd de l\u2019Amiral-Bruix<\/p>\n<p>A Porte Maillot ( Paris 16<sup>e<\/sup>) M\u00e9tro\u00a0: Porte Maillot ( Ligne 1 \u2013 sortie 5)<\/p>\n<p><strong>( Lien d\u2019Appel aux dons &#8211; visible aussi sur notre site\u00a0: <\/strong><a href=\"http:\/\/www.cirqueromanes.com\/\"><strong>www.cirqueromanes.com<\/strong><\/a><strong> \u00a0)<\/strong><\/p>\n<p>&nbsp;<\/p>\n<p>&nbsp;<\/p>\n<p>( 1) Comme vous le savez peut-\u00eatre d\u00e9j\u00e0 nous avons subi\u00a0depuis notre installation sur notre nouveau site (Paris 16<sup>e<\/sup>):\u00a0la haine des manifestants fascistes qui ont bloqu\u00e9s notre cirque, les attaques racistes, les actes de vandalisme (portes et fen\u00eatres de nos caravanes d\u00e9fonc\u00e9es, canalisations d\u2019eau perc\u00e9es, notre mat\u00e9riel sons et lumi\u00e8res, nos costumes de sc\u00e8ne et nos instruments de musique vol\u00e9s\u2026)<\/p>\n","protected":false},"excerpt":{"rendered":"<p>&nbsp; &nbsp; &nbsp; Le monde est injuste,cruel. Comment faire pour qu&rsquo;il aille mieux? C&rsquo;est tr\u00e8s simple, en agissant d\u00e9j\u00e0 l\u00e0 o\u00f9 vous \u00eates, en \u00e9tant solidaire. Aujourd&rsquo;hui vous avez une belle occasion de d\u00e9fendre la po\u00e9sie, la beaut\u00e9 en vous portant au secours d&rsquo;un cirque merveilleux,menac\u00e9 dans son existence. Vite lisez le comuniqu\u00e9 de Delia [&hellip;]<\/p>\n","protected":false},"author":1,"featured_media":9297,"comment_status":"open","ping_status":"open","sticky":false,"template":"","format":"standard","meta":[],"categories":[705,718,702],"tags":[104,585,1165],"_links":{"self":[{"href":"https:\/\/cafaitdesordre.com\/blog\/wp-json\/wp\/v2\/posts\/9294"}],"collection":[{"href":"https:\/\/cafaitdesordre.com\/blog\/wp-json\/wp\/v2\/posts"}],"about":[{"href":"https:\/\/cafaitdesordre.com\/blog\/wp-json\/wp\/v2\/types\/post"}],"author":[{"embeddable":true,"href":"https:\/\/cafaitdesordre.com\/blog\/wp-json\/wp\/v2\/users\/1"}],"replies":[{"embeddable":true,"href":"https:\/\/cafaitdesordre.com\/blog\/wp-json\/wp\/v2\/comments?post=9294"}],"version-history":[{"count":1,"href":"https:\/\/cafaitdesordre.com\/blog\/wp-json\/wp\/v2\/posts\/9294\/revisions"}],"predecessor-version":[{"id":9298,"href":"https:\/\/cafaitdesordre.com\/blog\/wp-json\/wp\/v2\/posts\/9294\/revisions\/9298"}],"wp:featuredmedia":[{"embeddable":true,"href":"https:\/\/cafaitdesordre.com\/blog\/wp-json\/wp\/v2\/media\/9297"}],"wp:attachment":[{"href":"https:\/\/cafaitdesordre.com\/blog\/wp-json\/wp\/v2\/media?parent=9294"}],"wp:term":[{"taxonomy":"category","embeddable":true,"href":"https:\/\/cafaitdesordre.com\/blog\/wp-json\/wp\/v2\/categories?post=9294"},{"taxonomy":"post_tag","embeddable":true,"href":"https:\/\/cafaitdesordre.com\/blog\/wp-json\/wp\/v2\/tags?post=9294"}],"curies":[{"name":"wp","href":"https:\/\/api.w.org\/{rel}","templated":true}]}}