{"id":9192,"date":"2015-12-28T18:17:35","date_gmt":"2015-12-28T17:17:35","guid":{"rendered":"http:\/\/cafaitdesordre.com\/blog\/?p=9192"},"modified":"2016-12-21T11:11:28","modified_gmt":"2016-12-21T10:11:28","slug":"tetes-de-lart-contre-la-decheance","status":"publish","type":"post","link":"https:\/\/cafaitdesordre.com\/blog\/2015\/12\/tetes-de-lart-contre-la-decheance\/","title":{"rendered":"T\u00eates de l&rsquo;art contre  la d\u00e9ch\u00e9ance"},"content":{"rendered":"<p>&nbsp;<\/p>\n<p><strong>Non \u00e0 la d\u00e9ch\u00e9ance de nationalit\u00e9<\/strong><\/p>\n<p>Sam Khebizi, est le directeur de l&rsquo;association \u00ab\u00a0les T\u00eates de l&rsquo;Art\u00a0 \u00e0 Marseille. Il vient de lancer une p\u00e9tition sur change.org en expliquant pourquoi il est vital de ne pas laisser nos gouvernants franchir la ligne rouge.<\/p>\n<p>Vous \u00eates non seulement invit\u00e9s \u00e0 signer mais aussi \u00e0 interpeller vos d\u00e9put\u00e9s. les mails sont disponibles sur le site. Contre l&rsquo;indignit\u00e9 il est possible et indispensable de faire monter la pression. Chacun de nos responsables politiques doit comprendre qu&rsquo;il a des comptes \u00e0 rendre. C&rsquo;est \u00e0 nous de contribuer \u00e0 l&rsquo;am\u00e9lioration du personnel politique. Pleurer sur sa m\u00e9diocrit\u00e9 est un leurre .<\/p>\n<p>( 1)<br \/>\n<strong>Pourquoi cette p\u00e9tition inti\u00e9e par Sam Khebizi<br \/>\n<\/strong><\/p>\n<p>&nbsp;<\/p>\n<div class=\"mbl\">\n<div class=\"type-break-word type-large description\">\n<div class=\"rte js-description-content\">\n<p>A la suite des attentats du 13 novembre dernier, le chef de l\u2019Etat a voulu marquer sa fermet\u00e9 face \u00e0 une violence exceptionnelle par son ampleur. Pourtant, on peut \u00e9galement penser qu\u2019au-del\u00e0 de la posture, il y a tout simplement une\u00a0strat\u00e9gie politique\u00a0dangereuse en r\u00e9ponse\u00a0\u00e0 des\u00a0\u00a0\u00e9lections r\u00e9gionales\u00a0dramatiques pour l&rsquo;avenir des partis r\u00e9publicains.<\/p>\n<p><strong>Que cache r\u00e9ellement la r\u00e9forme constitutionnelle relative \u00e0 la d\u00e9ch\u00e9ance de nationalit\u00e9\u00a0?<\/strong>\u00a0Annonc\u00e9 comme un outil suppl\u00e9mentaire de lutte contre le terrorisme, le texte propose, entre autres, de d\u00e9choir un fran\u00e7ais (m\u00eame n\u00e9 en France) de sa nationalit\u00e9 fran\u00e7aise en cas de crime ou d\u00e9lit constituant un acte de terrorisme dans le cas o\u00f9 ce m\u00eame fran\u00e7ais poss\u00e8derait une seconde nationalit\u00e9.<\/p>\n<p>Les probl\u00e8mes que posent ce texte sont les suivants\u00a0:<\/p>\n<p><strong>1)\u00a0\u00a0\u00a0\u00a0\u00a0 Une mesure inefficace.<\/strong>\u00a0L\u2019efficacit\u00e9 d\u2019une pareille mesure pour lutter contre le terrorisme n\u2019est absolument pas prouv\u00e9e. C\u2019est une mesure d\u00e9magogique et plac\u00e9bo pour tenter de rassurer un peuple inquiet. Il ne prot\u00e8gera en aucun cas de nouvelles attaques. La nationalit\u00e9 n\u2019a rien avoir avec le terrorisme et il n\u2019existe pas de passeport \u00ab\u00a0franco-terroriste\u00a0\u00bb \u00e0 ce jour. L&rsquo;arsenal des nombreuses mesures anti-terroristes est d\u00e9j\u00e0 largement suffisant pour r\u00e9pondre \u00e0 cette menace.<\/p>\n<p><strong>2)\u00a0\u00a0\u00a0\u00a0\u00a0 Une mesure discriminatoire.<\/strong>\u00a0Cette mesure remet en cause le principe de droit du sol et grave dans la Constitution l\u2019existence de plusieurs cat\u00e9gories de citoyens dans notre pays. Elle ne concerne donc pas uniquement les binationaux car elle porte atteinte \u00e0 notre vision historique de la Nation fran\u00e7aise, une et indivisible. Binational ou pas, tout citoyen fran\u00e7ais attach\u00e9 \u00e0 nos valeurs fondamentales se doit de s\u2019insurger contre une telle r\u00e9forme. Notre diversit\u00e9 culturelle souffre bien assez de discriminations dans la r\u00e9alit\u00e9 quotidienne pour qu\u2019on s\u2019autorise \u00e0 les inscrire dans la Constitution.<\/p>\n<p><strong>3)\u00a0\u00a0\u00a0\u00a0\u00a0 Une mesure stigmatisante.<\/strong>\u00a0Ce texte est une insulte \u00e0 l\u2019ensemble des binationaux vivant en France ou \u00e0 l\u2019\u00e9tranger soit plus de 4 millions de personnes. Car la bi nationalit\u00e9 concerne aussi les fran\u00e7ais install\u00e9s \u00e0 l\u2019\u00e9tranger et qui ont acquis en plus de la nationalit\u00e9 fran\u00e7aise, la nationalit\u00e9 du pays o\u00f9 ils se sont install\u00e9s. Cette mesure stigmatise les binationaux en faisant de leur double culture un facteur de risque plut\u00f4t que de richesse. C\u2019est aussi une mesure hypocrite parce qu\u2019en r\u00e9alit\u00e9 elle vise plus particuli\u00e8rement les binationaux de confession musulmane qui ont d\u00e9j\u00e0 bien assez de soucis avec les amalgames du fait d\u2019une infime minorit\u00e9 d\u2019extr\u00e9mistes radicaux.<\/p>\n<p><strong>4)\u00a0\u00a0\u00a0\u00a0\u00a0 Une mesure digne de l\u2019extr\u00eame droite<\/strong>.\u00a0Il est inadmissible, inconcevable que le gouvernement actuel puisse faire voter un texte port\u00e9 de longue date par le Front National et la droite extr\u00eame. Il y a des limites au n\u2019importe quoi. Un gouvernement socialiste ne peut pas, et surtout ne doit pas voter une mesure FN.<\/p>\n<p>Je compte donc sur vous pour signer rapidement la p\u00e9tition sur le lien suivant<\/p>\n<p><a href=\"http:\/\/P\u00e9tition D\u00e9ch\u00e9ance de nationalit\u00e9: Ne pas franchir la ligne rouge...\">P\u00e9tition D\u00e9ch\u00e9ance de nationalit\u00e9: Ne pas franchir la ligne rouge&#8230;<\/a><\/p>\n<p>&nbsp;<\/p>\n<p><strong>Je vous invite donc, au del\u00e0 de la signature de cette p\u00e9tition et son relais, \u00e0 interpeller votre entourage mais \u00e9galement l\u2019ensemble des d\u00e9put\u00e9s sur cette mesure qui risque d\u2019\u00eatre vot\u00e9e dans le plus grand d\u00e9sint\u00e9r\u00eat. Le changement d\u2019attitude face \u00e0 ce s\u00e9isme politique doit commencer par nous, en renfor\u00e7ant notre capacit\u00e9 de vigilance et d\u2019interpellation.<\/strong><\/p>\n<p><strong>Vous trouverez\u00a0<a href=\"https:\/\/wiki.laquadrature.net\/Contactez_vos_d%C3%A9put%C3%A9s\" target=\"_blank\" rel=\"nofollow\">ici<\/a>\u00a0les adresses mail des d\u00e9put\u00e9s.<\/strong><\/p>\n<\/div>\n<\/div>\n<\/div>\n<div id=\"petition-letter\" class=\"box box-basic box-shadow pas mbn\">\n<div class=\"type-smaller type-badge type-weak\">Adress\u00e9e \u00e0<\/div>\n<div class=\"type-face-serif\">\n<div class=\"type-small type-weak mtxs mbl\">\n<div>gouvernement<\/div>\n<div>D\u00e9putes<\/div>\n<div>Medias<\/div>\n<div><span class=\"link js-show-more-dms\">et 2 autres<\/span><\/div>\n<div class=\"hide-visually js-more-dms\">\n<div>citoyens<\/div>\n<div>associations<\/div>\n<\/div>\n<\/div>\n<div class=\"hide-overflow\" data-view-attached=\"true\" data-view=\"components\/ellipsis\" data-read_more=\"&lt;div class=&quot;mask-text mask-text-brighter js-read-more&quot;&gt;&lt;div class=&quot;text-bar text-bar-right man&quot;&gt;&lt;a class=&quot;link-stealth text&quot;&gt;Plus d&amp;#x27;informations&amp;nbsp;&lt;div class=&quot;symbol symbol-bracket-down symbol-xxs symbol-compact&quot;&gt;&lt;\/div&gt;&lt;\/a&gt;&lt;\/div&gt;&lt;\/div&gt;\" data-tolerance=\"20\" data-ellipsis=\"\" data-height=\"100\" data-_block=\"DECHEANCE DE NATIONALITE: NE PAS FRANCHIR LA LIGNE ROUGE...\"><span class=\"dotdotdot \">DECHEANCE DE NATIONALITE: NE PAS FRANCHIR LA LIGNE ROUGE&#8230;<\/span><\/div>\n<\/div>\n<\/div>\n<div class=\"hide-overflow\" data-view-attached=\"true\" data-view=\"components\/ellipsis\" data-read_more=\"&lt;div class=&quot;mask-text mask-text-brighter js-read-more&quot;&gt;&lt;div class=&quot;text-bar text-bar-right man&quot;&gt;&lt;a class=&quot;link-stealth text&quot;&gt;Plus d&amp;#x27;informations&amp;nbsp;&lt;div class=&quot;symbol symbol-bracket-down symbol-xxs symbol-compact&quot;&gt;&lt;\/div&gt;&lt;\/a&gt;&lt;\/div&gt;&lt;\/div&gt;\" data-tolerance=\"20\" data-ellipsis=\"\" data-height=\"100\" data-_block=\"DECHEANCE DE NATIONALITE: NE PAS FRANCHIR LA LIGNE ROUGE...\"><\/div>\n<div class=\"hide-overflow\" data-view-attached=\"true\" data-view=\"components\/ellipsis\" data-read_more=\"&lt;div class=&quot;mask-text mask-text-brighter js-read-more&quot;&gt;&lt;div class=&quot;text-bar text-bar-right man&quot;&gt;&lt;a class=&quot;link-stealth text&quot;&gt;Plus d&amp;#x27;informations&amp;nbsp;&lt;div class=&quot;symbol symbol-bracket-down symbol-xxs symbol-compact&quot;&gt;&lt;\/div&gt;&lt;\/a&gt;&lt;\/div&gt;&lt;\/div&gt;\" data-tolerance=\"20\" data-ellipsis=\"\" data-height=\"100\" data-_block=\"DECHEANCE DE NATIONALITE: NE PAS FRANCHIR LA LIGNE ROUGE...\"><strong>\u00a0<\/strong><\/div>\n<div class=\"hide-overflow\" data-view-attached=\"true\" data-view=\"components\/ellipsis\" data-read_more=\"&lt;div class=&quot;mask-text mask-text-brighter js-read-more&quot;&gt;&lt;div class=&quot;text-bar text-bar-right man&quot;&gt;&lt;a class=&quot;link-stealth text&quot;&gt;Plus d&amp;#x27;informations&amp;nbsp;&lt;div class=&quot;symbol symbol-bracket-down symbol-xxs symbol-compact&quot;&gt;&lt;\/div&gt;&lt;\/a&gt;&lt;\/div&gt;&lt;\/div&gt;\" data-tolerance=\"20\" data-ellipsis=\"\" data-height=\"100\" data-_block=\"DECHEANCE DE NATIONALITE: NE PAS FRANCHIR LA LIGNE ROUGE...\"><\/div>\n<div class=\"hide-overflow\" data-view-attached=\"true\" data-view=\"components\/ellipsis\" data-read_more=\"&lt;div class=&quot;mask-text mask-text-brighter js-read-more&quot;&gt;&lt;div class=&quot;text-bar text-bar-right man&quot;&gt;&lt;a class=&quot;link-stealth text&quot;&gt;Plus d&amp;#x27;informations&amp;nbsp;&lt;div class=&quot;symbol symbol-bracket-down symbol-xxs symbol-compact&quot;&gt;&lt;\/div&gt;&lt;\/a&gt;&lt;\/div&gt;&lt;\/div&gt;\" data-tolerance=\"20\" data-ellipsis=\"\" data-height=\"100\" data-_block=\"DECHEANCE DE NATIONALITE: NE PAS FRANCHIR LA LIGNE ROUGE...\">\n<div data-canvas-width=\"556.1999999999999\">(1)<\/p>\n<div id=\"pageContainer2\" class=\"page\" data-loaded=\"true\" data-page-number=\"2\">\n<div class=\"textLayer\">\n<div data-canvas-width=\"659.9833333333332\">Fond\u00e9e en 1996, les T\u00eates de l\u2019Art, association de m\u00e9diation artistique, est sp\u00e9cialis\u00e9e dans<\/div>\n<div data-canvas-width=\"484.38333333333327\">l\u2019ing\u00e9nierie et l\u2019accompagnement de projets artistiques participatifs.<\/div>\n<div data-canvas-width=\"341.9\">Les T\u00eates de l\u2019Art est une association interface,<\/div>\n<div data-canvas-width=\"459.0966666666667\">d\u2019appui technique au montage de projets culturels participatifs.<\/div>\n<div data-canvas-width=\"543.0749999999999\">L\u2019objet initial de l\u2019association est de rendre l\u2019art accessible \u00e0 tous, d\u2019\u00eatre des<\/div>\n<div data-canvas-width=\"115.79166666666667\">\u00ab d\u00e9clencheurs<\/div>\n<div data-canvas-width=\"55.108333333333334\">d\u2019arts \u00bb<\/div>\n<div data-canvas-width=\"556.1999999999999\">en intervenant dans le montage de projets artistiques. L\u2019association cr\u00e9e des<\/div>\n<div data-canvas-width=\"145.66666666666663\">passerelles entre un<\/div>\n<div data-canvas-width=\"463.00649999999985\">r\u00e9seau pluridisciplinaire d\u2019artistes et des porteurs de projets collectifs<\/div>\n<div data-canvas-width=\"624.6300000000001\">(dans les secteurs de l\u2019\u00e9ducation, la formation, la pr\u00e9vention, l\u2019insertion, la sant\u00e9 etc.).<\/div>\n<div data-canvas-width=\"496.29499999999996\">Elle accompagne les porteurs de projet \u00e0 le concevoir puis intervient<\/div>\n<div data-canvas-width=\"576.5499999999998\">dans la mise en \u0153uvre, la valorisation et l\u2019\u00e9valuation des actions ainsi mont\u00e9es.<\/div>\n<div data-canvas-width=\"310.9033333333333\">Aujourd\u2019hui, l\u2019association coordonne pr\u00e8s de<\/div>\n<div data-canvas-width=\"64.77166666666666\">50 projets<\/div>\n<div data-canvas-width=\"145.94166666666666\">par an pour plus de<\/div>\n<div data-canvas-width=\"36.3\">3 000<\/div>\n<div data-canvas-width=\"95.73333333333333\">b\u00e9n\u00e9ficiaires.<\/div>\n<div data-canvas-width=\"130.0583333333333\">A la crois\u00e9e entre<\/div>\n<div data-canvas-width=\"416.27666666666664\">la culture, l\u2019\u00e9ducation populaire, l\u2019\u00e9conomie sociale et solidaire<\/div>\n<div><\/div>\n<div data-canvas-width=\"101.7033333333333\">l\u2019association<\/div>\n<div data-canvas-width=\"608.8233333333335\">d\u00e9veloppe \u00e9galement un axe fort autour de la mutualisation de mat\u00e9riels, d\u2019espace,<\/div>\n<div data-canvas-width=\"245.12499999999997\">d\u2019informations et de comp\u00e9tences<\/div>\n<div data-canvas-width=\"341.75499999999994\">Nos valeurs s\u2019appuient sur trois principes forts :<\/div>\n<div data-canvas-width=\"332.563\">Accorder \u00e9thique associative et professionnalisme<\/div>\n<div data-canvas-width=\"356.2496666666667\">Valoriser les principes de mutualisation et d\u2019\u00e9changes<\/div>\n<div data-canvas-width=\"124.39166666666664\">Aider sans assister<\/div>\n<div data-canvas-width=\"666.865\">D\u2019un projet atypique et exp\u00e9rimental, le mod\u00e8le de fonctionnement de l\u2019association devient,<\/div>\n<div data-canvas-width=\"584.4866666666667\">ann\u00e9e apr\u00e8s ann\u00e9e, une r\u00e9f\u00e9rence dans les domaines de la m\u00e9diation artistique,<\/div>\n<div data-canvas-width=\"424.7749999999999\">de l\u2019animation de r\u00e9seau et de la mutualisation associative.<\/div>\n<\/div>\n<\/div>\n<div id=\"pageContainer3\" class=\"page\" data-loaded=\"true\" data-page-number=\"3\"><\/div>\n<\/div>\n<div data-canvas-width=\"556.1999999999999\"><\/div>\n<div data-canvas-width=\"556.1999999999999\"><\/div>\n<div data-canvas-width=\"556.1999999999999\"><\/div>\n<\/div>\n","protected":false},"excerpt":{"rendered":"<p>&nbsp; Non \u00e0 la d\u00e9ch\u00e9ance de nationalit\u00e9 Sam Khebizi, est le directeur de l&rsquo;association \u00ab\u00a0les T\u00eates de l&rsquo;Art\u00a0 \u00e0 Marseille. Il vient de lancer une p\u00e9tition sur change.org en expliquant pourquoi il est vital de ne pas laisser nos gouvernants franchir la ligne rouge. Vous \u00eates non seulement invit\u00e9s \u00e0 signer mais aussi \u00e0 interpeller [&hellip;]<\/p>\n","protected":false},"author":1,"featured_media":9193,"comment_status":"open","ping_status":"open","sticky":false,"template":"","format":"standard","meta":[],"categories":[718,701],"tags":[1120,666,1123,1122,1121,811,1125,1118,1126,1119,1124],"_links":{"self":[{"href":"https:\/\/cafaitdesordre.com\/blog\/wp-json\/wp\/v2\/posts\/9192"}],"collection":[{"href":"https:\/\/cafaitdesordre.com\/blog\/wp-json\/wp\/v2\/posts"}],"about":[{"href":"https:\/\/cafaitdesordre.com\/blog\/wp-json\/wp\/v2\/types\/post"}],"author":[{"embeddable":true,"href":"https:\/\/cafaitdesordre.com\/blog\/wp-json\/wp\/v2\/users\/1"}],"replies":[{"embeddable":true,"href":"https:\/\/cafaitdesordre.com\/blog\/wp-json\/wp\/v2\/comments?post=9192"}],"version-history":[{"count":3,"href":"https:\/\/cafaitdesordre.com\/blog\/wp-json\/wp\/v2\/posts\/9192\/revisions"}],"predecessor-version":[{"id":9196,"href":"https:\/\/cafaitdesordre.com\/blog\/wp-json\/wp\/v2\/posts\/9192\/revisions\/9196"}],"wp:featuredmedia":[{"embeddable":true,"href":"https:\/\/cafaitdesordre.com\/blog\/wp-json\/wp\/v2\/media\/9193"}],"wp:attachment":[{"href":"https:\/\/cafaitdesordre.com\/blog\/wp-json\/wp\/v2\/media?parent=9192"}],"wp:term":[{"taxonomy":"category","embeddable":true,"href":"https:\/\/cafaitdesordre.com\/blog\/wp-json\/wp\/v2\/categories?post=9192"},{"taxonomy":"post_tag","embeddable":true,"href":"https:\/\/cafaitdesordre.com\/blog\/wp-json\/wp\/v2\/tags?post=9192"}],"curies":[{"name":"wp","href":"https:\/\/api.w.org\/{rel}","templated":true}]}}