{"id":8404,"date":"2015-04-20T23:35:45","date_gmt":"2015-04-20T21:35:45","guid":{"rendered":"http:\/\/cafaitdesordre.com\/blog\/?p=8404"},"modified":"2016-12-21T17:38:15","modified_gmt":"2016-12-21T16:38:15","slug":"oh-les-beaux-jours","status":"publish","type":"post","link":"https:\/\/cafaitdesordre.com\/blog\/2015\/04\/oh-les-beaux-jours\/","title":{"rendered":"Oh les beaux Jours !"},"content":{"rendered":"<p>&nbsp;<\/p>\n<p><strong>Oh les beaux Jours\u00a0!<\/strong><\/p>\n<p>&nbsp;<\/p>\n<p>Du 4 au 5 Avril La Boucherie litt\u00e9raire et la Mairie de Cadenet faisaient salon: Les beaux jours de la petite \u00e9dition , 5<sup>\u00e8me<\/sup> ann\u00e9e. Juste le bonheur.<\/p>\n<p>Est-ce possible de tout pr\u00e9voir sans jamais \u00e9gratigner la libert\u00e9 de qui que ce soit\u00a0?<\/p>\n<p>Est-ce possible d\u2019\u00e9diter des livres pour l\u2019amour des textes, le plaisir des yeux et du toucher \u00e0 200, 300 exemplaires\u00a0?<\/p>\n<p>Les responsables de ces maisons d\u2019\u00e9dition qui doivent tout faire sans rien d\u00e9l\u00e9guer sont-ils encore des individus fr\u00e9quentables\u00a0?<\/p>\n<p>Toutes ces questions int\u00e9ressent-elles d\u2019autres fondus que ceux qui \u00e9ditent ces livres\u00a0?<\/p>\n<div id=\"attachment_8412\" style=\"width: 210px\" class=\"wp-caption alignleft\"><a href=\"http:\/\/cafaitdesordre.com\/blog\/wp-content\/uploads\/2015\/04\/SBtXe3CT-9CsfE6ZCaku2ZgwCmoc4_Eo0vMUSHrUj3M1.jpg\"><img aria-describedby=\"caption-attachment-8412\" decoding=\"async\" loading=\"lazy\" class=\"size-medium wp-image-8412\" src=\"http:\/\/cafaitdesordre.com\/blog\/wp-content\/uploads\/2015\/04\/SBtXe3CT-9CsfE6ZCaku2ZgwCmoc4_Eo0vMUSHrUj3M1-200x300.jpg\" alt=\"photos Pascale Goze\" width=\"200\" height=\"300\" srcset=\"https:\/\/cafaitdesordre.com\/blog\/wp-content\/uploads\/2015\/04\/SBtXe3CT-9CsfE6ZCaku2ZgwCmoc4_Eo0vMUSHrUj3M1-200x300.jpg 200w, https:\/\/cafaitdesordre.com\/blog\/wp-content\/uploads\/2015\/04\/SBtXe3CT-9CsfE6ZCaku2ZgwCmoc4_Eo0vMUSHrUj3M1.jpg 533w\" sizes=\"(max-width: 200px) 100vw, 200px\" \/><\/a><p id=\"caption-attachment-8412\" class=\"wp-caption-text\">photos Pascale Goze<\/p><\/div>\n<p>Le g\u00e9niteur de ce salon se nomme Antoine Gallardo, le fameux boucher du Lub\u00e9ron. D\u00e9j\u00e0 de par ses initiales AG\u00a0 ( assembl\u00e9e g\u00e9n\u00e9rale ) est multiple et le travail r\u00e9alis\u00e9 est stup\u00e9fiant. En toute discr\u00e9tion et pudeur, il capable de tout organiser, exposants, logement, transport, d\u00e9bats, lectures, miam miam, boissons diverses, rhum de toutes les couleurs, etc , faisant en sorte que chacun , \u00e0 son rythme, puisse go\u00fbter aux plaisirs de la d\u00e9couverte, de la rencontre, de l\u2019\u00e9change et du moment pr\u00e9sent. Bien s\u00fbr, pendant ces deux jours AG n\u2019est pas seul, la merveilleuse Ivy et d\u2019autres b\u00e9n\u00e9voles accueillent les visiteurs avec autant de gr\u00e2ce que de gentillesse.<\/p>\n<p>On en vient \u00e0 penser que la densit\u00e9, la fantaisie et le professionnalisme rigoureux des \u00e9diteurs pr\u00e9sents , 32 pour 35 exposants est aussi sensible, appr\u00e9hendable que la qualit\u00e9 litt\u00e9raire ou po\u00e9tique de leurs auteurs. Et c\u2019est aussi \u00e0 cette aune qu\u2019il faut mesurer la qualit\u00e9 du salon. Un fr\u00e9missement nous prend\u00a0: Un livre pourrait bien avoir plusieurs auteurs\u00a0! Celui ou celle qui \u00e9crit, le lecteur, la lectrice, l\u2019\u00e9diteur, l\u2019\u00e9ditrice.(1)<\/p>\n<p>Oh la belle d\u00e9couverte\u00a0!!! cela est vrai depuis la nuit des temps. Certes, mais on n\u2019en parle pas. Le m\u00e9rite de ce salon est bien de mettre \u00e0 l\u2019honneur le talent litt\u00e9raire, po\u00e9tique, artisanal des accoucheurs de livres et donc d\u2019encourager des vocations nouvelles.<\/p>\n<p><a href=\"http:\/\/cafaitdesordre.com\/blog\/wp-content\/uploads\/2015\/04\/D0AxApGuofQCl1oo2HlVsm1ClGYBvATXsNaMHXAvT_k.jpg\"><img decoding=\"async\" loading=\"lazy\" class=\"alignleft size-medium wp-image-8406\" src=\"http:\/\/cafaitdesordre.com\/blog\/wp-content\/uploads\/2015\/04\/D0AxApGuofQCl1oo2HlVsm1ClGYBvATXsNaMHXAvT_k-300x200.jpg\" alt=\"D0AxApGuofQCl1oo2HlVsm1ClGYBvATXsNaMHXAvT_k\" width=\"300\" height=\"200\" srcset=\"https:\/\/cafaitdesordre.com\/blog\/wp-content\/uploads\/2015\/04\/D0AxApGuofQCl1oo2HlVsm1ClGYBvATXsNaMHXAvT_k-300x200.jpg 300w, https:\/\/cafaitdesordre.com\/blog\/wp-content\/uploads\/2015\/04\/D0AxApGuofQCl1oo2HlVsm1ClGYBvATXsNaMHXAvT_k.jpg 800w\" sizes=\"(max-width: 300px) 100vw, 300px\" \/><\/a>Les nouvelles technologies, associ\u00e9es au talent et \u00e0 la volont\u00e9 sans faille d\u2019artisans qu\u2019aucune corv\u00e9e, obstacles , n\u2019arr\u00eate, ont leur part dans cette r\u00e9ussite. Mais c\u2019est en priorit\u00e9 l\u2019originalit\u00e9 de d\u00e9marches aussi volontaristes que susceptibles de capter l\u2019al\u00e9atoire qui retient l\u2019attention. Ici \u00e0 Cadenet ce n\u2019est pas la secte de ceux qui savent tout, la cohorte des sp\u00e9cialistes des vocations manqu\u00e9es et de l\u2019entre soi qui est r\u00e9unie. Ici la fluidit\u00e9 des \u00e9changes, l\u2019exigence bienveillante de tous, force \u00e0 comprendre qu\u2019en 2015, petite \u00e9dition ne signifie pas ,petite litt\u00e9rature, petite po\u00e9sie, bien au contraire.<\/p>\n<p>&nbsp;<\/p>\n<p>&nbsp;<\/p>\n<p>Toute personne aimant lire passionn\u00e9ment ou tout lecteur occasionnel peut donc saisir l\u2019importance qu\u2019il y a \u00e0 exercer sa curiosit\u00e9, \u00e0 prendre des risques pour que vive la diversit\u00e9, la pluralit\u00e9 des expressions litt\u00e9raires et po\u00e9tiques.<\/p>\n<p>Dans un prochain article sur Cadenet on parlera plus sp\u00e9cifiquement des livres, mais aujourd\u2019hui honneur aux \u00e9diteurs. J\u2019ai d\u00e9j\u00e0 eu la chance de faire le voyage avec deux \u00e9ditrices ne manquant pas de personnalit\u00e9\u00a0: L\u2019une est Virginie Symaniec \u00ab\u00a0 les \u00e9ditions du Ver \u00e0 soie\u00a0\u00bb. Ard\u00e9choise et bi\u00e9lorusse, elle est historienne et bien d\u00e9cid\u00e9e \u00e0 travers les exils, \u00e0 d\u00e9fendre la pluralit\u00e9 et richesses des cultures de l\u2019est, l\u2019autre ,Pascale Goze, \u00ab\u00a0 \u00e9ditions Lunatique\u00a0\u00bb est bretonne d\u2019adoption, grande sp\u00e9cialiste de l\u2019auto-d\u00e9rision et des chiens heureux. Elle \u00e9dite des po\u00e8tes mais aussi de futurs grands romanciers. Apr\u00e8s plus de 700 kms inspir\u00e9s, je ne m\u2019imaginais pas rencontrer d\u2019autres g\u00e9ants de la petite \u00e9dition et bien je me trompais. Ainsi\u00a0 et en totale subjectivit\u00e9:<\/p>\n<p>\u2026 Yves Artufel \u00ab\u00a0\u00e9ditions Gros textes \u00bb, Jean Louis Massot \u00ab\u00a0 Les carnets du dessert de lune\u00a0\u00bb tous deux r\u00e9v\u00e9rant Richard Brautignan. Fabrice Caracava \u00ab\u00a0 \u00e9ditions le dernier t\u00e9l\u00e9gramme\u00a0\u00bb funambule inspir\u00e9, capable de remplacer au pied lev\u00e9 le po\u00e8te Julien Blaine , etc. Il y en avait d\u2019autres, s\u00fbrement formidables. On parlera prochainement de leurs livres.<\/p>\n<p>Petite mise au point sans doute inutile. Mardi \u00e7a fait d\u00e9sordre parle rarement des gens gris, des romanciers \u00e9crivant \u00e0 la cha\u00eene . Chez nous quand on a envie de crier de bonheur, on ne se g\u00eane pas pour le faire. Nous sommes incapables d\u2019 \u00e9crire un article pour cirer les escarpins de nos copains. Que l\u2019on puisse avoir de l\u2019affection et envie de fr\u00e9quenter ceux que l\u2019on admire parce ce qu\u2019ils font un travail remarquable, ne nous parait en rien r\u00e9pr\u00e9hensible. Bien au contraire. Oh les beaux jours\u00a0!(2) Pour rien au monde, je ne manquerais l\u2019\u00e9dition 2016.<\/p>\n<p>&nbsp;<\/p>\n<p>Fran\u00e7ois Bernheim<\/p>\n<p>&nbsp;<\/p>\n<p>Voir sur internet\u00a0: la<strong>boucherielitteraire<\/strong>.eklablog.fr\/<\/p>\n<p>&nbsp;<\/p>\n<p>1\/ Un certain nombre de ces responsables \u00e9ditoriaux sont \u00e9galement des auteurs<\/p>\n<p>2\/ Merci\u00a0 \u00e0 Samuel Beckett qui h\u00e9las n&rsquo;a pu avoir l&rsquo;occasion de connaitre ce salon<\/p>\n<p>&nbsp;<\/p>\n<p>&nbsp;<\/p>\n","protected":false},"excerpt":{"rendered":"<p>&nbsp; Oh les beaux Jours\u00a0! &nbsp; Du 4 au 5 Avril La Boucherie litt\u00e9raire et la Mairie de Cadenet faisaient salon: Les beaux jours de la petite \u00e9dition , 5\u00e8me ann\u00e9e. Juste le bonheur. Est-ce possible de tout pr\u00e9voir sans jamais \u00e9gratigner la libert\u00e9 de qui que ce soit\u00a0? Est-ce possible d\u2019\u00e9diter des livres pour [&hellip;]<\/p>\n","protected":false},"author":1,"featured_media":8407,"comment_status":"open","ping_status":"open","sticky":false,"template":"","format":"standard","meta":[],"categories":[718,698,700],"tags":[568,797,799,801,802,800,806,567,796,798,804,803,805],"_links":{"self":[{"href":"https:\/\/cafaitdesordre.com\/blog\/wp-json\/wp\/v2\/posts\/8404"}],"collection":[{"href":"https:\/\/cafaitdesordre.com\/blog\/wp-json\/wp\/v2\/posts"}],"about":[{"href":"https:\/\/cafaitdesordre.com\/blog\/wp-json\/wp\/v2\/types\/post"}],"author":[{"embeddable":true,"href":"https:\/\/cafaitdesordre.com\/blog\/wp-json\/wp\/v2\/users\/1"}],"replies":[{"embeddable":true,"href":"https:\/\/cafaitdesordre.com\/blog\/wp-json\/wp\/v2\/comments?post=8404"}],"version-history":[{"count":3,"href":"https:\/\/cafaitdesordre.com\/blog\/wp-json\/wp\/v2\/posts\/8404\/revisions"}],"predecessor-version":[{"id":8413,"href":"https:\/\/cafaitdesordre.com\/blog\/wp-json\/wp\/v2\/posts\/8404\/revisions\/8413"}],"wp:featuredmedia":[{"embeddable":true,"href":"https:\/\/cafaitdesordre.com\/blog\/wp-json\/wp\/v2\/media\/8407"}],"wp:attachment":[{"href":"https:\/\/cafaitdesordre.com\/blog\/wp-json\/wp\/v2\/media?parent=8404"}],"wp:term":[{"taxonomy":"category","embeddable":true,"href":"https:\/\/cafaitdesordre.com\/blog\/wp-json\/wp\/v2\/categories?post=8404"},{"taxonomy":"post_tag","embeddable":true,"href":"https:\/\/cafaitdesordre.com\/blog\/wp-json\/wp\/v2\/tags?post=8404"}],"curies":[{"name":"wp","href":"https:\/\/api.w.org\/{rel}","templated":true}]}}