{"id":8239,"date":"2015-03-03T08:58:20","date_gmt":"2015-03-03T07:58:20","guid":{"rendered":"http:\/\/cafaitdesordre.com\/blog\/?p=8239"},"modified":"2017-08-01T11:01:18","modified_gmt":"2017-08-01T09:01:18","slug":"circule-petit-circule","status":"publish","type":"post","link":"https:\/\/cafaitdesordre.com\/blog\/2015\/03\/circule-petit-circule\/","title":{"rendered":"Circule petit, circule&#8230;."},"content":{"rendered":"<p><a href=\"http:\/\/cafaitdesordre.com\/blog\/wp-content\/uploads\/2015\/03\/Malik-Inter.jpg\"><img decoding=\"async\" loading=\"lazy\" class=\"alignleft size-medium wp-image-8240\" src=\"http:\/\/cafaitdesordre.com\/blog\/wp-content\/uploads\/2015\/03\/Malik-Inter-300x300.jpg\" alt=\"Malik-Inter\" width=\"300\" height=\"300\" \/><\/a>La voix singuli\u00e8re d\u2019Abd Al Malik est ancr\u00e9e dans nos \u00e9motions comme celle d\u2019un homme libre, capable de dire la beaut\u00e9 du monde, autant que la souffrance de l\u2019exploit\u00e9. Une voix po\u00e9litique, avec un corps, une \u00e2me en mouvement. Aujourd\u2019hui Abd Al Malik publie aux \u00e9ditions Indig\u00e8ne \u00ab\u00a0Place de la R\u00e9publique\u00a0\u00bb pour une spiritualit\u00e9 la\u00efque. \u00ab\u00a0Il n\u2019y a qu\u2019une seule communaut\u00e9 qui puisse primer sur les autres, c\u2019est la communaut\u00e9 humaine\u00a0\u00bb L\u2019auteur incarne le bon sens trop peu partag\u00e9, la g\u00e9n\u00e9rosit\u00e9, l\u2019amour de la vie et nous rappelle fort opportun\u00e9ment que la spiritualit\u00e9 avec ou sans dieu est ou devrait \u00eatre le lien indispensable entre les humains. Comment la R\u00e9publique fran\u00e7aise pourrait elle rester la r\u00e9publique si elle ostracise sans vergogne des millions de citoyens musulmans\u00a0? Abd Al Malik cite C\u00e9saire\u00a0\u00a0 affirmant que l\u2019occident s\u2019av\u00e9re incapable de r\u00e9soudre deux probl\u00e8mes majeurs\u00a0: le probl\u00e8me du prol\u00e9tariat et le probl\u00e8me colonial. Quand on voit la banlieue, les cit\u00e9s ostracis\u00e9s en permanence \u00e0 la une des m\u00e9dias, cette r\u00e9flexion prend tout son poids.<\/p>\n<p>Depuis les \u00e9v\u00e8nements de Janvier, les assassinats de l\u2019\u00e9quipe de Charlie Hebdo et des juifs du super march\u00e9 casher, j\u2019ai , autour de moi, entendu beaucoup de gens aussi intelligents que mod\u00e9r\u00e9s regretter que des dessins puissent offenser des millions d\u2019hommes et de femmes dans leurs croyances les plus profondes. Ces personnes n\u2019envisageaient en rien de porter atteinte \u00e0 la libert\u00e9 d\u2019expression. Abd Al Malik est de ceux l\u00e0.<\/p>\n<p>Alors que faire et surtout que penser\u00a0?<\/p>\n<p>D\u2019abord accepter la complexit\u00e9 des probl\u00e8mes, d\u00e9battre. Affirmer avec force la n\u00e9cessit\u00e9 de l\u2019\u00e9ducation, de la culture. Se souvenir du pass\u00e9, le confronter \u00e0 la r\u00e9alit\u00e9 d\u2019aujourd\u2019hui. Je me souviens que dans mon enfance en province dans les ann\u00e9es 50,<\/p>\n<p>on parlait des melons, crouilles, bicots plut\u00f4t que des arabes. Pourquoi aujourd\u2019hui parle t-on plus souvent des musulmans que des arabes\u00a0? Parce que les musulmans ne sont pas tous des arabes\u00a0? Certes, mais les glissements de vocabulaire ne sont pas innocents. La confusion de plus en plus fr\u00e9quente entre musulman et islamiste est l\u00e0 pour l\u2019attester. C\u2019est encore une fois Aim\u00e9 C\u00e9saire qui nous met sur la voie. Dans les m\u00e9dias le prol\u00e9tariat n\u2019existe plus, l\u2019arabe colonis\u00e9 non plus, l\u2019\u00e9vacuation de la question sociale ( voir l\u2019article sur ce blog sur le racisme et la domination de classe) a laiss\u00e9 la place aux fondamentalismes de tous bords. La religion devient donc le seul rep\u00e8re auquel on puisse se raccrocher. Que penser des manifestations de masse anti-Charlie dans des pays o\u00f9 l\u2019arbitraire, la barbarie s\u00e9vit \u00e0 longueur d\u2019ann\u00e9e\u00a0? Y-a-t-il l\u00e0 seulement d\u00e9fense de la foi\u00a0?<\/p>\n<p>Abd Al Malik a raison de d\u00e9fendre la complexit\u00e9 et une spiritualit\u00e9 ouverte \u00e0 tous, mais si on continue \u00e0 s\u2019interroger sur le bien fond\u00e9 de la caricature, ne faut \u2013il pas rappeler le fait colonial, le m\u00e9pris pour la question prol\u00e9taire\u00a0?<\/p>\n<p>Le drame de la caricature tient sans doute dans la rapidit\u00e9 de son efficacit\u00e9. Mais l\u00e0 o\u00f9 \u00e7a fait mal, ne faut-il pas expliquer, argumenter, mobiliser nos connaissances historiques\u00a0? Sachant que ce processus de reconstruction, \u00e0 l\u2019inverse de la caricature exige un temps infini. Pourquoi ne pourrait-on pas se moquer de toutes les religions et de leurs repr\u00e9sentants en respectant tous les croyants\u00a0?<\/p>\n<p>Abd Al Malik n\u2019a pas raison sur tout, mais l\u2019\u00e9couter, c\u2019est entendre un homme de foi qui nous abjure de retrouver, ensemble notre humanit\u00e9. Immense chantier.<\/p>\n<p>Fran\u00e7ois Bernheim<\/p>\n<p>&nbsp;<\/p>\n<p><strong>Abd Al Malik<\/strong><\/p>\n<p><strong>Place de la R\u00e9publique<\/strong><\/p>\n<p><strong>Pour une spiritualit\u00e9 la\u00efque<\/strong><\/p>\n<p><strong>Editions indig\u00e8ne<\/strong><\/p>\n<p>&nbsp;<\/p>\n<p>&nbsp;<\/p>\n<p>&nbsp;<\/p>\n<p><span style=\"border-radius: 2px; text-indent: 20px; width: auto; padding: 0px 4px 0px 0px; text-align: center; font: bold 11px\/20px 'Helvetica Neue',Helvetica,sans-serif; color: #ffffff; background: #bd081c  no-repeat scroll 3px 50% \/ 14px 14px; position: absolute; opacity: 1; z-index: 8675309; display: none; cursor: pointer;\">Enregistrer<\/span><\/p>\n","protected":false},"excerpt":{"rendered":"<p>La voix singuli\u00e8re d\u2019Abd Al Malik est ancr\u00e9e dans nos \u00e9motions comme celle d\u2019un homme libre, capable de dire la beaut\u00e9 du monde, autant que la souffrance de l\u2019exploit\u00e9. Une voix po\u00e9litique, avec un corps, une \u00e2me en mouvement. Aujourd\u2019hui Abd Al Malik publie aux \u00e9ditions Indig\u00e8ne \u00ab\u00a0Place de la R\u00e9publique\u00a0\u00bb pour une spiritualit\u00e9 la\u00efque. [&hellip;]<\/p>\n","protected":false},"author":1,"featured_media":8241,"comment_status":"open","ping_status":"open","sticky":false,"template":"","format":"standard","meta":[],"categories":[705,701,1],"tags":[691,593,161,695,620,530,694,692,693],"_links":{"self":[{"href":"https:\/\/cafaitdesordre.com\/blog\/wp-json\/wp\/v2\/posts\/8239"}],"collection":[{"href":"https:\/\/cafaitdesordre.com\/blog\/wp-json\/wp\/v2\/posts"}],"about":[{"href":"https:\/\/cafaitdesordre.com\/blog\/wp-json\/wp\/v2\/types\/post"}],"author":[{"embeddable":true,"href":"https:\/\/cafaitdesordre.com\/blog\/wp-json\/wp\/v2\/users\/1"}],"replies":[{"embeddable":true,"href":"https:\/\/cafaitdesordre.com\/blog\/wp-json\/wp\/v2\/comments?post=8239"}],"version-history":[{"count":2,"href":"https:\/\/cafaitdesordre.com\/blog\/wp-json\/wp\/v2\/posts\/8239\/revisions"}],"predecessor-version":[{"id":10169,"href":"https:\/\/cafaitdesordre.com\/blog\/wp-json\/wp\/v2\/posts\/8239\/revisions\/10169"}],"wp:featuredmedia":[{"embeddable":true,"href":"https:\/\/cafaitdesordre.com\/blog\/wp-json\/wp\/v2\/media\/8241"}],"wp:attachment":[{"href":"https:\/\/cafaitdesordre.com\/blog\/wp-json\/wp\/v2\/media?parent=8239"}],"wp:term":[{"taxonomy":"category","embeddable":true,"href":"https:\/\/cafaitdesordre.com\/blog\/wp-json\/wp\/v2\/categories?post=8239"},{"taxonomy":"post_tag","embeddable":true,"href":"https:\/\/cafaitdesordre.com\/blog\/wp-json\/wp\/v2\/tags?post=8239"}],"curies":[{"name":"wp","href":"https:\/\/api.w.org\/{rel}","templated":true}]}}