{"id":7961,"date":"2014-12-22T16:17:10","date_gmt":"2014-12-22T15:17:10","guid":{"rendered":"http:\/\/cafaitdesordre.com\/blog\/?p=7961"},"modified":"2017-01-10T13:49:23","modified_gmt":"2017-01-10T12:49:23","slug":"7961","status":"publish","type":"post","link":"https:\/\/cafaitdesordre.com\/blog\/2014\/12\/7961\/","title":{"rendered":"Divine patate"},"content":{"rendered":"<p><em>Je n&rsquo;ai pas encore lu( p)hommes de terre, personne ne peut donc m&rsquo;accuser de me laisser influencer par une lecture sous acide ou tout autre exp\u00e9dient cens\u00e9 ouvrir la porte de paradis artificiels. Mais mon nez, ma bouche , mes yeux mon ventre me disent que ce livre est g\u00e9nial. Il est clair, pour qui n&rsquo;est pas aveugle , qu&rsquo;ici se croisent en tourbillon, la faim la plus primaire, un enracinement d\u00e9moniaque et la capacit\u00e9 de danser avec les mots, les images ,les divines patates. pour qui a rencontr\u00e9 un fois l&rsquo;\u00e9diteur Antoine Gallardo, aucun doute n&rsquo;est possible l&rsquo;imaginaire tubercule n&rsquo;a rien de tuberculeux. La Boucherie est un lieu de f\u00eate pour l&rsquo;imaginaire. profitons-en.<\/em><\/p>\n<p><em>Fran\u00e7ois Bernheim en \u00e9tat de fumer la pomme de terre<\/em><\/p>\n<p><a href=\"http:\/\/cafaitdesordre.com\/blog\/wp-content\/uploads\/2014\/12\/une-patate.jpg\"><img decoding=\"async\" loading=\"lazy\" class=\"alignleft size-medium wp-image-7966\" src=\"http:\/\/cafaitdesordre.com\/blog\/wp-content\/uploads\/2014\/12\/une-patate-300x224.jpg\" alt=\"une-patate\" width=\"300\" height=\"224\" srcset=\"https:\/\/cafaitdesordre.com\/blog\/wp-content\/uploads\/2014\/12\/une-patate-300x224.jpg 300w, https:\/\/cafaitdesordre.com\/blog\/wp-content\/uploads\/2014\/12\/une-patate-1029x771.jpg 1029w, https:\/\/cafaitdesordre.com\/blog\/wp-content\/uploads\/2014\/12\/une-patate.jpg 1707w\" sizes=\"(max-width: 300px) 100vw, 300px\" \/><\/a><\/p>\n<p>La Boucherie litt\u00e9raire avait provoqu\u00e9, en avril dernier, la rencontre entre le po\u00e8te <a href=\"http:\/\/etc-iste.blogspot.fr\/\">Thomas Vinau<\/a>\u00a0et <a href=\"http:\/\/www.renelovy.net\/\">Ren\u00e9 Lovy<\/a>. Ainsi<em> p(H)ommes de terre<\/em>\u00a0 est un livre n\u00e9 \u00e0 la crois\u00e9e des chemins du po\u00e8te dont l\u2019\u00e9criture et l\u2019humanit\u00e9 nous semblaient aux plus proches de la sensibilit\u00e9 et du travail de l&rsquo;artiste.<\/p>\n<p>Tr\u00e8s naturellement, Thomas Vinau s\u2019est empar\u00e9 de l\u2019univers de Ren\u00e9 Lovy pour nous offrir un texte qui nous questionne, nous remue et nous colle \u00e0 la peau&#8230; de terre.<\/p>\n<p>Pour lire les 3 premi\u00e8res pages du livre<\/p>\n<p><a href=\"http:\/\/ekladata.com\/gGK8uoIVObpXvpif9Wj1lmEQBk8\/p-H-dt-les-trois-premieres-pages.jpg\">Visionner \u00ab p(H)dt-les trois premi\u00e8res pages.jpg \u00bb<\/a><\/p>\n<p>Pour entrer en d\u00e9tail dans le livre et d\u00e9couvrir davantage les protagonistes de <em>p(H)ommes de terre<\/em>\u00a0et les conditions de la souscription, suivez le lien ci-dessous.<\/p>\n<p><a href=\"http:\/\/ekladata.com\/vTHV3OxXz7ErHJytt6S2Bqrwqro\/Souscription_p-H-dt.pdf\">T\u00e9l\u00e9charger \u00ab Souscription_p(H)dt.pdf \u00bb<\/a><\/p>\n<p>&nbsp;<\/p>\n<p><strong>Pr\u00e9sentation du projet \u00e9ditorial<\/strong><\/p>\n<p>Les \u00e9ditions la Boucherie litt\u00e9raire ne sont pas le fait du hasard ou de rencontres forfuites. Mais un cheminement et un m\u00fbrissement des id\u00e9es et des d\u00e9sirs.<\/p>\n<p>Naissant \u00e0 peine, nous ne pouvons encore pr\u00e9ciser notre politique \u00e9ditoriale, mais qu&rsquo;on se le dise, nous l&rsquo;affirmerons <em>po\u00e9tique \u00e9ditoriale<\/em> !<\/p>\n<p>Et cela avec toute l&rsquo;exigence dont nous avons\u00a0fait preuve jusqu&rsquo;\u00e0 pr\u00e9sent dans tout ce que nous avons entrepris.<\/p>\n<p>Nous savons vers quoi nous allons\u00a0sans conna\u00eetre, heureusement, l&rsquo;itin\u00e9raire de notre voyage.<\/p>\n<p>Nous nous\u00a0souhaitons des destinations o\u00f9 nous pourrons partager avec vous de nouvelles sensibilit\u00e9s et de belles rencontres\u00a0humaines et litt\u00e9raires.\u00a0\u00a0Nous ferons escale l\u00e0 o\u00f9 les mots et les blancs de la page distillent\u00a0l&rsquo;essence de po\u00e9sie qui nous irrigue.<\/p>\n<p>&nbsp;<\/p>\n<ul>\n<li><strong> <a href=\"http:\/\/laboucherielitteraire.eklablog.fr\/de-la-vraie-nature-des-p-h-ommes-de-terre-a112967724\">De la vraie nature des \u00ab\u00a0p(h)ommes de terre\u00a0\u00bb <\/a><\/strong><\/li>\n<\/ul>\n<p>Par <a href=\"http:\/\/www.eklablog.com\/profile\/25065106\">Antoine Gallardo<\/a> le<\/p>\n<p>Pour mieux saisir le travail de Ren\u00e9 Lovy, Alain Carle (correspondant \u00e0 <em>La Provence)<\/em> nous en restitue une bonne vision dans son article paru le 24 octobre 2014. Pour aller plus loin, je vous conseille de visionner cette courte\u00a0<a href=\"http:\/\/bnj.tv\/fr\/Video.html?idn=528&amp;id=1593\">vid\u00e9o<\/a> diffus\u00e9e en 2011 sur B.N.J. T.V. Il s&rsquo;agit du seul entretien film\u00e9 de l&rsquo;artiste explicitant son travail, sa d\u00e9marche et ses questionnements&#8230;<\/p>\n<p><strong><em>Cliquez sur l&rsquo;image pour l&rsquo;agrandir<\/em><\/strong><\/p>\n<p><strong><em>* * * * * * * * * * * <\/em><\/strong><\/p>\n<p>Au rayon de la revue de presse autour de l&rsquo;exposition <em>p(H)ommes de terre,<\/em> voici un petit article paru dans <em>La Provence<\/em> du 25 octobre 2014.<\/p>\n<p>Le correspondant a juste omis de citer Ilaria Fontebasso qui a tenue cette animation de bout en bout. Et si c&rsquo;est bien Parmentier qui a port\u00e9 la pomme de terre jusque dans nos assiettes, seule la Boucherie litt\u00e9raire a port\u00e9 cette animation \u00e0 la biblioth\u00e8que municipale de Cadenet.<\/p>\n<p>&nbsp;<\/p>\n<p>&nbsp;<\/p>\n<p>&nbsp;<\/p>\n<p><span style=\"border-radius: 2px; text-indent: 20px; width: auto; padding: 0px 4px 0px 0px; text-align: center; font: bold 11px\/20px 'Helvetica Neue',Helvetica,sans-serif; color: #ffffff; background: #bd081c  no-repeat scroll 3px 50% \/ 14px 14px; position: absolute; opacity: 1; z-index: 8675309; display: none; cursor: pointer;\">Enregistrer<\/span><\/p>\n","protected":false},"excerpt":{"rendered":"<p>Je n&rsquo;ai pas encore lu( p)hommes de terre, personne ne peut donc m&rsquo;accuser de me laisser influencer par une lecture sous acide ou tout autre exp\u00e9dient cens\u00e9 ouvrir la porte de paradis artificiels. Mais mon nez, ma bouche , mes yeux mon ventre me disent que ce livre est g\u00e9nial. Il est clair, pour qui [&hellip;]<\/p>\n","protected":false},"author":1,"featured_media":7962,"comment_status":"open","ping_status":"open","sticky":false,"template":"","format":"standard","meta":[],"categories":[1],"tags":[569,568,567,571,570],"_links":{"self":[{"href":"https:\/\/cafaitdesordre.com\/blog\/wp-json\/wp\/v2\/posts\/7961"}],"collection":[{"href":"https:\/\/cafaitdesordre.com\/blog\/wp-json\/wp\/v2\/posts"}],"about":[{"href":"https:\/\/cafaitdesordre.com\/blog\/wp-json\/wp\/v2\/types\/post"}],"author":[{"embeddable":true,"href":"https:\/\/cafaitdesordre.com\/blog\/wp-json\/wp\/v2\/users\/1"}],"replies":[{"embeddable":true,"href":"https:\/\/cafaitdesordre.com\/blog\/wp-json\/wp\/v2\/comments?post=7961"}],"version-history":[{"count":6,"href":"https:\/\/cafaitdesordre.com\/blog\/wp-json\/wp\/v2\/posts\/7961\/revisions"}],"predecessor-version":[{"id":9910,"href":"https:\/\/cafaitdesordre.com\/blog\/wp-json\/wp\/v2\/posts\/7961\/revisions\/9910"}],"wp:featuredmedia":[{"embeddable":true,"href":"https:\/\/cafaitdesordre.com\/blog\/wp-json\/wp\/v2\/media\/7962"}],"wp:attachment":[{"href":"https:\/\/cafaitdesordre.com\/blog\/wp-json\/wp\/v2\/media?parent=7961"}],"wp:term":[{"taxonomy":"category","embeddable":true,"href":"https:\/\/cafaitdesordre.com\/blog\/wp-json\/wp\/v2\/categories?post=7961"},{"taxonomy":"post_tag","embeddable":true,"href":"https:\/\/cafaitdesordre.com\/blog\/wp-json\/wp\/v2\/tags?post=7961"}],"curies":[{"name":"wp","href":"https:\/\/api.w.org\/{rel}","templated":true}]}}