{"id":5188,"date":"2013-05-04T10:14:46","date_gmt":"2013-05-04T09:14:46","guid":{"rendered":"http:\/\/www.cafaitdesordre.com\/blog\/?p=5188"},"modified":"2014-05-17T11:01:05","modified_gmt":"2014-05-17T09:01:05","slug":"lhomme-sauvage-dans-lobjectif","status":"publish","type":"post","link":"https:\/\/cafaitdesordre.com\/blog\/2013\/05\/lhomme-sauvage-dans-lobjectif\/","title":{"rendered":"L\u2019HOMME SAUVAGE DANS L\u2019OBJECTIF"},"content":{"rendered":"<p><a href=\"http:\/\/www.cafaitdesordre.com\/blog\/wp-content\/uploads\/Krampus-Autriche_WILDER-MANN_-Charles-FREGER-2010-2011.jpg\"><img decoding=\"async\" loading=\"lazy\" class=\"alignleft size-full wp-image-5193\" title=\"Krampus, Autriche_WILDER MANN_ Charles FREGER 2010 2011\" src=\"http:\/\/www.cafaitdesordre.com\/blog\/wp-content\/uploads\/Krampus-Autriche_WILDER-MANN_-Charles-FREGER-2010-2011.jpg\" alt=\"\" width=\"3177\" height=\"4167\" \/><\/a><a href=\"http:\/\/www.cafaitdesordre.com\/blog\/wp-content\/uploads\/Charles-Fre\u0301ger-Cerbul-din-Corlata-Roumanie-101-x-77-cm.-Se\u0301rie-Wilder-Mann-2010-201114.jpg\"><img decoding=\"async\" loading=\"lazy\" class=\"alignleft size-full wp-image-5190\" title=\"Charles Fre\u0301ger, Cerbul din Corlata, Roumanie, 101 x 77 cm. Se\u0301rie Wilder Mann, 2010-2011(14)\" src=\"http:\/\/www.cafaitdesordre.com\/blog\/wp-content\/uploads\/Charles-Fre\u0301ger-Cerbul-din-Corlata-Roumanie-101-x-77-cm.-Se\u0301rie-Wilder-Mann-2010-201114.jpg\" alt=\"\" width=\"3177\" height=\"4167\" \/><\/a><\/p>\n<p>Il \u00e9tait une fois la nuit des temps. L\u2019homme \u00e9tait d\u00e9j\u00e0 un \u00eatre civilis\u00e9, mais pas tout \u00e0 fait comme de nos jours. Il occupait son temps \u00e0 dresser des m\u00e9galithes trop lourds pour lui. Parfois il construisait des palais, des forteresses, des puits sacr\u00e9s, des temples. On ne conna\u00eet pas grand-chose de l\u2019homme de ces temps l\u00e0, car il n\u2019avait pas invent\u00e9 l\u2019\u00e9criture. La poterie, oui, il l\u2019avait invent\u00e9e, la roue et le travail du bronze aussi. On devine que le monde qui l\u2019entourait \u00e9tait difficile \u00e0 vivre malgr\u00e9 ces avanc\u00e9es technologiques. La nature avait l\u2019air de mieux s\u2019en tirer. Les b\u00eates sauvages \u00e9taient fortes et braves. La v\u00e9g\u00e9tation revenait ann\u00e9e apr\u00e8s ann\u00e9e. Tout juste sorti des grottes et du n\u00e9olithique, l\u2019homme avait une arme unique, c\u2019\u00e9tait un \u00eatre de spiritualit\u00e9. En rev\u00eatant la d\u00e9pouille des b\u00eates sauvages, il les transformait en esprits protecteurs. On conna\u00eet ce rituel, tout simplement parce que du fond des \u00e2ges, il est arriv\u00e9 jusqu\u2019\u00e0 nous. Dans de nombreux pays d\u2019Europe, \u00e0 l\u2019occasion de carnavals ou d\u2019autres f\u00eates locales du sortir de l\u2019hiver, un ou plusieurs Hommes Sauvages perp\u00e9tuent la tradition. En France, Arles-sur-Tech et Saint Laurent de Cerdans voient en f\u00e9vrier se renouveler la f\u00eate de l\u2019Ours. Un homme du village endosse ce qu\u2019il faut bien appeler un d\u00e9guisement cens\u00e9 le transformer en b\u00eate f\u00e9roce. Il re\u00e7oit une s\u00e9v\u00e8re correction des villageois, tout cela n\u2019\u00e9tant qu\u2019une aimable mascarade. Mais l\u2019un des \u00e9pisodes obligatoire de la f\u00eate est le rapt d\u2019une jouvencelle que l\u2019Ours entraine dans un buisson sous les applaudissements. Autant dire que derri\u00e8re le simulacre, le symbole pa\u00efen de fertilit\u00e9 se cache \u00e0 peine. Et pourtant, l\u2019Eglise qui eut son mot \u00e0 dire d\u00e9ploya bien des efforts pour \u00e9dulcorer la f\u00eate. En Sardaigne, les Mamuthones du village de Mamo\u00efada rev\u00eatent des peaux de bique noires, de lourds masques de bois, se sanglent sous 25 kg de cloches et avancent d\u2019un pas rythm\u00e9 qui fait trembler les enfants et emballe le c\u0153ur des adultes. Vers 1900, le clerg\u00e9 italien tenta de gommer les effets de transe et d\u2019activit\u00e9 explicitement sexuelles attach\u00e9es \u00e0 ces processions.<\/p>\n<p>Le photographe Charles Fr\u00e9ger est all\u00e9 tirer les portraits de ces revenants d\u2019un autre \u00e2ge dans 18 pays d\u2019Europe o\u00f9 subsistent encore ces traditions. De Suisse en Irlande, de Slov\u00e9nie en Pologne, en Gr\u00e8ce, en Espagne, il photographie l\u2019Homme Sauvage, ou Wild Man, Wilder Mann, Uomo Selvatico, hors de la manifestation folklorique. Seuls ou en groupe, il les place dans la nature, champs de neige, pentes montagneuses, plaines embrum\u00e9es, for\u00eats, le paysage o\u00f9 ils sont n\u00e9s et qu\u2019ils n\u2019ont jamais quitt\u00e9. Ces images arr\u00eat\u00e9es, anthropologiques, de monstres \u00e0 faire peur ou d\u2019elfes \u00e0 t\u00eate de faon, bibendum pesants, ours, loups, cerfs, sangliers, boucs, cr\u00e9atures \u00e9tranges couvertes de feuilles, de mousse, de paille ou de chardons, parfois orn\u00e9s d\u2019un accessoire f\u00e9minin, voile de dentelle ou foulard, \u00e9voquent tous la fin de l\u2019hiver symbole de mort et l\u2019espoir du printemps. En nous montrant de fa\u00e7on aussi nette le monstre en nous, il nous rem\u00e9more notre animalit\u00e9, nous met face \u00e0 des peurs enfouies. Hors de tout folklore, ces Hommes Sauvages portent en eux la magie d\u2019un pass\u00e9 obscur.<\/p>\n<p>Marie H\u00e9l\u00e8ne Mass\u00e9<\/p>\n<p>&nbsp;<\/p>\n<p>\u00ab\u00a0Wilder Mann\u00a0\u00bb<\/p>\n<p>Exposition de Charles Fr\u00e9ger au MAC\/VAL<\/p>\n<p>Place de la Lib\u00e9ration<\/p>\n<p>94400 Vitry sur Seine<\/p>\n<p>www.macval.fr<\/p>\n<p>Jusqu\u2019au 30 juin<\/p>\n<p>Rencontre avec Charles Fr\u00e9ger le 14 avril \u00e0 15 h au MAC\/VAL<\/p>\n<p>&nbsp;<\/p>\n<p>&nbsp;<\/p>\n<p>&nbsp;<\/p>\n<p>&nbsp;<\/p>\n<p>&nbsp;<\/p>\n<p>&nbsp;<\/p>\n<p><strong>\u00a0<\/strong><\/p>\n","protected":false},"excerpt":{"rendered":"<p>Il \u00e9tait une fois la nuit des temps. L\u2019homme \u00e9tait d\u00e9j\u00e0 un \u00eatre civilis\u00e9, mais pas tout \u00e0 fait comme de nos jours. Il occupait son temps \u00e0 dresser des m\u00e9galithes trop lourds pour lui. Parfois il construisait des palais, des forteresses, des puits sacr\u00e9s, des temples. On ne conna\u00eet pas grand-chose de l\u2019homme de [&hellip;]<\/p>\n","protected":false},"author":1,"featured_media":7120,"comment_status":"open","ping_status":"open","sticky":false,"template":"","format":"standard","meta":[],"categories":[1],"tags":[],"_links":{"self":[{"href":"https:\/\/cafaitdesordre.com\/blog\/wp-json\/wp\/v2\/posts\/5188"}],"collection":[{"href":"https:\/\/cafaitdesordre.com\/blog\/wp-json\/wp\/v2\/posts"}],"about":[{"href":"https:\/\/cafaitdesordre.com\/blog\/wp-json\/wp\/v2\/types\/post"}],"author":[{"embeddable":true,"href":"https:\/\/cafaitdesordre.com\/blog\/wp-json\/wp\/v2\/users\/1"}],"replies":[{"embeddable":true,"href":"https:\/\/cafaitdesordre.com\/blog\/wp-json\/wp\/v2\/comments?post=5188"}],"version-history":[{"count":1,"href":"https:\/\/cafaitdesordre.com\/blog\/wp-json\/wp\/v2\/posts\/5188\/revisions"}],"predecessor-version":[{"id":7121,"href":"https:\/\/cafaitdesordre.com\/blog\/wp-json\/wp\/v2\/posts\/5188\/revisions\/7121"}],"wp:featuredmedia":[{"embeddable":true,"href":"https:\/\/cafaitdesordre.com\/blog\/wp-json\/wp\/v2\/media\/7120"}],"wp:attachment":[{"href":"https:\/\/cafaitdesordre.com\/blog\/wp-json\/wp\/v2\/media?parent=5188"}],"wp:term":[{"taxonomy":"category","embeddable":true,"href":"https:\/\/cafaitdesordre.com\/blog\/wp-json\/wp\/v2\/categories?post=5188"},{"taxonomy":"post_tag","embeddable":true,"href":"https:\/\/cafaitdesordre.com\/blog\/wp-json\/wp\/v2\/tags?post=5188"}],"curies":[{"name":"wp","href":"https:\/\/api.w.org\/{rel}","templated":true}]}}