{"id":5159,"date":"2013-03-18T15:26:48","date_gmt":"2013-03-18T14:26:48","guid":{"rendered":"http:\/\/www.cafaitdesordre.com\/blog\/?p=5159"},"modified":"2014-05-17T10:54:51","modified_gmt":"2014-05-17T08:54:51","slug":"le-combat-des-cazeneuve-metallos-de-la-plaine-saint-denis-est-plus-actuel-que-jamais","status":"publish","type":"post","link":"https:\/\/cafaitdesordre.com\/blog\/2013\/03\/le-combat-des-cazeneuve-metallos-de-la-plaine-saint-denis-est-plus-actuel-que-jamais\/","title":{"rendered":"Le combat des Cazeneuve, m\u00e9tallos de la Plaine Saint- Denis, est plus actuel que jamais."},"content":{"rendered":"<p><strong>Le 10 D\u00e9cembre 1976, l\u2019entreprise Cazeneuve, fleuron de l\u2019industrie de la Machine outil fran\u00e7aise, licencie les 420 salari\u00e9s de son usine de Saint Denis.<a href=\"http:\/\/www.cafaitdesordre.com\/blog\/wp-content\/uploads\/Combat-de-me\u0301tallos_HD22.jpg\"><img decoding=\"async\" loading=\"lazy\" class=\"alignleft size-medium wp-image-5162\" title=\"doc.indd\" src=\"http:\/\/www.cafaitdesordre.com\/blog\/wp-content\/uploads\/Combat-de-me\u0301tallos_HD22-213x300.jpg\" alt=\"\" width=\"213\" height=\"300\" \/><\/a><\/strong><\/p>\n<p>Raymond Barre est premier ministre, Valery Giscard D\u2019Estaing pr\u00e9sident de la r\u00e9publique. La direction a pris soin auparavant de faire passer l\u2019ensemble des salari\u00e9s dans une autre structure juridique, les Ateliers de fa\u00e7onnage de Saint Denis ( AFSD.) Aux salari\u00e9s inquiets, la direction a r\u00e9pondu que les droits des salari\u00e9s seraient garantis \u00e0 l\u2019identique. De fait, la nouvelle entreprise sera mise en d\u00e9ficit et la charge du licenciement incombera uniquement \u00e0 la puissance publique. La lutte d\u2019une intensit\u00e9 exceptionnelle durera trois ans. Jean Bellanger, auteur du livre est \u00e0 l\u2019\u00e9poque secr\u00e9taire de l\u2019union locale CGT. Si son r\u00e9cit \u00e9tait seulement un hommage au courage d\u2019hommes et de femmes qui n\u2019ont pas seulement lutt\u00e9 pour leur emploi mais qui d\u00e9fendu une conception solidaire de leur avenir ce serait d\u00e9j\u00e0 beaucoup, Mais son livre \u00a0va bien au del\u00e0. Le combat des Cazeneuve et de leurs familles , est aussi celui d\u2019une ville et de sa population toutes opinions confondues, celui de la Plaine Saint Denis regroupant Saint-Denis, Aubervilliers et une partie de Saint- Ouen qui va subir, \u00e0 travers le d\u00e9clin de la m\u00e9tallurgie une v\u00e9ritable h\u00e9morragie d\u2019emplois. La Plaine Saint Denis restera un territoire sinistr\u00e9 pendant au moins quinze ans. Bien entendu cette lutte est aussi politique, au del\u00e0 de la CGT, des autres syndicats ouvriers et d\u2019enseignants, le Parti communiste fran\u00e7ais y jouera un r\u00f4le majeur. A travers les Cazeneuve, il d\u00e9fendra aussi une conception volontariste de l\u2019industrie nationale, qu\u2019il prendra soin de consigner dans un plan pour l\u2019avenir de la machine outil fran\u00e7aise.\u00a0 \u00ab\u00a0Nos luttes ont \u00e9t\u00e9 difficiles. Nous avons mis tout notre c\u0153ur et notre \u00e9nergie \u00e0 la d\u00e9fense de la machine-outil et de l\u2019industrie. Nous n\u2019\u00e9tions pas des illumin\u00e9s de la politique ou du syndicalisme, nous \u00e9tions des hommes et des femmes\u00a0 qui croyaient en des valeurs humaines diff\u00e9rentes de celles qui r\u00e9gissent aujourd\u2019hui le monde \u00e9conomique\u00a0\u00bb<\/p>\n<p>Cette p\u00e9riode de notre histoire est donc cruciale parce qu\u2019elle est celle aussi o\u00f9 tout bascule. Entre 1974 et 1980, le nombre de faillites industrielles augmente de 70%, l\u2019emploi industriel recule de 8,5%. Le seuil de 500 000 ch\u00f4meurs est atteint en 1974, un an plus tard le chiffre aura doubl\u00e9\u00a0: un million de ch\u00f4meurs. Jean Bellanger nous d\u00e9crit donc ce moment tr\u00e8s particulier o\u00f9 les pratiques solidaires des classes populaires vont se trouver\u00a0 en opposition ouverte avec le profil de plus en plus cynique que va prendre \u00a0une \u00e9conomie capitaliste, aujourd\u2019hui moins soucieuse de compromis social ( p\u00e9riode des 30 glorieuses ) que de maximisation du profit financier \u00e0 l\u2019\u00e9chelle plan\u00e9taire. La g\u00e9n\u00e9rosit\u00e9 de cette population, son courage, son sens de l\u2019innovation n\u2019y pourront rien. Et pourtant que ce soit \u00e0 travers un r\u00e9f\u00e9rendum local sur l\u2019avenir de la machine outil, un tour de France, o\u00f9 les ouvriers trop fiers de leur travail subtiliseront un \u00ab\u00a0tour\u00a0\u00bb et le feront voyager \u00e0 travers la France , en expliquant le sens de leur lutte \u00e0 la population, tout \u00e0 \u00e9t\u00e9 fait pour \u00e9viter l\u2019irr\u00e9parable. Pourquoi cela n\u2019a t-il pas suffi\u00a0?<\/p>\n<p>L\u00e2chet\u00e9 des politiques\u00a0? Compromission des classes dirigeantes pr\u00e9f\u00e9rant brader une industrie trop turbulente, plut\u00f4t que de subir l\u2019ascendant de la ceinture rouge\u00a0?<\/p>\n<p>Ce que l\u2019on appelle la crise, pourrait bien correspondre \u00e0 une nouvelle donne financi\u00e8re de l\u2019\u00e9conomie mondiale donc \u00e0 une mutation non officiellement assum\u00e9e, c\u2019est \u00e0 dire \u00e0 une \u00e9conomie acceptant le ch\u00f4mage de masse , comme param\u00e8tre in\u00e9luctable de son d\u00e9veloppement. Le grand m\u00e9rite du livre de Jean Bellanger\u00a0 est bien de poser toutes ces questions. On voit tr\u00e8s bien \u00e0 travers ses descriptions de la solidarit\u00e9 des femmes, des familles, des camarades et d\u2019une grande partie de la population que la figure de l\u2019usine comme c\u0153ur de la cristallisation des luttes , correspond \u00e0 une soci\u00e9t\u00e9 o\u00f9 la r\u00e9alit\u00e9 est faite certes d\u2019antagonismes, mais aussi de relations solidaires\u00a0\u00a0 renfor\u00e7ant le tissu social.<\/p>\n<p>En caricaturant \u00e0 peine, on pourrait opposer la soci\u00e9t\u00e9 de l\u2019usine \u00e0 celle du num\u00e9rique qui multiplie les liens virtuels. Ce qui fait aussi que le livre de Jean Bellanger est un grand livre d\u2019intelligence populaire, c\u2019est la personnalit\u00e9 de l\u2019homme et son itin\u00e9raire. Voil\u00e0 un pr\u00eatre\u00a0 dont le catholicisme n\u2019a pas \u00e9t\u00e9 celui de l\u2019exaltation de \u2018l\u2019\u00e9glise des pauvres\u00a0\u00bb mais plut\u00f4t le choix \u00a0d\u2019une \u00e9glise r\u00e9solument solidaire\u00a0 de tous les combats ouvriers. Jean Bellanger sera donc pr\u00eatre ouvrier, syndicaliste, et ensuite il redeviendra un la\u00efc mari\u00e9 avec des enfants \u00e0 la pointe du combat syndical et politique. Il militera au parti communiste non parce qu\u2019il croit que ce parti est sans reproche. Il est conscient de ses failles, mais il sait aussi qu\u2019il est le seul \u00e0 d\u00e9fendre pied \u00e0 pied la classe ouvri\u00e8re. A l\u2019heure o\u00f9 le gouvernement social -d\u00e9mocrate de la France met \u00e0 l\u2019ordre du jour la r\u00e9- industrialisation du pays dans le cadre d\u2019une Europe n\u00e9o-lib\u00e9rale qui lui impose peu ou prou sa loi, voil\u00e0 encore une question d\u2019un int\u00e9r\u00eat majeur.<\/p>\n<p>Ce livre ne s\u2019adresse ni aux nostalgiques, ni \u00e0 ceux qui seraient tent\u00e9 d\u2019immoler la classe ouvri\u00e8re sur l\u2019autel d\u2019une glorification aveugle. Non, il concerne ceux qui veulent comprendre le monde d\u2019aujourd\u2019hui et pourquoi pas travailler \u00e0 lui donner un avenir plus fraternel.<\/p>\n<p>Fran\u00e7ois Bernheim<\/p>\n<p>&nbsp;<\/p>\n<p><strong>Jean Bellanger<\/strong><\/p>\n<p><strong>Combat de m\u00e9tallos<\/strong><\/p>\n<p><strong>Les Cazeneuve de la Plaine-Denis<\/strong><\/p>\n<p><strong>Les \u00e9ditions de l\u2019Atelier<\/strong><\/p>\n","protected":false},"excerpt":{"rendered":"<p>Le 10 D\u00e9cembre 1976, l\u2019entreprise Cazeneuve, fleuron de l\u2019industrie de la Machine outil fran\u00e7aise, licencie les 420 salari\u00e9s de son usine de Saint Denis. Raymond Barre est premier ministre, Valery Giscard D\u2019Estaing pr\u00e9sident de la r\u00e9publique. La direction a pris soin auparavant de faire passer l\u2019ensemble des salari\u00e9s dans une autre structure juridique, les Ateliers [&hellip;]<\/p>\n","protected":false},"author":1,"featured_media":7116,"comment_status":"open","ping_status":"open","sticky":false,"template":"","format":"standard","meta":[],"categories":[1],"tags":[97,111,154,235,274,287,339,349,355],"_links":{"self":[{"href":"https:\/\/cafaitdesordre.com\/blog\/wp-json\/wp\/v2\/posts\/5159"}],"collection":[{"href":"https:\/\/cafaitdesordre.com\/blog\/wp-json\/wp\/v2\/posts"}],"about":[{"href":"https:\/\/cafaitdesordre.com\/blog\/wp-json\/wp\/v2\/types\/post"}],"author":[{"embeddable":true,"href":"https:\/\/cafaitdesordre.com\/blog\/wp-json\/wp\/v2\/users\/1"}],"replies":[{"embeddable":true,"href":"https:\/\/cafaitdesordre.com\/blog\/wp-json\/wp\/v2\/comments?post=5159"}],"version-history":[{"count":1,"href":"https:\/\/cafaitdesordre.com\/blog\/wp-json\/wp\/v2\/posts\/5159\/revisions"}],"predecessor-version":[{"id":7117,"href":"https:\/\/cafaitdesordre.com\/blog\/wp-json\/wp\/v2\/posts\/5159\/revisions\/7117"}],"wp:featuredmedia":[{"embeddable":true,"href":"https:\/\/cafaitdesordre.com\/blog\/wp-json\/wp\/v2\/media\/7116"}],"wp:attachment":[{"href":"https:\/\/cafaitdesordre.com\/blog\/wp-json\/wp\/v2\/media?parent=5159"}],"wp:term":[{"taxonomy":"category","embeddable":true,"href":"https:\/\/cafaitdesordre.com\/blog\/wp-json\/wp\/v2\/categories?post=5159"},{"taxonomy":"post_tag","embeddable":true,"href":"https:\/\/cafaitdesordre.com\/blog\/wp-json\/wp\/v2\/tags?post=5159"}],"curies":[{"name":"wp","href":"https:\/\/api.w.org\/{rel}","templated":true}]}}