{"id":4641,"date":"2012-11-08T10:05:23","date_gmt":"2012-11-08T09:05:23","guid":{"rendered":"http:\/\/www.cafaitdesordre.com\/blog\/?p=4641"},"modified":"2012-11-08T10:05:23","modified_gmt":"2012-11-08T09:05:23","slug":"les-chefs-doeuvre-de-louis-stettner-photographe","status":"publish","type":"post","link":"https:\/\/cafaitdesordre.com\/blog\/2012\/11\/les-chefs-doeuvre-de-louis-stettner-photographe\/","title":{"rendered":"Les Chefs d\u2019\u0153uvre de Louis Stettner photographe"},"content":{"rendered":"<p><strong><a href=\"http:\/\/www.cafaitdesordre.com\/blog\/wp-content\/uploads\/Manhattan-from-the-Brooklyn-Promenade-19543.jpg\"><img decoding=\"async\" loading=\"lazy\" class=\"alignleft size-medium wp-image-4647\" title=\"Manhattan from the Brooklyn Promenade, 1954\" src=\"http:\/\/www.cafaitdesordre.com\/blog\/wp-content\/uploads\/Manhattan-from-the-Brooklyn-Promenade-19543-300x196.jpg\" alt=\"\" width=\"300\" height=\"196\" \/><\/a>Exposition Louis Stettner Galerie David Guiraud 5 rue du Perche Paris 75003<\/strong><\/p>\n<p><strong>Du 7 Novembre au 19 Janvier 2013 dans le cadre du mois de la photo<\/strong><\/p>\n<p><strong>\u00a0<\/strong>Louis Stettner est un homme rare \u00e0 plus d\u2019un titre. N\u00e9 \u00e0 Brooklyn en 1922 et habitant aujourd\u2019hui Saint Ouen, Il est parfaitement d\u2019ici et de New York avec une malice et une g\u00e9n\u00e9rosit\u00e9 sans pareil. Progressiste il a su capter l\u2019essentiel de chaque\u00a0 visage photographi\u00e9 en effa\u00e7ant l\u2019\u00e9ventuelle contradiction qu\u2019il pourrait y avoir entre l\u2019affirmation de la personne et les imp\u00e9ratifs de la collectivit\u00e9. Ami d\u2019Edouard Boubat contemporain de Brassa\u00ef, Isis, Doisneau, Ronis, il a cr\u00e9e une \u0153uvre aussi graphique qu\u2019enracin\u00e9e dans la chair humaine. Sa discr\u00e9tion l\u00e9gendaire a permis aux m\u00e9dias de mettre en avant d\u2019autres photographes que lui, cr\u00e9ant ainsi un biais par rapport \u00e0 son originalit\u00e9 qui n\u2019a \u00e9t\u00e9 mise en avant que tardivement. La BNF Fran\u00e7ois Mitterrand organise une r\u00e9trospective de son \u0153uvre du 11 D\u00e9cembre 2012 au 27 Janvier 2013.En attendant courez rue du Perche chez David Guiraud et r\u00e9galez vous. L\u2019homme d\u00e9licieux qu\u2019est Louis et le photographe inspir\u00e9 \u00a0sont un seul et m\u00eame individu.<\/p>\n<p>&nbsp;<\/p>\n","protected":false},"excerpt":{"rendered":"<p>Exposition Louis Stettner Galerie David Guiraud 5 rue du Perche Paris 75003 Du 7 Novembre au 19 Janvier 2013 dans le cadre du mois de la photo \u00a0Louis Stettner est un homme rare \u00e0 plus d\u2019un titre. N\u00e9 \u00e0 Brooklyn en 1922 et habitant aujourd\u2019hui Saint Ouen, Il est parfaitement d\u2019ici et de New York [&hellip;]<\/p>\n","protected":false},"author":1,"featured_media":0,"comment_status":"open","ping_status":"open","sticky":false,"template":"","format":"standard","meta":[],"categories":[1],"tags":[],"_links":{"self":[{"href":"https:\/\/cafaitdesordre.com\/blog\/wp-json\/wp\/v2\/posts\/4641"}],"collection":[{"href":"https:\/\/cafaitdesordre.com\/blog\/wp-json\/wp\/v2\/posts"}],"about":[{"href":"https:\/\/cafaitdesordre.com\/blog\/wp-json\/wp\/v2\/types\/post"}],"author":[{"embeddable":true,"href":"https:\/\/cafaitdesordre.com\/blog\/wp-json\/wp\/v2\/users\/1"}],"replies":[{"embeddable":true,"href":"https:\/\/cafaitdesordre.com\/blog\/wp-json\/wp\/v2\/comments?post=4641"}],"version-history":[{"count":0,"href":"https:\/\/cafaitdesordre.com\/blog\/wp-json\/wp\/v2\/posts\/4641\/revisions"}],"wp:attachment":[{"href":"https:\/\/cafaitdesordre.com\/blog\/wp-json\/wp\/v2\/media?parent=4641"}],"wp:term":[{"taxonomy":"category","embeddable":true,"href":"https:\/\/cafaitdesordre.com\/blog\/wp-json\/wp\/v2\/categories?post=4641"},{"taxonomy":"post_tag","embeddable":true,"href":"https:\/\/cafaitdesordre.com\/blog\/wp-json\/wp\/v2\/tags?post=4641"}],"curies":[{"name":"wp","href":"https:\/\/api.w.org\/{rel}","templated":true}]}}