{"id":4607,"date":"2012-10-04T16:19:31","date_gmt":"2012-10-04T15:19:31","guid":{"rendered":"http:\/\/www.cafaitdesordre.com\/blog\/?p=4607"},"modified":"2012-10-04T16:19:31","modified_gmt":"2012-10-04T15:19:31","slug":"on-ny-croit-pas","status":"publish","type":"post","link":"https:\/\/cafaitdesordre.com\/blog\/2012\/10\/on-ny-croit-pas\/","title":{"rendered":"On n\u2019y croit pas !"},"content":{"rendered":"<p><strong>On n\u2019y croit pas\u00a0!<\/strong><\/p>\n<p>Par Christophe Marchand -Kiss<\/p>\n<p>On n\u2019y croirait pas \u00e0 ce sc\u00e9nario \u00ad\u2014 pas simplement fran\u00e7ais, mais tout de m\u00eame \u2014, et qui dure depuis 2005, voire depuis le trait\u00e9 de Maastricht, entre partisans r\u00e9solus, un peu r\u00e9solus du oui, et partisans r\u00e9solus, eux, ils le sont, en g\u00e9n\u00e9ral, du non. Le trait\u00e9 nouveau n\u2019est qu\u2019une resuc\u00e9e, mais en plus court, et en plus lisible, de Lisbonne \u2014 plus miss TSCG, extr\u00eamement parlante, \u00e0 escient, pour la population, qui ne sait ni lire, ni \u00e9crire\u00a0\u2014, et les politiques fran\u00e7ais et europ\u00e9ens continuent, avec des non qui passent au oui, et des oui qui optent pour le non \u00ad\u2014dans un tout-\u00e0-coup urgentesque \u2014 , \u00e0 s\u2019\u00e9triper, aimablement ou non, sur la question alors que l\u2019apport n\u00e9gatif du trait\u00e9 pr\u00e9c\u00e9dent \u00e9tait \u00e9vident\u00a0pour les m\u00eames raisons.<\/p>\n<p>Il y a du ridicule dans l\u2019air, mais malheureusement l\u2019air manque dans le ridicule \u2014 \u00e7a leur ferait quelque bien s\u2019il y en avait. Le trait\u00e9 est mauvais, tout le monde le sait \u00e0 gauche\u00a0: pas plus de d\u00e9mocratisation des institutions europ\u00e9ennes \u2014 c\u2019est une lecture n\u00e9o-conservatrice qui pr\u00e9vaut, \u00e0 cause des sociaux-d\u00e9mocrates qui ont gouvern\u00e9, entre grosses guillemets, l\u2019Europe, pendant quelques ann\u00e9es, ayant la majorit\u00e9 gouvernementale qualifi\u00e9e, et qui n\u2019ont rien fait, que dalle, les mecs et les nanas, voil\u00e0 \u2014 bah non, je ne parle pas comme si j\u2019\u00e9tais sorti de Eton, d\u00e9sol\u00e9, o\u00f9 de T\u00fcbingen, encore que T\u00fcbingen, ni de la bourse de Milan, car je n\u2019y suis pas n\u00e9, dans cette bourse, et d\u2019abord je d\u00e9teste cette ville, qui commence par une gare grandiloquente et sublime, le sublime terrifiant, et un a\u00e9roport, qui, lui, n\u2019est que terrible, ou pas terrible\u00a0: je digresse, j\u2019aime \u00e7a \u2014, ni beaucoup plus d\u2019avanc\u00e9es sociales \u2014 je suis gentil \u2014, rien d\u2019autre que le choix que d\u00e9nonce une tonne d\u2019\u00e9conomistes, souvent keyn\u00e9siens, d\u2019ailleurs, de la cure d\u2019aust\u00e9rit\u00e9, stupide, qui nous attend et que nous avons d\u00e9j\u00e0.<\/p>\n<p>Bref, comme dans certaines histoires d\u2019amour, c\u2019est oui ou c\u2019est non.\u00a0 Pour moi, le r\u00e9f\u00e9rendum de 2005 \u2014 pas le trait\u00e9, hi guys and girls from Europe \u2014 ne s\u2019imposait pas, les questions simplettes de ce genre n\u2019assainissent pas le d\u00e9bat, au contraire elles l\u2019obscurcissent, et clairement \u2014 ouhouho. Oui, \u00e0 la fin, c\u2019est oh, parce que, finalement, peut-\u00eatre que \u2014 ah nom d\u2019un petit bonhomme en carton p\u00e2te, me disait ma m\u00e8re, quand j\u2019\u00e9tais petit, et je suis d\u00e9sol\u00e9 de mettre ma m\u00e8re dans le coup, mais c\u2019est comme \u00e7a. Et le peut-\u00eatre qui reste lettre, dit-on, morte, morte tout simplement, et je vais m\u2019expliquer sans m\u2019expliquer, et tant pis.<\/p>\n<p>&nbsp;<\/p>\n<p>Oui, tiens, je n\u2019y pensais pas, je dois ressembler \u00e0 Bov\u00e9, du non au oui, parce que l\u2019on peut avancer avec l\u2019ennemi, s\u00fbr \u2014 tu y crois, kumrad\u00a0? Moi, ma petite pens\u00e9e \u2014 ce que ne dit pas Bov\u00e9 \u00ad\u2014 c\u2019est que si on n\u2019est pas d\u00e9put\u00e9 europ\u00e9en, on est vraiment cr\u00e9tin\u00a0: voir M\u00e9lanchon, cette esp\u00e8ce de type insupportable de vanit\u00e9\u00a0; je n\u2019oserais m\u00eame pas parler de ses id\u00e9es\u00a0; plus vaniteux que Goethe dans ses <em>Conversations avec Eckermann<\/em>,\u00a0 mais moins \u00e9tonnant, non\u00a0?<\/p>\n<p>&nbsp;<\/p>\n<p>Bref, l\u2019Eeeeeuuuuuuroooopppe, \u00e7a s\u2019\u00e9crit comme \u00e7a, je crois. Ce n\u2019est pas du De Gaulle, mais, au moins, les b\u00e9ats, il les ex\u00e9crait \u2014 je p\u00e8se mais maigres mots. L\u2019Europe serait un formidable outil, non pour dominer le monde, \u00e7a c\u2019est foutu depuis longtemps \u2014 et les n\u00e9o-conservateurs en rajoutent une grosse couche\u00ad\u00ad \u2014, mais un outil possiblement social et \u00e9cologique dans la zone, am\u00e9liorant \u2014 c\u2019est marrant, j\u2019ai failli \u00e9crit, amelhilarant \u2014 les conditions d\u00e9mocratiques de vie, non seulement des r\u00f4\u00f4yaumes et des r\u00e8\u00e8\u00e8poubliques qui la composent, mais celles de gens tout ce qu\u2019il y a de plus simple. Le contraire ne se pr\u00e9pare pas, il est d\u00e9j\u00e0, non dans les startings-blocks, les athl\u00e8tes sont partis depuis longtemps\u00a0; pas une vie d\u2019\u00eatre humain \u00e0 sauver en soi, mess fesses.<\/p>\n<p>Alors mi amor, l\u2019Europe, c\u2019est simple\u00a0: tant qu\u2019il y aura des trait\u00e9s comme \u00e7a, il n\u2019y aura que du labeur \u2014 et s\u2019il y a labeur, d\u2019ailleurs\u00a0: l\u2019absence de Hegel, de Marx, de Weber, chez tous ces gens, est absolument, intellectuellement impardonnable, view of their culture in\u00a0 fact\u2014, \u00a0pour les simples dont je parlais, que des emmerdes, pardon\u00a0!\u00a0 pour les plus d\u00e9munis, parce que diminuer les budgets, bien s\u00fbr que je ne le dis pas comme Stieglitz, un sp\u00e9cialiste, c\u2019est ass\u00e9cher l\u2019Europe \u2014 moi, je suis f\u00e9d\u00e9raliste, nanam\u00e8re\u00a0!\u2014 , dans toutes ses compositions \u2014entendons-la comme Olson, le grand po\u00e8te am\u00e9ricain, l\u2019entendait sur la po\u00e9sie\u00a0; bien s\u00fbr que je suis f\u00e9d\u00e9raliste, c\u2019est la seule fa\u00e7on de s\u2019en tirer, pas forc\u00e9ment avec Merkel, dont on parle trop \u2014 elle est b\u00eate et retorse \u00e0 ce niveau, et pire, l\u2019Allemagne, au fond, a remplac\u00e9 le Royaume Uni, tourn\u00e9 depuis toujours vers les US, dans sa conception, si l\u2019on peut dire, de l\u2019Europe, mais elle, dans le genre\u00a0: je d\u00e9cide pour nos int\u00e9r\u00eats \u2014, mais avec un Monti, qui, lui, ne l\u2019est pas du tout, b\u00eate, il a \u00e9t\u00e9 chez Goldmann Sachs, il sait de quoi il parle, donc retors, aussi \u2014 c\u2019est s\u00fbrement pas tout ce qu\u2019on veut \u2014, il pourrait parler comme pr\u00e9sident du conseil de la Slov\u00e9nie s\u2019il savait la langue, ou de Hongrie, une dictature d\u2019extr\u00eame droite, le fait qu\u2019il soit italien, ah, \u00e9 basta cosi. Au sens o\u00f9 il n\u2019a plus de pays au sens strict, remarquez, c\u2019est s\u00fbrement un progr\u00e8s.<\/p>\n<p>Oui, l\u2019Europe est foutue, comme les US, et je me demande parfois si le monde occidental n\u2019est pas en train de sombrer, point barre, face \u00e0 d\u2019autres puissances \u2014 on sait tr\u00e8s bien que la r\u00e9cession chinoise, singapourienne et autres, est un leurre, ils ont les moyens de vous faire parler de non-droits, de non-salaires r\u00e9els pour faire marner\u00a0; et s\u2019il n\u2019y avait que la Chine, mais l\u2019Inde, le Br\u00e9sil\u00a0; \u00a0La \u00a0Papouasie-Nouvelle-Guin\u00e9e, m\u00e9fions-nous d\u2019eux. Je le dis de ces derniers. Parce qu\u2019on ne sait pas.<\/p>\n<p>Alors, oui. Cohn-Bendit, dans sa double appartenance \u00e0 Deutschland und Frankreich, et que je respecte absolument \u2014 sauf que son humour \u00e9tait appr\u00e9ci\u00e9 mod\u00e9r\u00e9ment sur ZDF ou ARD, et l\u2019Allemagne, c\u2019est g\u00e9nial, mais cette Allemagne est aussi pontifiante et arr\u00eatante. Tiens, j\u2019ai dit oui, alors je dis oui, m\u00eame si c\u2019est nul, m\u00eame si c\u2019est aller contre les int\u00e9r\u00eats, comme disait Marchais, des tr\u00e2\u00e2vailleurs, mais Florange, Li\u00e8ge, ce n\u2019est pas nul, ni Peugeot \u00e0 Aulnay et \u00e0 Rennes, c\u2019est gens-l\u00e0 ont les moyens de vous faire taire, contre les sales je le dis voil\u00e0, sales conservateurs de vos fortunes. On esp\u00e8re, et puis c\u2019est tout\u00a0: comme disait Jonasz,\u00a0 le chanteur, \u00e0 l\u2019\u00e9poque de Mitterrand, \u00ab\u00a0on se fume juste une cigarette, et en avant pour la nouvelle vie.\u00a0\u00bb<\/p>\n<p><a href=\"mailto:christophe.marchand.kiss@gmail.com\">christophe.marchand.kiss@gmail.com<\/a><\/p>\n","protected":false},"excerpt":{"rendered":"<p>On n\u2019y croit pas\u00a0! Par Christophe Marchand -Kiss On n\u2019y croirait pas \u00e0 ce sc\u00e9nario \u00ad\u2014 pas simplement fran\u00e7ais, mais tout de m\u00eame \u2014, et qui dure depuis 2005, voire depuis le trait\u00e9 de Maastricht, entre partisans r\u00e9solus, un peu r\u00e9solus du oui, et partisans r\u00e9solus, eux, ils le sont, en g\u00e9n\u00e9ral, du non. Le [&hellip;]<\/p>\n","protected":false},"author":1,"featured_media":0,"comment_status":"open","ping_status":"open","sticky":false,"template":"","format":"standard","meta":[],"categories":[1],"tags":[],"_links":{"self":[{"href":"https:\/\/cafaitdesordre.com\/blog\/wp-json\/wp\/v2\/posts\/4607"}],"collection":[{"href":"https:\/\/cafaitdesordre.com\/blog\/wp-json\/wp\/v2\/posts"}],"about":[{"href":"https:\/\/cafaitdesordre.com\/blog\/wp-json\/wp\/v2\/types\/post"}],"author":[{"embeddable":true,"href":"https:\/\/cafaitdesordre.com\/blog\/wp-json\/wp\/v2\/users\/1"}],"replies":[{"embeddable":true,"href":"https:\/\/cafaitdesordre.com\/blog\/wp-json\/wp\/v2\/comments?post=4607"}],"version-history":[{"count":0,"href":"https:\/\/cafaitdesordre.com\/blog\/wp-json\/wp\/v2\/posts\/4607\/revisions"}],"wp:attachment":[{"href":"https:\/\/cafaitdesordre.com\/blog\/wp-json\/wp\/v2\/media?parent=4607"}],"wp:term":[{"taxonomy":"category","embeddable":true,"href":"https:\/\/cafaitdesordre.com\/blog\/wp-json\/wp\/v2\/categories?post=4607"},{"taxonomy":"post_tag","embeddable":true,"href":"https:\/\/cafaitdesordre.com\/blog\/wp-json\/wp\/v2\/tags?post=4607"}],"curies":[{"name":"wp","href":"https:\/\/api.w.org\/{rel}","templated":true}]}}