{"id":4423,"date":"2012-03-26T11:34:49","date_gmt":"2012-03-26T10:34:49","guid":{"rendered":"http:\/\/www.cafaitdesordre.com\/blog\/?p=4423"},"modified":"2012-03-26T11:34:49","modified_gmt":"2012-03-26T10:34:49","slug":"rejouissons-nous-mardi-ca-fait-desordre-cest-demain-a-creteil","status":"publish","type":"post","link":"https:\/\/cafaitdesordre.com\/blog\/2012\/03\/rejouissons-nous-mardi-ca-fait-desordre-cest-demain-a-creteil\/","title":{"rendered":"Le 27 mars \u00e0 Cr\u00e9teil, ils ont \u00e9t\u00e9 merveilleux."},"content":{"rendered":"<p>Il a y\u00a0 des soirs o\u00f9 tout foire, d&rsquo;autres qui sont comme des petits miracles en suspension, au croisement du temps et de l&rsquo;espace. Ce fut ce genre de cadeau que les intervenants comme le public de Mardi \u00e7a fait d\u00e9sordre, fa\u00e7onn\u00e8rent ensemble \u00e0 Cr\u00e9teil le Mardi 27 Mars au Centre socio culturel Madeleine Reb\u00e9rioux. L&rsquo;acuit\u00e9 intellectuelle, la g\u00e9n\u00e9rosit\u00e9 de St\u00e9phane Hessel, son charisme y furent pour beaucoup, mais les autres intervenants\u00a0 furent au diapason. Qu&rsquo;il\u00a0 s&rsquo;agisse du Conseil des jeunes de Cr\u00e9teil, des danseuses de C\u00e9line Tringali, de la naissance d&rsquo;un grand journal, l&rsquo;Impossible cr\u00e9\u00e9 par Michel Butel, des contes d\u00a0\u00bbHamed Bouzzine, du collectif AC le feu anim\u00e9\u00a0 par Mohamed Mechmache, des vid\u00e9os de Reporter citoyen, des interventions de Philippe Merlant; au del\u00e0 des singularit\u00e9s propres \u00e0 chacun,\u00e9tait en marche un mouve,ment d&rsquo;exigence \u00e0\u00a0 hauteur de passion humaine. L&rsquo;\u00e9nergie communiqu\u00e9e \u00e0 chacun pourrait bien \u00eatre une invitation \u00e0 cr\u00e9er et \u00e0 recr\u00e9er.<\/p>\n<div id=\"attachment_4432\" style=\"width: 435px\" class=\"wp-caption alignleft\"><a href=\"http:\/\/www.cafaitdesordre.com\/blog\/wp-content\/uploads\/St\u00e9phane-Hessel-et-Michel-Butel.jpg\"><img aria-describedby=\"caption-attachment-4432\" decoding=\"async\" loading=\"lazy\" class=\"size-full wp-image-4432\" title=\"St\u00e9phane Hessel et Michel butel \u00e0 Mardi \u00e7a fa it d\u00e9sordre le 27 Mars\" src=\"http:\/\/www.cafaitdesordre.com\/blog\/wp-content\/uploads\/St\u00e9phane-Hessel-et-Michel-Butel.jpg\" alt=\"\" width=\"425\" height=\"285\" \/><\/a><p id=\"caption-attachment-4432\" class=\"wp-caption-text\">Photo Arielle bernheim<\/p><\/div>\n<p>Merci.Fran\u00e7ois Bernheim<\/p>\n<p><strong>Autres raisons de se r\u00e9jouir.<\/strong><\/p>\n<p>L&rsquo;impossible, le nouveau mensuel de Michel Butel est en kiosque comme\u00a0 dans\u00a0 les bonnes librairies. 5\u20ac pour avoir des nouvelles, nouvelles du monde. En parall\u00e8le une anthologie des meilleurs articles de l&rsquo;Autre Journal de Michel Butel ( 1984\/ 1992) vient d&rsquo;\u00eatre r\u00e9\u00e9dit\u00e9e par les \u00e9ditions des Ar\u00e8nes. Plus de 400 pages merveilleuses\u00a0 qui nous comblent pour 29,80 \u20ac<\/p>\n<p>le 27 mars\u00a0 sorti \u00ab\u00a0le Journal des Sans Voix\u00a0\u00bb Vous le trouverez en suppl\u00e9ment de votre quotidien favori. Reportages et r\u00e9daction sont assur\u00e9s par les \u00e9quipes de Reporter citoyen.<\/p>\n","protected":false},"excerpt":{"rendered":"<p>Il a y\u00a0 des soirs o\u00f9 tout foire, d&rsquo;autres qui sont comme des petits miracles en suspension, au croisement du temps et de l&rsquo;espace. Ce fut ce genre de cadeau que les intervenants comme le public de Mardi \u00e7a fait d\u00e9sordre, fa\u00e7onn\u00e8rent ensemble \u00e0 Cr\u00e9teil le Mardi 27 Mars au Centre socio culturel Madeleine Reb\u00e9rioux. [&hellip;]<\/p>\n","protected":false},"author":1,"featured_media":0,"comment_status":"open","ping_status":"open","sticky":false,"template":"","format":"standard","meta":[],"categories":[1],"tags":[],"_links":{"self":[{"href":"https:\/\/cafaitdesordre.com\/blog\/wp-json\/wp\/v2\/posts\/4423"}],"collection":[{"href":"https:\/\/cafaitdesordre.com\/blog\/wp-json\/wp\/v2\/posts"}],"about":[{"href":"https:\/\/cafaitdesordre.com\/blog\/wp-json\/wp\/v2\/types\/post"}],"author":[{"embeddable":true,"href":"https:\/\/cafaitdesordre.com\/blog\/wp-json\/wp\/v2\/users\/1"}],"replies":[{"embeddable":true,"href":"https:\/\/cafaitdesordre.com\/blog\/wp-json\/wp\/v2\/comments?post=4423"}],"version-history":[{"count":0,"href":"https:\/\/cafaitdesordre.com\/blog\/wp-json\/wp\/v2\/posts\/4423\/revisions"}],"wp:attachment":[{"href":"https:\/\/cafaitdesordre.com\/blog\/wp-json\/wp\/v2\/media?parent=4423"}],"wp:term":[{"taxonomy":"category","embeddable":true,"href":"https:\/\/cafaitdesordre.com\/blog\/wp-json\/wp\/v2\/categories?post=4423"},{"taxonomy":"post_tag","embeddable":true,"href":"https:\/\/cafaitdesordre.com\/blog\/wp-json\/wp\/v2\/tags?post=4423"}],"curies":[{"name":"wp","href":"https:\/\/api.w.org\/{rel}","templated":true}]}}