{"id":4418,"date":"2012-03-26T11:05:02","date_gmt":"2012-03-26T10:05:02","guid":{"rendered":"http:\/\/www.cafaitdesordre.com\/blog\/?p=4418"},"modified":"2012-03-26T11:05:02","modified_gmt":"2012-03-26T10:05:02","slug":"et-si-la-meilleure-facon-de-critiquer-les-medias-clones-etait-de-former-dautres-journalistes-capables-de-creer-des-medias-differents","status":"publish","type":"post","link":"https:\/\/cafaitdesordre.com\/blog\/2012\/03\/et-si-la-meilleure-facon-de-critiquer-les-medias-clones-etait-de-former-dautres-journalistes-capables-de-creer-des-medias-differents\/","title":{"rendered":"Et si la meilleure fa\u00e7on de critiquer les m\u00e9dias clon\u00e9s \u00e9tait de former d\u2019autres journalistes capables de cr\u00e9er des m\u00e9dias diff\u00e9rents ?"},"content":{"rendered":"<p><strong> <\/strong><\/p>\n<p><strong><\/p>\n<div id=\"attachment_4420\" style=\"width: 310px\" class=\"wp-caption alignleft\"><a href=\"http:\/\/www.cafaitdesordre.com\/blog\/wp-content\/uploads\/Groupecompress\u00e9.jpg\"><img aria-describedby=\"caption-attachment-4420\" decoding=\"async\" loading=\"lazy\" class=\"size-medium wp-image-4420\" title=\"Groupe(compress\u00e9)\" src=\"http:\/\/www.cafaitdesordre.com\/blog\/wp-content\/uploads\/Groupecompress\u00e9-300x200.jpg\" alt=\"\" width=\"300\" height=\"200\" \/><\/a><p id=\"caption-attachment-4420\" class=\"wp-caption-text\">Enthousiasme citoyen<\/p><\/div>\n<p><\/strong><\/p>\n<p><strong>Reporter citoyen, est depuis plusieurs num\u00e9ros de Mardi \u00e7a fait d\u00e9sordre, un partenaire moteur de notre aventure. A la veille d\u2019un Mardi, dont on reparlera, il nous a sembl\u00e9 important de mettre en avant une d\u00e9marche qui fait, chaque jour avancer la d\u00e9mocratie sur le terrain. Au-del\u00e0 de cette perspective r\u00e9jouissante, il est vivement conseill\u00e9 \u00a0\u00e0 qui veut recevoir une bouff\u00e9e de pur oxyg\u00e8ne\u00a0 de rencontrer ces nouveaux journalistes et leurs animateurs.<\/strong><\/p>\n<p><strong> <\/strong><\/p>\n<p><strong>Site\u00a0: reporter-citoyen.fr<\/strong><\/p>\n<p><strong>Pourquoi Reporter Citoyen\u00a0?<\/strong><\/p>\n<p>\u00ab\u00a0Parce que les m\u00e9dias doivent se remettre en question et que la profession de journaliste est largement r\u00e9serv\u00e9e \u00e0 ceux qui ont les moyens de se payer des \u00e9tudes, les \u00e9quipes de La T\u00e9l\u00e9Libre et de l\u2019Emi (\u00c9cole des m\u00e9tiers de l\u2019information) ont r\u00e9uni leurs comp\u00e9tences pour inventer Reporter citoyen. L\u2019id\u00e9e est simple : ouvrir la porte aux jeunes des quartiers populaires en leur proposant une formation gratuite sur une p\u00e9riode de trois ans<strong>. <\/strong>Depuis f\u00e9vrier 2010 et jusqu\u2019en juin 2012, une trentaine de jeunes filles et gar\u00e7ons de Bou\u00adlogne-Billancourt, Stains et Cr\u00e9teil se forment aux m\u00e9tiers du reportage multim\u00e9dia pour finir par la r\u00e9alisation d\u2019un web-doc participatif. Une for\u00admation \u00e0 la fois technique et \u00e9thique.<\/p>\n<p>Ag\u00e9s de 18 \u00e0 30 ans, les jeunes adultes poursuivent par ail\u00adleurs leurs \u00e9tudes ou ont une activit\u00e9 professionnelle.<\/p>\n<p>Chaque semaine en fin de jour\u00adn\u00e9e, ils retrouvent leur forma\u00adteur, Philippe Merlant, pour des sessions de cours dans les locaux de l\u2019emi, \u00e0 Paris, ou dans leurs quartiers respectifs.<\/p>\n<p>Les portes de La T\u00e9l\u00e9Libre leur sont ouvertes pour des stages pratiques et les professionnels de l\u2019association, r\u00e9unis autour de John Paul Lepers, assurent un suivi r\u00e9gulier de leurs pro\u00adductions audiovisuelles.<\/p>\n<p>Le projet Reporter citoyen est notamment soutenu par le conseil r\u00e9gional d\u2019Ile-de-France, par les trois villes concer\u00adn\u00e9es et par l\u2019Acs\u00e9 (Agence na\u00adtionale pour la coh\u00e9sion so\u00adciale et l\u2019\u00e9galit\u00e9 des chances).<\/p>\n<p>La sortie du web-documen\u00adtaire \u00ab Je suis un Reporter-Ci\u00adtoyen \u00bb, qui retrace la premi\u00e8re ann\u00e9e de formation, est l\u2019occa\u00adsion de dresser un bilan d\u2019\u00e9tape de cette exp\u00e9rience innovante \u00e0 destination des jeunes des quartiers populaires. Devant le succ\u00e8s de l\u2019op\u00e9ration et la demande des collectivit\u00e9s lo\u00adcales, l\u2019Emi et LaT\u00e9l\u00e9Libre ont d\u00e9cid\u00e9 de lancer une deuxi\u00e8me promotion, et de l\u2019inscrire dans un projet plus global, ce\u00adlui de l\u2019\u00c9cole populaire du m\u00e9\u00addia libre.\u00a0\u00bb<\/p>\n<p><strong>Joie ,puissance 3 <\/strong><\/p>\n<p><strong>Trois moments forts\u00a0 qui ont marqu\u00e9 Philippe Merlant l\u2019un des initiateurs de cette d\u00e9marche<\/strong><\/p>\n<p><strong> <\/strong><\/p>\n<p><strong>1\/ Le Forum Social de Dakar en janvier 2011<\/strong><\/p>\n<p>Les jeunes \u00e9quipes de Reporter citoyen \u00a0couvrent l\u2019\u00e9v\u00e8nement. Ils se trouvent plong\u00e9s dans un univers qu\u2019ils ne connaissent pas celui de la solidarit\u00e9 internationale structur\u00e9e. Subitement leur \u00e9quation personnelle, celle qu\u2019ils vivent dans leurs quartiers se trouve en phase avec l\u2019axe de la probl\u00e8matique Nord\/ Sud \u00e0 l\u2019\u00e9chelle mondiale. La rencontre a eu lieu.<\/p>\n<p><strong>2\/ Le Journal des Sans voix <\/strong><\/p>\n<p>En 2007 , plusieurs associations dont Amnesty, le Secours catholique \u00a0ATD Quart Monde, prennent l\u2019initiative de donner la parole au \u00ab\u00a0 Sans Voix\u00a0\u00bb<\/p>\n<p>Ce suppl\u00e9ment est encart\u00e9 dans les principaux quotidiens. En 2012 l\u2019initiative est r\u00e9actualis\u00e9e. Ce sont les \u00e9quipes de Reporter citoyen qui en ont assur\u00e9 la r\u00e9daction. Ce suppl\u00e9ment sort le 27 mars.<\/p>\n<p><strong>3\/ Les conf\u00e9rences de r\u00e9daction ouvertes<\/strong><\/p>\n<p>Reporter citoyen, invite les conseillers de quartier ,en g\u00e9n\u00e9ral des personnes \u00e2g\u00e9es \u00e0 des conf\u00e9rences de r\u00e9daction ouvertes.<\/p>\n<p>Les conseilleurs de quartier font de multiples propositions de reportage fort int\u00e9ressantes. Jeunes et vieux croisent leurs exp\u00e9riences pour aller plus loin. Ensemble.<\/p>\n<p>Voir le \u00a0Site<strong> : reporter-citoyen.fr<\/strong><\/p>\n","protected":false},"excerpt":{"rendered":"<p>Reporter citoyen, est depuis plusieurs num\u00e9ros de Mardi \u00e7a fait d\u00e9sordre, un partenaire moteur de notre aventure. A la veille d\u2019un Mardi, dont on reparlera, il nous a sembl\u00e9 important de mettre en avant une d\u00e9marche qui fait, chaque jour avancer la d\u00e9mocratie sur le terrain. Au-del\u00e0 de cette perspective r\u00e9jouissante, il est vivement conseill\u00e9 [&hellip;]<\/p>\n","protected":false},"author":1,"featured_media":0,"comment_status":"open","ping_status":"open","sticky":false,"template":"","format":"standard","meta":[],"categories":[1],"tags":[],"_links":{"self":[{"href":"https:\/\/cafaitdesordre.com\/blog\/wp-json\/wp\/v2\/posts\/4418"}],"collection":[{"href":"https:\/\/cafaitdesordre.com\/blog\/wp-json\/wp\/v2\/posts"}],"about":[{"href":"https:\/\/cafaitdesordre.com\/blog\/wp-json\/wp\/v2\/types\/post"}],"author":[{"embeddable":true,"href":"https:\/\/cafaitdesordre.com\/blog\/wp-json\/wp\/v2\/users\/1"}],"replies":[{"embeddable":true,"href":"https:\/\/cafaitdesordre.com\/blog\/wp-json\/wp\/v2\/comments?post=4418"}],"version-history":[{"count":0,"href":"https:\/\/cafaitdesordre.com\/blog\/wp-json\/wp\/v2\/posts\/4418\/revisions"}],"wp:attachment":[{"href":"https:\/\/cafaitdesordre.com\/blog\/wp-json\/wp\/v2\/media?parent=4418"}],"wp:term":[{"taxonomy":"category","embeddable":true,"href":"https:\/\/cafaitdesordre.com\/blog\/wp-json\/wp\/v2\/categories?post=4418"},{"taxonomy":"post_tag","embeddable":true,"href":"https:\/\/cafaitdesordre.com\/blog\/wp-json\/wp\/v2\/tags?post=4418"}],"curies":[{"name":"wp","href":"https:\/\/api.w.org\/{rel}","templated":true}]}}