{"id":4376,"date":"2012-03-08T10:02:03","date_gmt":"2012-03-08T09:02:03","guid":{"rendered":"http:\/\/www.cafaitdesordre.com\/blog\/?p=4376"},"modified":"2012-03-08T10:02:03","modified_gmt":"2012-03-08T09:02:03","slug":"lappel-des-femmes-arabes-pour-la-dignite-et-legalite","status":"publish","type":"post","link":"https:\/\/cafaitdesordre.com\/blog\/2012\/03\/lappel-des-femmes-arabes-pour-la-dignite-et-legalite\/","title":{"rendered":"L&rsquo;appel des femmes arabes pour la dignit\u00e9 et l&rsquo;\u00e9galit\u00e9"},"content":{"rendered":"<h1><\/h1>\n<div>\n<div>\n<p><img decoding=\"async\" title=\"Une femme, enroul\u00e9e dans le drapeau tunisien, manifeste dans une rue de Tunis, le 20 janvier 2011. | AFP\/MARTIN BUREAU\" src=\"http:\/\/s2.lemde.fr\/image\/2011\/01\/28\/540x270\/1472253_3_e64d_une-femme-enroulee-dans-le-drapeau-tunisien.jpg\" alt=\"Une femme, enroul\u00e9e dans le drapeau tunisien, manifeste dans une rue de Tunis, le 20 janvier 2011.\" border=\"0\" \/><\/p>\n<p><strong>Une femme, enroul\u00e9e dans le drapeau tunisien, manifeste dans une rue de Tunis, le 20 janvier 2011.AFP\/MARTIN BUREAU<\/strong><\/p>\n<\/div>\n<\/div>\n<h2>Nous, femmes arabes impliqu\u00e9es dans les luttes pour la d\u00e9mocratie, la dignit\u00e9 et l&rsquo;\u00e9galit\u00e9, nous, actrices au premier plan des changements exceptionnels que conna\u00eet le monde arabe, tenons \u00e0 <a href=\"http:\/\/conjugaison.lemonde.fr\/conjugaison\/search?verb=rappeler\" target=\"_blank\">rappeler<\/a> \u00e0 l&rsquo;opinion publique que les femmes sont en droit de <a href=\"http:\/\/conjugaison.lemonde.fr\/conjugaison\/search?verb=b%C3%A9n%C3%A9ficier\" target=\"_blank\">b\u00e9n\u00e9ficier<\/a> au m\u00eame <a href=\"http:\/\/conjugaison.lemonde.fr\/conjugaison\/search?verb=titre\" target=\"_blank\">titre<\/a> que les hommes du souffle de libert\u00e9 et de dignit\u00e9 qui gagne cette r\u00e9gion du monde.<\/h2>\n<p>Depuis toujours, les femmes m\u00e8nent des luttes pour <a href=\"http:\/\/conjugaison.lemonde.fr\/conjugaison\/search?verb=obtenir\" target=\"_blank\">obtenir<\/a> des acquis, plus ou moins importants selon les pays. Mais ces acquis demeurent en de\u00e7\u00e0 de leurs aspirations et font de leur statut un des plus recul\u00e9s dans le monde.<\/p>\n<div>\n<div id=\"pubOAS_middle\">\n<div>\n<div><a href=\"http:\/\/www.mpublicite.fr\/\" target=\"_blank\"><img decoding=\"async\" src=\"http:\/\/ad.lemde.fr\/RealMedia\/ads\/Creatives\/OasDefault\/publicite\/pub300t.gif\" alt=\"\" border=\"0\" \/><\/a><\/div>\n<\/div>\n<\/div>\n<\/div>\n<p>Les violences demeurent r\u00e9pandues tant dans l&rsquo;espace public que priv\u00e9 et tr\u00e8s peu de mesures sont prises pour <a href=\"http:\/\/conjugaison.lemonde.fr\/conjugaison\/search?verb=mettre\" target=\"_blank\">mettre<\/a> fin \u00e0 ce fl\u00e9au.<\/p>\n<p>Les codes de la famille ne sont dans la plupart des pays arabes que des textes instituant l&rsquo;exclusion et la discrimination.<\/p>\n<p>Les autres lois que sont le code de la nationalit\u00e9, certains codes civils et les lois p\u00e9nales ne font que <a href=\"http:\/\/conjugaison.lemonde.fr\/conjugaison\/search?verb=renforcer\" target=\"_blank\">renforcer<\/a> ces discriminations. Ces lois violent les droits les plus \u00e9l\u00e9mentaires et les libert\u00e9s fondamentales des femmes et des fillettes par l&rsquo;usage de la polygamie, le mariage des mineures, les in\u00e9galit\u00e9s en mati\u00e8re de mariage, de divorce, de tutelle sur les enfants ou encore l&rsquo;acc\u00e8s \u00e0 la propri\u00e9t\u00e9 et \u00e0 l&rsquo;h\u00e9ritage.<\/p>\n<p>Certaines lois permettent m\u00eame \u00e0 la parent\u00e8le masculine de <a href=\"http:\/\/conjugaison.lemonde.fr\/conjugaison\/search?verb=tuer\" target=\"_blank\">tuer<\/a> des femmes et des filles avec le b\u00e9n\u00e9fice de circonstances att\u00e9nuantes dans le cadre des crimes d&rsquo;honneur.<\/p>\n<p>Si la majorit\u00e9 des pays arabes (\u00e0 l&rsquo;exception du Soudan, et de la Somalie) a ratifi\u00e9 avec plus ou moins d&#8217;empressement la Convention sur l&rsquo;\u00e9limination de toutes les formes de discrimination \u00e0 l&rsquo;\u00e9gard des femmes (<a href=\"http:\/\/www.un.org\/womenwatch\/daw\/cedaw\/text\/fconvention.htm\" target=\"_blank\">Cedaw<\/a>), adopt\u00e9e par l&rsquo;ONU en 1979, ces ratifications sont rest\u00e9es sans impact r\u00e9el sur le statut et la condition des femmes.<\/p>\n<p>Aujourd&rsquo;hui que le monde arabe est en phase de construction d\u00e9mocratique pour la consolidation de l&rsquo;Etat de droit et des droits humains, nous consid\u00e9rons que si l&rsquo;\u00e9galit\u00e9 ne peut se <a href=\"http:\/\/conjugaison.lemonde.fr\/conjugaison\/search?verb=r%C3%A9aliser\" target=\"_blank\">r\u00e9aliser<\/a> sans la d\u00e9mocratie, la pleine jouissance de cette d\u00e9mocratie ne peut se <a href=\"http:\/\/conjugaison.lemonde.fr\/conjugaison\/search?verb=r%C3%A9aliser\" target=\"_blank\">r\u00e9aliser<\/a> sans une \u00e9galit\u00e9 totale entre les hommes et les femmes.<\/p>\n<p>C&rsquo;est pourquoi nous appelons les Etats, les partis politiques et la soci\u00e9t\u00e9 civile dans ces pays \u00e0 tout <a href=\"http:\/\/conjugaison.lemonde.fr\/conjugaison\/search?verb=faire\" target=\"_blank\">faire<\/a> pour que la dignit\u00e9 des femmes et leur \u00e9galit\u00e9 avec les hommes ne soient pas une fois de plus sacrifi\u00e9es au nom de pr\u00e9tendues priorit\u00e9s.<\/p>\n<p>Aucune d\u00e9mocratie en effet ne peut se <a href=\"http:\/\/conjugaison.lemonde.fr\/conjugaison\/search?verb=construire\" target=\"_blank\">construire<\/a> au d\u00e9triment de la moiti\u00e9 de la soci\u00e9t\u00e9. Ensemble nous avons fait notre pr\u00e9sent, ensemble nous construirons un <a href=\"http:\/\/conjugaison.lemonde.fr\/conjugaison\/search?verb=avenir\" target=\"_blank\">avenir<\/a> meilleur.<\/p>\n<p>Nous exigeons :<br \/>\n&#8211; la pr\u00e9servation des acquis, l&rsquo;\u00e9galit\u00e9 totale et effective et l&rsquo;inscription des droits des femmes dans les constitutions ;<br \/>\n&#8211; les mesures l\u00e9gislatives et administratives afin d&rsquo;<a href=\"http:\/\/conjugaison.lemonde.fr\/conjugaison\/search?verb=%C3%A9radiquer\" target=\"_blank\">\u00e9radiquer<\/a> les violences faites aux femmes ;<br \/>\n&#8211; la ratification et le respect de la Cedaw sans r\u00e9serve dans son esprit et dans toutes ses implications concr\u00e8tes ;<br \/>\n&#8211; l&rsquo;adoption de lois qui prot\u00e8gent les femmes des in\u00e9galit\u00e9s sociales et \u00e9conomiques, des discriminations, en particulier familiale ;<br \/>\n&#8211; les mesures d&rsquo;action positive afin d&rsquo;<a href=\"http:\/\/conjugaison.lemonde.fr\/conjugaison\/search?verb=assurer\" target=\"_blank\">assurer<\/a> l&rsquo;acc\u00e8s des femmes aux postes de d\u00e9cision et \u00e0 leur pleine participation \u00e0 la vie politique et associative ;<br \/>\n&#8211; la d\u00e9nonciation des voix qui s&rsquo;\u00e9l\u00e8vent ici et l\u00e0 pour <a href=\"http:\/\/conjugaison.lemonde.fr\/conjugaison\/search?verb=discriminer\" target=\"_blank\">discriminer<\/a> les femmes au nom d&rsquo;une lecture r\u00e9trograde des pr\u00e9ceptes religieux ainsi que celles qui voudraient leur <a href=\"http:\/\/conjugaison.lemonde.fr\/conjugaison\/search?verb=interdire\" target=\"_blank\">interdire<\/a> une participation pleine et enti\u00e8re \u00e0 une vie digne et respectueuse des droits humains ;<\/p>\n<p><span style=\"text-decoration: underline;\"><strong>Les huit signataires de l&rsquo;appel :<\/strong><\/span><\/p>\n<p>&nbsp;<\/p>\n<p><strong>&#8211; <a href=\"http:\/\/www.lemonde.fr\/sujet\/8720\/souhayr-belhassen.html\" target=\"_blank\">Souhayr Belhassen<\/a>, <\/strong>pr\u00e9sidente de la F\u00e9d\u00e9ration internationale des ligues des droits de l&rsquo;homme (<a href=\"http:\/\/www.fidh.org\/\" target=\"_blank\">FIDH<\/a>), tunisienne ; <strong><br \/>\n<\/strong><\/p>\n<p><strong>&#8211; <a href=\"http:\/\/www.lemonde.fr\/sujet\/8f65\/bochra-belhadj.html\" target=\"_blank\">Bochra Belhadj<\/a> Hmida, <\/strong>avocate, cofondatrice et ex-pr\u00e9sidente de l&rsquo;Association tunisienne des femmes d\u00e9mocrates, tunisienne ;<\/p>\n<p><strong>&#8211; <a href=\"http:\/\/www.lemonde.fr\/sujet\/69ff\/shahinaz-abdel.html\" target=\"_blank\">Shahinaz Abdel<\/a> Salam, <\/strong>blogueuse et activiste, \u00e9gyptienne ;<\/p>\n<p><strong>&#8211; Nawal El Saadawi, <\/strong>m\u00e9decin psychiatre, \u00e9crivain et f\u00e9ministe historique, \u00e9gyptienne ;<\/p>\n<p><strong>&#8211; <a href=\"http:\/\/www.lemonde.fr\/sujet\/3ad1\/tahani-rached.html\" target=\"_blank\">Tahani Rached<\/a>, <\/strong>r\u00e9alisatrice, \u00e9gyptienne ;<\/p>\n<p><strong>&#8211; <a href=\"http:\/\/www.lemonde.fr\/sujet\/82b5\/samar-yazbek.html\" target=\"_blank\">Samar Yazbek<\/a>, <\/strong>\u00e9crivain, syrienne ;<\/p>\n<p><strong>&#8211; <a href=\"http:\/\/www.lemonde.fr\/sujet\/ff6c\/azza-kamel.html\" target=\"_blank\">Azza Kamel<\/a> Maghur, <\/strong>avocate internationale et membre du Conseil Libyen des Droits de l&rsquo;Homme, libyenne ;<\/p>\n<p><strong>&#8211; <a href=\"http:\/\/www.lemonde.fr\/sujet\/563d\/wassyla-tamzali.html\" target=\"_blank\">Wassyla Tamzali<\/a>, <\/strong>f\u00e9ministe et essayiste, alg\u00e9rienne.<\/p>\n<p><span style=\"text-decoration: underline;\"><strong>Soutenues par :<\/strong><\/span><\/p>\n<p><strong><a href=\"http:\/\/www.lemonde.fr\/sujet\/6e16\/sylviane-agacinski.html\" target=\"_blank\">Sylviane Agacinski<\/a>, <\/strong>philosophe <strong>; <a href=\"http:\/\/www.lemonde.fr\/sujet\/aac5\/keren-ann.html\" target=\"_blank\">Keren Ann<\/a>, <\/strong>chanteuse ;<strong> <a href=\"http:\/\/www.lemonde.fr\/sujet\/704e\/elisabeth-badinter.html\" target=\"_blank\">Elisabeth Badinter<\/a>, <\/strong>philosophe ;<strong> <a href=\"http:\/\/www.lemonde.fr\/sujet\/2e4f\/josiane-balasko.html\" target=\"_blank\">Josiane Balasko<\/a>, <\/strong>com\u00e9dienne ;<strong> <a href=\"http:\/\/www.lemonde.fr\/sujet\/4839\/juliette-binoche.html\" target=\"_blank\">Juliette Binoche<\/a>, <\/strong>com\u00e9dienne ;<strong> <a href=\"http:\/\/www.lemonde.fr\/sujet\/e285\/dominique-blanc.html\" target=\"_blank\">Dominique Blanc<\/a>, <\/strong>com\u00e9dienne ;<strong> <a href=\"http:\/\/www.lemonde.fr\/sujet\/840c\/louis-chedid.html\" target=\"_blank\">Louis Chedid<\/a>, <\/strong>chanteur<strong> ; <a href=\"http:\/\/www.lemonde.fr\/sujet\/4b76\/umberto-eco.html\" target=\"_blank\">Umberto Eco<\/a>, <\/strong>\u00e9crivain ;<strong> <a href=\"http:\/\/www.lemonde.fr\/sujet\/df25\/marianne-faithfull.html\" target=\"_blank\">Marianne Faithfull<\/a>, <\/strong>chanteuse ;<strong> <a href=\"http:\/\/www.lemonde.fr\/sujet\/3045\/rene-frydman.html\" target=\"_blank\">Ren\u00e9 Frydman<\/a>, <\/strong>obst\u00e9tricien ;<strong> <a href=\"http:\/\/www.lemonde.fr\/sujet\/6468\/juliette-greco.html\" target=\"_blank\">Juliette Gr\u00e9co<\/a>, <\/strong>chanteuse ;<strong> <a href=\"http:\/\/www.lemonde.fr\/sujet\/ba84\/claudie-haignere.html\" target=\"_blank\">Claudie Haigner\u00e9<\/a>, <\/strong>astronaute et femme politique ; <strong><a href=\"http:\/\/www.lemonde.fr\/sujet\/92cc\/francoise-heritier.html\" target=\"_blank\">Fran\u00e7oise H\u00e9ritier<\/a>, <\/strong>anthropologue ;<strong> <a href=\"http:\/\/www.lemonde.fr\/sujet\/8745\/isabelle-huppert.html\" target=\"_blank\">Isabelle Huppert<\/a>, <\/strong>com\u00e9dienne ;<strong> <a href=\"http:\/\/www.lemonde.fr\/sujet\/e069\/axel-kahn.html\" target=\"_blank\">Axel Kahn<\/a>, <\/strong>g\u00e9n\u00e9ticien ;<strong> La <a href=\"http:\/\/www.lemonde.fr\/sujet\/1630\/grande-sophie.html\" target=\"_blank\">Grande Sophie<\/a>, <\/strong>chanteuse ;<strong> <a href=\"http:\/\/www.lemonde.fr\/sujet\/a393\/talisma-nasreen.html\" target=\"_blank\">Talisma Nasreen<\/a>,<\/strong> \u00e9crivain ; <strong><a href=\"http:\/\/www.lemonde.fr\/sujet\/4ea9\/olivia-ruiz.html\" target=\"_blank\">Olivia Ruiz<\/a>,<\/strong> chanteuse ;<strong> Rayhana, <\/strong>auteure et com\u00e9dienne ; <strong><a href=\"http:\/\/www.lemonde.fr\/sujet\/2562\/annette-wieviorka.html\" target=\"_blank\">Annette Wieviorka<\/a>, <\/strong>historienne ;<strong> <a href=\"http:\/\/www.lemonde.fr\/sujet\/cd9b\/mazarine-pingeot.html\" target=\"_blank\">Mazarine Pingeot<\/a>, <\/strong>professeure de philosophie et \u00e9crivain.<\/p>\n<p><strong>&#8212;&#8212;&#8212;&#8212;&#8212;&#8212;&#8212;&#8211;<\/strong><\/p>\n","protected":false},"excerpt":{"rendered":"<p>Une femme, enroul\u00e9e dans le drapeau tunisien, manifeste dans une rue de Tunis, le 20 janvier 2011.AFP\/MARTIN BUREAU Nous, femmes arabes impliqu\u00e9es dans les luttes pour la d\u00e9mocratie, la dignit\u00e9 et l&rsquo;\u00e9galit\u00e9, nous, actrices au premier plan des changements exceptionnels que conna\u00eet le monde arabe, tenons \u00e0 rappeler \u00e0 l&rsquo;opinion publique que les femmes sont [&hellip;]<\/p>\n","protected":false},"author":1,"featured_media":0,"comment_status":"open","ping_status":"open","sticky":false,"template":"","format":"standard","meta":[],"categories":[1],"tags":[],"_links":{"self":[{"href":"https:\/\/cafaitdesordre.com\/blog\/wp-json\/wp\/v2\/posts\/4376"}],"collection":[{"href":"https:\/\/cafaitdesordre.com\/blog\/wp-json\/wp\/v2\/posts"}],"about":[{"href":"https:\/\/cafaitdesordre.com\/blog\/wp-json\/wp\/v2\/types\/post"}],"author":[{"embeddable":true,"href":"https:\/\/cafaitdesordre.com\/blog\/wp-json\/wp\/v2\/users\/1"}],"replies":[{"embeddable":true,"href":"https:\/\/cafaitdesordre.com\/blog\/wp-json\/wp\/v2\/comments?post=4376"}],"version-history":[{"count":0,"href":"https:\/\/cafaitdesordre.com\/blog\/wp-json\/wp\/v2\/posts\/4376\/revisions"}],"wp:attachment":[{"href":"https:\/\/cafaitdesordre.com\/blog\/wp-json\/wp\/v2\/media?parent=4376"}],"wp:term":[{"taxonomy":"category","embeddable":true,"href":"https:\/\/cafaitdesordre.com\/blog\/wp-json\/wp\/v2\/categories?post=4376"},{"taxonomy":"post_tag","embeddable":true,"href":"https:\/\/cafaitdesordre.com\/blog\/wp-json\/wp\/v2\/tags?post=4376"}],"curies":[{"name":"wp","href":"https:\/\/api.w.org\/{rel}","templated":true}]}}