{"id":9969,"date":"2017-03-20T17:11:00","date_gmt":"2017-03-20T16:11:00","guid":{"rendered":"http:\/\/cafaitdesordre.com\/blog\/?p=9969"},"modified":"2017-07-23T17:39:44","modified_gmt":"2017-07-23T15:39:44","slug":"qui-vient-au-secours-du-peuple","status":"publish","type":"post","link":"http:\/\/cafaitdesordre.com\/blog\/2017\/03\/qui-vient-au-secours-du-peuple\/","title":{"rendered":"Qui vient au secours du peuple ?"},"content":{"rendered":"<p>A L\u2019heure o\u00f9 le non d\u00e9bat politique semble \u00eatre la loi d\u2019une campagne pr\u00e9sidentielle quasi incapable d\u2019\u00e9couter les cris de d\u00e9tresse et de rage de nos concitoyens , il nous a sembl\u00e9 utile de prendre compte la d\u00e9marche d\u2019associations humanitaires qui chaque jour font face \u00e0 la pauvret\u00e9 et \u00e0 l\u2019exclusion. Dans une soci\u00e9t\u00e9 o\u00f9 l\u2019\u00e9tat lib\u00e9ralpr\u00e9f\u00e8re compter sur des relais associatifs plut\u00f4t que d\u2019assumer la prise en charge de la d\u00e9tresse sociale, on doit se f\u00e9liciter d\u2019avoir en France des intervenants sociaux efficaces et faire notre possible pour les appuyer. Cela ne doit pas emp\u00eacher de nous poser des questions et de rester vigilants. Il serait en effet dommage que ceux qui donnent tant de courage et d\u2019\u00e9nergie au service de la solidarit\u00e9 puissent ,in fine, servir de b\u00e9quille \u00e0 un syst\u00e8me aussi injuste. Sans doute, faute de mieux revient-il aux individus d\u2019assumer au del\u00e0 de la solidarit\u00e9 associative, un engagement politique de remise en cause.<\/p>\n<p><strong>Le Secours populaire<\/strong><br \/>\nN\u00e9 en 1945, le Secours populaire est une association \u00e0 but non lucratif, reconnue d\u2019utilit\u00e9 publique et d\u00e9clar\u00e9e Grande cause nationale. Celle-ci est habilit\u00e9e \u00e0 recevoir des dons, des legs et des donations. L\u2019association s&rsquo;est donn\u00e9e pour mission d\u2019agir contre la pauvret\u00e9 et l&rsquo;exclusion en France et dans le monde et de promouvoir la solidarit\u00e9 et ses valeurs. Elle rassemble des personnes de toutes opinions, conditions et origines qui souhaitent faire vivre la solidarit\u00e9.( 1)<\/p>\n<p><strong>Julien Laupr\u00eatre pr\u00e9sident du Secours populaire <\/strong><img decoding=\"async\" loading=\"lazy\" class=\"alignleft size-full wp-image-9970\" src=\"http:\/\/cafaitdesordre.com\/blog\/wp-content\/uploads\/2017\/03\/220px-Julien_Laupretre.jpg\" alt=\"220px-Julien_Laupretre\" width=\"220\" height=\"295\" \/><br \/>\nJulien Laupr\u00eatre est n\u00e9 en 1926. En 1942, il fonde son r\u00e9seau de jeunes communistes r\u00e9sistants en 1942. Il est arr\u00eat\u00e9 et emprisonn\u00e9 en Novembre 1943. En 1949 il devient responsable des jeunesses communistes. En 1953 il devient l\u2019assistant du d\u00e9put\u00e9 communiste Ren\u00e9 Guyot. En 1954 il entre au Secours populaire, il en devient pr\u00e9sident en 1955. \u00ab Sous son influence, l\u2019association a \u00e9t\u00e9 pouss\u00e9e \u00e0 devenir ind\u00e9pendante du Parti communiste fran\u00e7ais. En effet, faisant une priorit\u00e9 \u00e0 l&rsquo;action humanitaire devant l&rsquo;action politique, il pensait que l&rsquo;association avait \u00e0 gagner \u00e0 se recentrer sur son r\u00f4le d&rsquo;association humanitaire plut\u00f4t que d&rsquo;intervenir sur le champ politique \u00bb ( 1)<\/p>\n<p><strong>Interview<\/strong><br \/>\nFB- Une association comme la v\u00f4tre a s\u00fbrement des alli\u00e9s mais a-t-elle des adversaires ?<br \/>\n&#8211; Julien Laupr\u00eatre<br \/>\nOui tous ceux qui font du mal \u00e0 notre soci\u00e9t\u00e9, les fauteurs de guerre, les dictateurs, les \u00e9go\u00efstes, les arrivistes, les sp\u00e9culateurs. Mais avant tout, nous sommes fiers d\u2019avoir largement contribu\u00e9 \u00e0 ce que toutes les associations humanitaires travaillent la main dans la main . Dans le pass\u00e9 le Secours catholique et le Sp se consid\u00e9raient comme des ennemis. J\u2019ai fait la connaissance de Monseigneur Robin qui \u00e9tait le secr\u00e9taire fondateur du Secours catholique. Je lui ai dit qu\u2019un jour il faudrait que l\u2019on arr\u00eate la guerre de religion, une sorte de d\u00e9testation r\u00e9ciproque. On a fait depuis de grands progr\u00e8s. A un moment l\u2019Europe a d\u00e9cid\u00e9 de supprim\u00e9 l\u2019aide alimentaire apport\u00e9e aux restaurants du c\u0153ur, au Secours populaire, les Banques alimentaires et \u00e0 la Croix rouge. J\u2019ai \u00e9t\u00e9 voir ces associations toutes menac\u00e9es d\u2019un d\u00e9sastre si l\u2019aide \u00e9tait supprim\u00e9e. On a r\u00e9ussi \u00e0 s\u2019entendre et \u00e0 mettre en \u00e9chec la mesure envisag\u00e9e. C\u2019est un grand succ\u00e8s fran\u00e7ais d\u2019avoir des associations qui travaillent la main dans la main. Ce qui toujours pr\u00e9occupant aujourd\u2019hui c\u2019est le racisme, l\u2019antis\u00e9mitisme , le rejet des immigr\u00e9s. Ces gens l\u00e0 ne viennent pas chercher le Club Med en France, ils sont chass\u00e9s de chez eux par la dictature, la violence, la peur de la mort.<br \/>\nIl me semble que les associations humanitaires ont quelque peu r\u00e9ussi \u00e0 faire reculer ces id\u00e9es n\u00e9fastes.<\/p>\n<p>&#8211; Pour votre association la notion d\u2019assist\u00e9 n\u2019existe pas ?<\/p>\n<p>Un million de personnes sont membres du Secours populaire Fran\u00e7ais, parmi elles 80 000 sont aussi des b\u00e9n\u00e9voles du SP. A ce double niveau nous sommes la premi\u00e8re association fran\u00e7aise. Nous sommes en accord avec Pasteur qui disait \u00ab je ne te demande ni tes opinions, ni ta religion mais quelle est ta souffrance. C\u2019est comme cela que le Sp enregistre des r\u00e9sultats spectaculaires sur la solidarit\u00e9. Celui qui donne et celui qui re\u00e7oit sont sur la m\u00eame ligne. Il faut aussi que celui qui re\u00e7oit fasse quelque chose pour s\u2019en sortir, pas seulement dire merci, mais demande ce qu\u2019il peut faire. Nous ne pratiquons ni la charit\u00e9 ni l\u2019assistance, mais la solidarit\u00e9. Parmi les gens en difficult\u00e9, certains deviennent actifs b\u00e9n\u00e9voles. Notre responsable solidarit\u00e9 national est un jeune qui venait demander \u00e0 manger au SP. Je tiens beaucoup \u00e0 cette id\u00e9e de participation des gens .Les enfants des personnes en aide peuvent participer au mouvement Copains du monde(2).<img decoding=\"async\" loading=\"lazy\" class=\"alignleft size-medium wp-image-9971\" src=\"http:\/\/cafaitdesordre.com\/blog\/wp-content\/uploads\/2017\/03\/20130407-club-copain-du-monde-maroc-300x141.jpg\" alt=\"20130407-club-copain-du-monde-maroc\" width=\"300\" height=\"141\" srcset=\"http:\/\/cafaitdesordre.com\/blog\/wp-content\/uploads\/2017\/03\/20130407-club-copain-du-monde-maroc-300x141.jpg 300w, http:\/\/cafaitdesordre.com\/blog\/wp-content\/uploads\/2017\/03\/20130407-club-copain-du-monde-maroc.jpg 760w\" sizes=\"(max-width: 300px) 100vw, 300px\" \/><\/p>\n<p>Une femme qui regrette de ne plus pouvoir cuisiner pourra cr\u00e9er un atelier cuisine, apprendre aux autres \u00e0 cuisiner. Il n\u2019y a pas d\u2019un c\u00f4t\u00e9 de la barri\u00e8re des gens qui ont les moyens qui donnent et d\u2019autres qui re\u00e7oivent. A travers l\u2019engagement des uns et des autres nous voulons recr\u00e9er de a coh\u00e9sion sociale.<br \/>\nMoi qui suis un ancien r\u00e9sistant qui ai connu l\u2019occupation, la guerre, la prison, je sais n\u2019y a pas de fatalit\u00e9. La France n\u2019est pas condamn\u00e9e \u00e0 avoir toujours des pauvres Il y a tr\u00e8s peu de gens qui refusent de nous aider. D\u2019un c\u00f4t\u00e9 on voit bien la mont\u00e9e du racisme, de l\u2019antis\u00e9mitisme du fascisme et en m\u00eame temps il y a un mouvement de r\u00e9sistance. Il y a le boulanger qui vous dit vous m\u2019achetez une baguette, achetez en une autre pour quelqu\u2019un qui n\u2019a pas les moyens., ou un restaurant qui nous offre 50 repas. J\u2019ai vu des gens qui pour la premi\u00e8re fois mettaient les pieds au restaurant, ils ne savent ni o\u00f9 d\u00e9poser leurs habits ni choisir un plat dans un menu. Il faut les aider. Pratiquer la solidarit\u00e9 \u00ab tout ce qui est humain est notre \u00bbest un bon moyen de r\u00e9sister aux mouvements de rejet d\u2019exclusion qui se d\u00e9veloppent dans notre pays. Il faut rassembler les gens.<br \/>\nPour cela notre mouvement est tr\u00e8s d\u00e9centralis\u00e9, avec des f\u00e9d\u00e9rations d\u00e9partementales partout, soit 1400 points d\u2019appui de solidarit\u00e9. Notre premi\u00e8re qualit\u00e9 est notre ind\u00e9pendance totale vis \u00e0 vis de qui que ce soit. Le SP issu du Secours rouge ( 1923) a, depuis plus de 40 ans coup\u00e9 toute forme de courroie de transmission le reliant au parti communiste. Pour faire face \u00e0 ses exigences propres et faire face \u00e0 la croissance des besoins de solidarit\u00e9 le SP devait se tenir en dehors de toute option politique ou marquage id\u00e9ologique discriminatoire) chacun bien s\u00fbr a droit \u00e0 avoir ses propres options politiques qui ne peuvent jamais engager le Sp. Nous sommes ind\u00e9pendants et c\u2019est nous qui d\u00e9cidons de tout jusqu\u2019au plus petit d\u00e9tail. Sous l\u2019occupation le SP a \u00e9t\u00e9 dissous mais nous avons continu\u00e9 \u00e0 avoir des activit\u00e9s de solidarit\u00e9. La moiti\u00e9 des dirigeants du SP de France et des colonies qui ont \u00e9t\u00e9 fusill\u00e9s ou d\u00e9port\u00e9s. Le Sp actuel est n\u00e9 en 1945, ind\u00e9pendant et d\u00e9centralis\u00e9. Lorsqu\u2019il y a eu la catastrophe de Fr\u00e9jus au barrage de Malpaset en 1959, sans demander l\u2019avis de personne, j\u2019ai \u00e9t\u00e9 voir le maire de droite de Saint Raphael en lui proposant de transformer sa salle des f\u00eates en permanence du SP pour recevoir les colis, dons etc il a \u00e9t\u00e9 d\u2019accord . A partir de l\u00e0 que c\u2019est fait le grand bond en avant du Sp<br \/>\nc\u2019\u00e9tait une vraie rupture avec le pass\u00e9. J\u2019ai \u00e9t\u00e9 marqu\u00e9 par le fait d\u2019avoir connu la prison comme r\u00e9sistant, d\u2019avoir vu des individus partir pour le peloton d\u2019ex\u00e9cution. J\u2019ai pass\u00e9 8 jours et 8 nuits avec les gens de la MOI ( 3 ) , la main d\u2019\u0153uvre immigr\u00e9e tous fusill\u00e9s. Les nazis ont \u00e9dit\u00e9 l\u2019Affiche Rouge, afin de montrer que c\u2019\u00e9taient tous des assassins . c\u2019\u00e9taient tous des \u00e9trangers qui ont laiss\u00e9 leur vie pour la France. quand je vois aujourd\u2019hui le m\u00e9pris que certains ont vis \u00e0 vis des immigr\u00e9s, je ne peux m\u2019emp\u00eacher de penser au courage de ces hommes. La chasse aux r\u00e9fugi\u00e9s immigr\u00e9s me r\u00e9volte.<br \/>\nJe me souviens de Manoukian qui m\u2019a dit : moi petit je vais \u00eatre fusill\u00e9 et toi tu vas t\u2019en sortir ;il faudra continuer, la soci\u00e9t\u00e9 est trop injuste. ces paroles m\u2019ont marqu\u00e9, j\u2019y pense tous les jours. Aujourd\u2019hui on vit une toute autre p\u00e9riode mais il faut que l\u2019on ait toujours cette id\u00e9e de r\u00e9sister. On ne peut pas se r\u00e9signer \u00e0 ce que les gens soient toujours pauvres, n\u2019aient jamais de vacances. On a plus d\u2019un million de membres . Quel parti politique, quelle association peut en dire autant ? On agit sur les cons\u00e9quences des drames, quelle que soit l\u2019opinion que l\u2019on peut avoir sur les causes.<br \/>\nOn ne va pas dire \u00e0 quelqu\u2019un qui est en train de se noyer qu\u2019il fallait regarder les horaires des mar\u00e9es. On lance des bou\u00e9es pour que les gens s\u2019en sortent On ne lance pas de d\u00e9bat sur les causes du ch\u00f4mage, mais on fait partir des dizaines de gosses en vacances.<\/p>\n<p>Le Secours populaire a-t-il une action internationale importante ?<br \/>\nOn est pr\u00e9sent dans plus de 50 pays, Il n\u2019y a pas un Secours populaire international mais des associations ind\u00e9pendantes qui travaillent dans le m\u00eame esprit que nous. On a une grande r\u00e9ussite avec notre mouvement \u00ab Copains du monde \u00bb c\u2019est \u00e0 dire apprendre aux enfants \u00e0 s\u2019aimer plut\u00f4t qu\u2019\u00e0 s\u2019entre- tuer, \u00e0 se r\u00e9unir plut\u00f4t qu\u2019\u00e0 se fuir. Cette ann\u00e9e en France , il y a eu 14 villages \u00ab Enfants copains du monde \u00bb qui ont re\u00e7u des petits am\u00e9ricains, canadiens, japonais. Ce mouvement dans 10 ans sera tr\u00e8s important et d\u00e9veloppera une solidarit\u00e9 \u00e0 l\u2019\u00e9chelle mondiale. Cette ann\u00e9e on a eu aussi 17 villages actifs \u00e0 l\u2019\u00e9tranger dont un dans un pays aussi menac\u00e9 que le Liban . ce village re\u00e7oit des enfants syriens, fran\u00e7ais. Cette initiative a le vent en poupe depuis 2 ans .Il y a environ 10 ans nous avons fait un congr\u00e8s enti\u00e8rement consacr\u00e9 \u00e0 la culture. La culture \u00e7a change la vie. Vous proposez \u00e0 une famille des places \u00e0 l\u2019op\u00e9ra dans 15 jours. Comment je vais m\u2019habiller. Faire face au regard des autres. Est-ce que je vais comprendre quelque chose . Nous est heureux quand ils sortent de l\u2019\u00e9v\u00e9nement en disant \u00ab j\u2019aimerais bien y retourner \u00bb On se rend compte que les gens qui ont acc\u00e8s \u00e0 la culture trouvent une force plus grande dans leur citoyennet\u00e9, l\u2019amour de la vie leur permet de mieux surmonter les difficult\u00e9s. Le sport fait partie de la culture, on a un partenariat avec toutes les grandes f\u00e9d\u00e9rations qui nous offrent des places. Le m\u00eame qui va voir un match ou une comp\u00e9tition de ski , il se sent beaucoup mieux apr\u00e8s. Celui qui n\u2019est jamais parti en vacances quand on lui offre une journ\u00e9e, cela peu sembler chiche, mais cela change tout ,il devient comme les autres, et peut alimenter une r\u00e9daction sur ce th\u00e8me. S\u2019il a vu la mer pour la premi\u00e8re fois ou la tour Eiffel c\u2019est d\u00e9cisif.<br \/>\nQuand il est avec ses copains, il peut leur raconter son aventure comme si il avait \u00e9t\u00e9 3 semaines \u00e0 Saint Tropez. Il deviennent comme les autres , ils se sentent l\u00e9gitim\u00e9s. Les journ\u00e9es des oubli\u00e9s des vacances, c\u2019est historique. Ce sont de grandes satisfactions dans un village vous voyez des petits isra\u00ebliens jouer avec de petits palestiniens ou des petits chinois, jouer avec de petits vietnamiens. On change les mentalit\u00e9s. Quand ces gosses .rentreront dans leur pays, ils feront quelque chose pour d\u00e9velopper la solidarit\u00e9. Notre passage sur terre est tr\u00e8s court et c\u2019est bon de se sentir utile \u00e0 quelque chose.<br \/>\nDans notre soci\u00e9t\u00e9, il y a toute la pourriture, la violence, les attentats, le racisme et en m\u00eame temps il y a une volont\u00e9 d\u2019\u00eatre solidaires, \u00e7a change la vie.<\/p>\n<p>C\u2019est vrai que les associations en France jouent un r\u00f4le tr\u00e8s important. La solidarit\u00e9 ne r\u00e8gle pas tout mais elle apporte une lueur d\u2019espoir dans un univers bien noir. L\u2019ann\u00e9e derni\u00e8re nous avons distribu\u00e9 180 millions de repas. On est \u00e0 la fois aiguillon des pouvoirs publics et avocats des pauvres. Il faudrait aussi que tous nos compatriotes re\u00e7oivent une \u00e9ducation leur permettant d\u2019exercer leur solidarit\u00e9. Ils faut donner des moyens aux associations pour quelles puissent r\u00e9pondre \u00e0 cette demande de solidarit\u00e9 et lutter contre le gaspillage.<br \/>\nJe crois vraiment en l\u2019\u00eatre humain, il faudrait aussi que les m\u00e9dias mettent en avant tous ces jeunes qui travaillent pour l\u2019humanit\u00e9 plut\u00f4t que de nous montrer sans arr\u00eat des voitures qui br\u00fblent. Il y a des choses qui avancent .<\/p>\n<p>(1) Wikip\u00e9dia<\/p>\n<p>(2) On compte une centaine de clubs Copain du monde en France. Des clubs se sont aussi form\u00e9s en C\u00f4te d\u2019Ivoire, au Maroc, au Salvador\u2026 Les enfants s&rsquo;y r\u00e9unissent r\u00e9guli\u00e8rement pour \u00eatre sensibilis\u00e9s \u00e0 la solidarit\u00e9, aux valeurs de partage et d\u2019entraide.<br \/>\nToute l\u2019ann\u00e9e, ils mettent en place des actions en faveur des personnes en difficult\u00e9 en France et dans le monde. Ils collectent de l\u2019argent, recueillent du mat\u00e9riel, des denr\u00e9es alimentaires et conduisent des projets solidaires accompagn\u00e9s par des adultes. Ils participent \u00e0 des actions dans leurs quartiers, leurs \u00e9coles ou leurs centres de loisir. Ils manifestent aux personnes seules leur sympathie par le biais de courriers et de dessins.<br \/>\nLes enfants apprennent qu\u2019ils ont des droits, mais aussi que ceux-ci ne sont pas toujours respect\u00e9s. Il faut donc les d\u00e9fendre et agir pour am\u00e9liorer les conditions de vie des enfants dans le monde. Ils tissent des liens d\u2019amiti\u00e9 avec des enfants d\u2019autres pays et entretiennent des correspondances. L\u2019\u00e9t\u00e9, les enfants venus de diff\u00e9rents pays ont le plaisir de se retrouver dans les villages copain du Monde. Ils partagent des moments forts d\u2019\u00e9changes autour d\u2019activit\u00e9s sportives et culturelles et participent \u00e0 des projets solidaires.<br \/>\n(3) La Main-d&rsquo;\u0153uvre immigr\u00e9e, g\u00e9n\u00e9ralement d\u00e9sign\u00e9e par le sigle MOI, fut d&rsquo;abord une organisation de type syndical, regroupant les travailleurs immigr\u00e9s de la Conf\u00e9d\u00e9ration g\u00e9n\u00e9rale du travail unitaire (CGTU) dans les ann\u00e9es 1920. Elle s&rsquo;appela d&rsquo;abord MOE : Main d&rsquo;\u0153uvre \u00e9trang\u00e8re et d\u00e9pendait de l&rsquo;Internationale syndicale rouge (ISR). \u00c0 cause de la vague de x\u00e9nophobie des ann\u00e9es 1930, le Parti communiste fran\u00e7ais, qui dirige de fait ce secteur syndical, lui pr\u00e9f\u00e9ra le terme de MOI..<br \/>\nL&rsquo;organisation joue un r\u00f4le de soutien important pendant la guerre civile espagnole aux R\u00e9publicains espagnols puis prend activement part \u00e0 la R\u00e9sistance.Le plus c\u00e9l\u00e8bre de ses membres est Missak Manouchian et la FTP-MOI est rendue c\u00e9l\u00e8bre par l&rsquo;Affiche rouge, une affiche de propagande allemande exposant les photos de 10 des 23 membres de la FTP-MOI apr\u00e8s leur arrestation \u00e0 la fin de 1943, stigmatisant la pr\u00e9sence d&rsquo;\u00e9trangers et de Juifs dans la R\u00e9sistance fran\u00e7aise et parlant d&rsquo;\u00ab arm\u00e9e du crime \u00bb<\/p>\n<p>Prochain article<br \/>\nL\u2019antenne du Secours populaire de Boulogne Billancourt<\/p>\n<p><span style=\"border-radius: 2px; text-indent: 20px; width: auto; padding: 0px 4px 0px 0px; text-align: center; font: bold 11px\/20px 'Helvetica Neue',Helvetica,sans-serif; color: #ffffff; background: #bd081c  no-repeat scroll 3px 50% \/ 14px 14px; position: absolute; opacity: 1; z-index: 8675309; display: none; cursor: pointer;\">Enregistrer<\/span><\/p>\n","protected":false},"excerpt":{"rendered":"<p>A L\u2019heure o\u00f9 le non d\u00e9bat politique semble \u00eatre la loi d\u2019une campagne pr\u00e9sidentielle quasi incapable d\u2019\u00e9couter les cris de d\u00e9tresse et de rage de nos concitoyens , il nous a sembl\u00e9 utile de prendre compte la d\u00e9marche d\u2019associations humanitaires qui chaque jour font face \u00e0 la pauvret\u00e9 et \u00e0 l\u2019exclusion. Dans une soci\u00e9t\u00e9 o\u00f9 [&hellip;]<\/p>\n","protected":false},"author":1,"featured_media":9972,"comment_status":"open","ping_status":"open","sticky":false,"template":"","format":"standard","meta":[],"categories":[705,718,700],"tags":[],"_links":{"self":[{"href":"http:\/\/cafaitdesordre.com\/blog\/wp-json\/wp\/v2\/posts\/9969"}],"collection":[{"href":"http:\/\/cafaitdesordre.com\/blog\/wp-json\/wp\/v2\/posts"}],"about":[{"href":"http:\/\/cafaitdesordre.com\/blog\/wp-json\/wp\/v2\/types\/post"}],"author":[{"embeddable":true,"href":"http:\/\/cafaitdesordre.com\/blog\/wp-json\/wp\/v2\/users\/1"}],"replies":[{"embeddable":true,"href":"http:\/\/cafaitdesordre.com\/blog\/wp-json\/wp\/v2\/comments?post=9969"}],"version-history":[{"count":2,"href":"http:\/\/cafaitdesordre.com\/blog\/wp-json\/wp\/v2\/posts\/9969\/revisions"}],"predecessor-version":[{"id":10070,"href":"http:\/\/cafaitdesordre.com\/blog\/wp-json\/wp\/v2\/posts\/9969\/revisions\/10070"}],"wp:featuredmedia":[{"embeddable":true,"href":"http:\/\/cafaitdesordre.com\/blog\/wp-json\/wp\/v2\/media\/9972"}],"wp:attachment":[{"href":"http:\/\/cafaitdesordre.com\/blog\/wp-json\/wp\/v2\/media?parent=9969"}],"wp:term":[{"taxonomy":"category","embeddable":true,"href":"http:\/\/cafaitdesordre.com\/blog\/wp-json\/wp\/v2\/categories?post=9969"},{"taxonomy":"post_tag","embeddable":true,"href":"http:\/\/cafaitdesordre.com\/blog\/wp-json\/wp\/v2\/tags?post=9969"}],"curies":[{"name":"wp","href":"https:\/\/api.w.org\/{rel}","templated":true}]}}