{"id":9955,"date":"2017-02-27T11:08:54","date_gmt":"2017-02-27T10:08:54","guid":{"rendered":"http:\/\/cafaitdesordre.com\/blog\/?p=9955"},"modified":"2017-07-27T22:13:36","modified_gmt":"2017-07-27T20:13:36","slug":"de-quoi-a-t-on-le-droit-de-mourir-a-90-ans","status":"publish","type":"post","link":"http:\/\/cafaitdesordre.com\/blog\/2017\/02\/de-quoi-a-t-on-le-droit-de-mourir-a-90-ans\/","title":{"rendered":"Marie de Hennezel . De quoi a-t-on le droit de mourir \u00e0 90 ans ?"},"content":{"rendered":"<p><em>Marie de Hennezel est psychologue et psychoth\u00e9rapeute.A l&rsquo;\u00e9coute des personnes \u00e2g\u00e9es et en fin de vie elle n&rsquo;a cess\u00e9 de se consacrer au respect de leur dignit\u00e9 et \u00e0 leur bien \u00eatre. Aujourd&rsquo;hui elle pousse un coup de gueule salutaire. Son refus de l&rsquo;instrumentalisation du d\u00e9c\u00e8s de personnes \u00e2g\u00e9es m\u00e9rite r\u00e9flexion et d\u00e9bat. Avec son aimable autorisation nous reproduisons sur ce blog la tribune libre mise en ligne sur Lib\u00e9ration.fr le 13\/ 02\/2017<\/em><\/p>\n<p>En ce d\u00e9but d\u2019ann\u00e9e, s\u00e9vit une \u00e9pid\u00e9mie de grippe s\u00e9v\u00e8re. Dans une maison de retraite de Lyon, 13 personnes \u00e2g\u00e9es de plus de 90 ans sont mortes de la grippe et voil\u00e0 que le minist\u00e8re de la Sant\u00e9 \u00abcommunique\u00bb \u00e0 grand bruit sur cet \u00e9v\u00e9nement qu\u2019il qualifie d\u2019\u00abexceptionnel\u00bb, diligente une enqu\u00eate de l\u2019Inspection g\u00e9n\u00e9rale des affaires sociales (l&rsquo;Igas), jetant par voie de cons\u00e9quence l\u2019opprobre sur une institution et son personnel, soup\u00e7onn\u00e9s de n\u2019avoir pas pris toutes les mesures de pr\u00e9caution n\u00e9cessaires, m\u00eame si en fin de compte ce rapport ne r\u00e9v\u00e8le rien de significatif.<\/p>\n<p>La disproportion entre cette r\u00e9action de Marisol Touraine et la r\u00e9alit\u00e9 pose question. Si la ministre veut se servir de cet \u00e9v\u00e9nement pour appuyer sa campagne en faveur de la vaccination, je d\u00e9plore qu\u2019elle n\u2019ait pas eu conscience du mal fond\u00e9 de sa d\u00e9marche, ni des cons\u00e9quences de son action qui culpabilise \u00e0 tort un personnel, auquel notre soci\u00e9t\u00e9 confie les \u00e2g\u00e9s dont les familles ne veulent ou ne peuvent plus s\u2019occuper, et dont le d\u00e9vouement est bien peu valoris\u00e9.<\/p>\n<p>Mal fond\u00e9e en effet, une r\u00e9action qui dramatise une situation somme toute assez normale. On sait que le vaccin de la grippe n\u2019est efficace qu\u2019\u00e0 60%, on sait qu\u2019on ne peut pas l\u2019imposer. On sait que la loi Clayes-Leonetti reconna\u00eet \u00e0 la personne le droit de refuser un traitement susceptible de prolonger une vie dont elle ne veut plus. Alors pourquoi tout ce bruit pour 13 personnes sur 101 r\u00e9sidents qui succombent \u00e0 la grippe ?<\/p>\n<p><strong>Incoh\u00e9rence<\/strong><br \/>\nJe trouve par ailleurs incoh\u00e9rent qu\u2019une femme politique qui n\u2019a cess\u00e9 de plaider en faveur d\u2019une l\u00e9galisation de l\u2019aide active \u00e0 mourir (euthanasie ou suicide assist\u00e9), semble laisser penser qu\u2019il est plus grave de mourir de la grippe que d\u2019une injection l\u00e9tale (si elle \u00e9tait autoris\u00e9e un jour). Ignore-t-on au minist\u00e8re de la Sant\u00e9 qu\u2019une fa\u00e7on naturelle de mourir pour une personne tr\u00e8s \u00e2g\u00e9e, fragile, et lass\u00e9e de vivre parce qu\u2019elle a fait son temps, est pr\u00e9cis\u00e9ment de mourir de la grippe en hiver, ou d\u2019une pneumonie ? De quoi a-t-on le droit de mourir, aujourd\u2019hui, quand on a d\u00e9pass\u00e9 90 ans ?<\/p>\n<p>La prise en charge de nos a\u00een\u00e9s implique \u00e9videmment de prendre soin d\u2019eux et de les soigner. Leur proposer d\u2019\u00eatre vaccin\u00e9s de la grippe fait partie des modalit\u00e9s de pr\u00e9vention raisonnables. Mais si elles refusent \u2013 ce qui a \u00e9t\u00e9 le cas de 3 personnes parmi les 13 d\u00e9c\u00e9d\u00e9es de la grippe dans l\u2019Ehpad (\u00e9tablissements d\u2019h\u00e9bergement pour personnes \u00e2g\u00e9es d\u00e9pendantes) de Lyon \u2013 faut-il les forcer ? Ne peut-on admettre que des personnes tr\u00e8s \u00e2g\u00e9es d\u00e9sirent consciemment ou inconsciemment mourir ?<\/p>\n<p>On m\u2019a rapport\u00e9 si souvent, ces derni\u00e8res ann\u00e9es, les propos de ceux qui r\u00e9clament en sourdine la mort, cessent de s\u2019alimenter, parce que la vie tout simplement commence \u00e0 les quitter. Ne peut-on penser que le syst\u00e8me immunitaire de ceux-ci s\u2019est affaibli au point que, vaccin\u00e9s ou pas, leur corps peut enfin \u00eatre d\u00e9livr\u00e9 ?<\/p>\n<p>Ces confidences m\u2019ont convaincue de l\u2019importance d\u2019\u00e9couter nos \u00e2g\u00e9s, de capter les signes qu\u2019ils nous donnent, au lieu d\u2019appliquer sans \u00e2me les consignes impos\u00e9es par l\u2019administration.<\/p>\n<p><strong>A l\u2019\u00e9coute<\/strong><br \/>\nSi nous \u00e9tions plus \u00e0 l\u2019\u00e9coute de ce que nous disent les tr\u00e8s vieux, si nous ne nous offusquions pas qu\u2019une \u00e9pid\u00e9mie de grippe en emporte quelques-uns, nous ne serions pas politiquement obs\u00e9d\u00e9s par le vote d\u2019une loi qui leur permette un jour d\u2019\u00eatre d\u00e9livr\u00e9s par un geste de mort.<\/p>\n<p>Enfin, j\u2019appelle de mes v\u0153ux qu\u2019un prochain minist\u00e8re de la Sant\u00e9 ne se pr\u00e9occupe pas seulement de la vaccination de tous ses \u00e2g\u00e9s, mais sache prendre la mesure du chantier \u00e9norme qui reste \u00e0 r\u00e9aliser pour que les Ehpad soient des lieux o\u00f9 la dignit\u00e9 de la vie soit pr\u00e9serv\u00e9e, o\u00f9 les personnels soient form\u00e9s \u00e0 l\u2019\u00e9coute et au tact, o\u00f9 les douleurs soient soulag\u00e9es, les derniers instants accompagn\u00e9s et o\u00f9 la mort ne soit pas une disparition mais un moment sacr\u00e9, le dernier, d\u2019une vie.<\/p>\n<p>Marie de Hennezel Psychologue, psychoth\u00e9rapeute<\/p>\n<p><strong>derniers ouvrages publi\u00e9s :<\/strong><\/p>\n<p><strong>Croire aux forces de l&rsquo;esprit<\/strong> Fran\u00e7ois Mitterandune qu\u00eate spirituelle &#8211; Fayard 2016<\/p>\n<p><strong>Sex &amp; Sixty <\/strong> un avenir pour l&rsquo;intimit\u00e9 amoureuse &#8211; Robert Laffont 2015<\/p>\n<p>Photo Arielle Bernheim<\/p>\n","protected":false},"excerpt":{"rendered":"<p>Marie de Hennezel est psychologue et psychoth\u00e9rapeute.A l&rsquo;\u00e9coute des personnes \u00e2g\u00e9es et en fin de vie elle n&rsquo;a cess\u00e9 de se consacrer au respect de leur dignit\u00e9 et \u00e0 leur bien \u00eatre. Aujourd&rsquo;hui elle pousse un coup de gueule salutaire. Son refus de l&rsquo;instrumentalisation du d\u00e9c\u00e8s de personnes \u00e2g\u00e9es m\u00e9rite r\u00e9flexion et d\u00e9bat. Avec son [&hellip;]<\/p>\n","protected":false},"author":1,"featured_media":8293,"comment_status":"open","ping_status":"open","sticky":false,"template":"","format":"standard","meta":[],"categories":[705,718,698,702],"tags":[1363,1362,720],"_links":{"self":[{"href":"http:\/\/cafaitdesordre.com\/blog\/wp-json\/wp\/v2\/posts\/9955"}],"collection":[{"href":"http:\/\/cafaitdesordre.com\/blog\/wp-json\/wp\/v2\/posts"}],"about":[{"href":"http:\/\/cafaitdesordre.com\/blog\/wp-json\/wp\/v2\/types\/post"}],"author":[{"embeddable":true,"href":"http:\/\/cafaitdesordre.com\/blog\/wp-json\/wp\/v2\/users\/1"}],"replies":[{"embeddable":true,"href":"http:\/\/cafaitdesordre.com\/blog\/wp-json\/wp\/v2\/comments?post=9955"}],"version-history":[{"count":5,"href":"http:\/\/cafaitdesordre.com\/blog\/wp-json\/wp\/v2\/posts\/9955\/revisions"}],"predecessor-version":[{"id":10110,"href":"http:\/\/cafaitdesordre.com\/blog\/wp-json\/wp\/v2\/posts\/9955\/revisions\/10110"}],"wp:featuredmedia":[{"embeddable":true,"href":"http:\/\/cafaitdesordre.com\/blog\/wp-json\/wp\/v2\/media\/8293"}],"wp:attachment":[{"href":"http:\/\/cafaitdesordre.com\/blog\/wp-json\/wp\/v2\/media?parent=9955"}],"wp:term":[{"taxonomy":"category","embeddable":true,"href":"http:\/\/cafaitdesordre.com\/blog\/wp-json\/wp\/v2\/categories?post=9955"},{"taxonomy":"post_tag","embeddable":true,"href":"http:\/\/cafaitdesordre.com\/blog\/wp-json\/wp\/v2\/tags?post=9955"}],"curies":[{"name":"wp","href":"https:\/\/api.w.org\/{rel}","templated":true}]}}