{"id":9935,"date":"2017-02-02T11:49:44","date_gmt":"2017-02-02T10:49:44","guid":{"rendered":"http:\/\/cafaitdesordre.com\/blog\/?p=9935"},"modified":"2017-09-21T16:40:32","modified_gmt":"2017-09-21T14:40:32","slug":"dangereusement-libre","status":"publish","type":"post","link":"http:\/\/cafaitdesordre.com\/blog\/2017\/02\/dangereusement-libre\/","title":{"rendered":"Dangereusement libre"},"content":{"rendered":"<p><img decoding=\"async\" loading=\"lazy\" class=\"alignleft size-medium wp-image-9383\" src=\"http:\/\/cafaitdesordre.com\/blog\/wp-content\/uploads\/2016\/04\/th-3-300x219.jpg\" alt=\"th-3\" width=\"300\" height=\"219\" \/><\/p>\n<p>L\u2019intrigue romanesque se d\u00e9roule dans un pays lambda o\u00f9 la droite est de plus en plus \u00e0 droite, de plus en plus crisp\u00e9e sur ses privil\u00e8ges, de plus en plus r\u00e9actionnaire dans ses valeurs. Dans cette m\u00eame contr\u00e9e la gauche dite de gouvernement est de moins en moins \u00e0 gauche, pour ne pas dire de plus en plus \u00e0 droite, mais revendique une modernit\u00e9 ouverte sur le monde et sur le d\u00e9bat d\u2019id\u00e9es. Dans cette conjoncture assez sombre, le peuple, forc\u00e9ment limit\u00e9 dans son entendement, succombe jour apr\u00e8s jour aux sir\u00e8nes populistes et naus\u00e9abondes de l\u2019extr\u00eame droite.<br \/>\nCette fiction n\u2019en est h\u00e9las pas une. Aude Lancelin r\u00e9dactrice en chef adjointe de l\u2019Obs et accessoirement agr\u00e9g\u00e9e de philosophie a \u00e9t\u00e9 brutalement cong\u00e9di\u00e9e en 2016 comme traitre \u00e0 la cause sacro- sainte de la gauche responsable.<br \/>\n\u00ab Le monde libre \u00bb est le titre de son livre. Dans les ann\u00e9es de guerre froide l\u2019expression \u00ab Le monde libre \u00bb \u00e9tait l\u2019\u00e9tendard brandi par les pays de d\u00e9mocratie lib\u00e9rale et accessoirement capitalistes face aux pays communistes qualifi\u00e9s de totalitaires. Aujourd\u2019hui \u00ab le monde libre \u00bb est \u00e9galement le nom de la la soci\u00e9t\u00e9 cr\u00e9\u00e9e par les nouveaux dirigeants du groupe le Monde qui ont rachet\u00e9 L\u2019Obs en 2014 : Xavier Niel, \u00ab l\u2019ogre \u00bb de Free, Pierre Berg\u00e9 patron de Saint Laurent et soutien ind\u00e9fectible de Fran\u00e7ois Mitterrand et Mathieu Pigasse le banquier d\u2019affaires, tous trois soucieux de ne pas d\u00e9plaire au maitre actuel de l\u2019Elys\u00e9e.<br \/>\nLe livre d\u2019Aude Lancelin est des plus remarquables. Il r\u00e9ussit \u00e0 travers le licenciement d\u2019un individu \u00e0 sublimer une profonde blessure pour d\u00e9crire, analyser le contexte politique id\u00e9ologique d\u2019une p\u00e9riode qui va des ann\u00e9es 6O \u00e0 aujourd\u2019hui.<br \/>\nAude Lancelin aurait \u00e9t\u00e9 licenci\u00e9e pour avoir \u00e9t\u00e9 trop r\u00e9ceptive \u00e0 la nouvelle donne d\u00e9mocratique que pouvait repr\u00e9senter \u00ab Nuit Debout \u00bb Ce mouvement o\u00f9 son compagnon le sociologue Fr\u00e9d\u00e9ric Lordon jouait un r\u00f4le de premier plan risquait, \u00e0 quelques mois de l\u2019\u00e9lection pr\u00e9sidentielle, de faire de l\u2019ombre \u00e0 un gouvernement en difficult\u00e9.<br \/>\nQui n\u2019est pas d\u2019accord avec ceux qui sont en responsabilit\u00e9, est forc\u00e9ment un irresponsable, un gauchiste, un communiste aurait dit le Figaro. Aude Lancelin n\u2019est rien de tout cela. Elle est un esprit libre dont le crime avou\u00e9 est de croire en la force des id\u00e9es \u00ab Quel \u00e9tait, au fond ce d\u00e9sir sur lequel je ne voulais pas c\u00e9der ? seulement je crois, celui de ne pas renoncer \u00e0 prendre ma part, celle que n\u2019importe qui peut prendre \u00e0 tout moment du temps, dans la lutte \u00e9ternelle contre l\u2019\u00e9crasement de l\u2019esprit \u00bb Le d\u00e9fi est d\u2019autant plus consid\u00e9rable qu\u2019il met frontalement en question la rente de situation dont b\u00e9n\u00e9ficient des chapelles qui, sous le masque de l\u2019\u00e9litisme intellectuel, assurent la police id\u00e9ologique du monde dit lib\u00e9ral.<br \/>\nFrance Observateur cr\u00e9\u00e9 dans les ann\u00e9es 50 par Gilles Martinet, Claude Bourdet, Hector de Galard avec la collaboration de Jean Paul Sartre \u00e9tait un hebdo anti imp\u00e9rialiste anti colonialiste authentique et pugnace. Repris par Jean Daniel entour\u00e9 de signatures prestigieuses dont celles d\u2019Andr\u00e9 Gorz (Michel Bosquet) le magazine financ\u00e9 par l\u2019industriel Claude Perdriel a su \u00eatre \u00e0 la pointe du d\u00e9bat d\u2019id\u00e9es dans les ann\u00e9es 60\/ 70. Soutien sans faille de la gauche r\u00e9formiste et anti-communiste, il en est venu \u00e0 \u00eatre le fer de lance de la modernit\u00e9 lib\u00e9rale, \u00e0 premi\u00e8re vue progressiste dans les m\u0153urs, mais conservatrice \u00e9conomiquement et politiquement.<br \/>\nAude Lancelin a \u00e9t\u00e9 engag\u00e9e au Nouvel Observateur pour ses qualit\u00e9s intellectuelles et son \u00e9thique, elle a \u00e9t\u00e9 licenci\u00e9e pour ces m\u00eames qualit\u00e9s. Est-ce \u00e0 dire que le journal a profond\u00e9ment \u00e9volu\u00e9 entre 2000 et 2014 ? Sans doute, mais plus subtilement elle a \u00e9t\u00e9 jet\u00e9e pour avoir refus\u00e9 de cautionner un mod\u00e8le o\u00f9 la mise en avant d\u2019id\u00e9es et de d\u00e9bats parfois de haut vol, finit par servir de paravent \u00e0 une cour de d\u00e9vots et petits marquis soumis profitant de l\u2019ordre \u00e9tabli. Jean Jo\u00ebl, alias Jean Daniel en est le pape , Laurent M\u00f4quet, alias Laurent Joffrin en a \u00e9t\u00e9 plusieurs fois l\u2019ordonnateur et parmi les nombreux amis de \u00ab l\u2019Obsol\u00e8te \u00bb figurententre autres : Pierre Nora le consensuel, Fran\u00e7ois Furet l\u2019historien qui a r\u00e9ussi a \u00e9tablir un cordon de s\u00e9curit\u00e9 intellectuel entre les tenants du totalitarisme r\u00e9volutionnaire et la gauche r\u00e9formiste, Alain Finkielkraut au del\u00e0 de son n\u00e9o-conservatisme, BHL le grand nouveau philosophe, bon nombre d\u2019\u00e9conomistes acquis au n\u00e9o-lib\u00e9ralisme, sans oublier le savoureux acad\u00e9micien Jean D\u2019Ormesson auquel Aude Lancelin a eu l\u2019impudence de s\u2019attaquer dans son premier article.<br \/>\nEn 1977 Gilles Deleuze d\u00e9non\u00e7ait d\u00e9j\u00e0 la nouvelle philosophie comme nulle. Pour la premi\u00e8re fois dans l\u2019histoire des id\u00e9es un courant dit de pens\u00e9e se lan\u00e7ait sur le march\u00e9 comme une marque de petits pois utilisant les recettes \u00e9prouv\u00e9es du marketing. Il importait moins de lire les livres des nouveaux philosophes que les articles \u00e9logieux dont toute la presse, entendue comme un r\u00e9seau ami, les cr\u00e9ditait. La l\u00e9gitimit\u00e9 intellectuelle n\u2019\u00e9tait plus acquise par la rigueur de la pens\u00e9e mais par le miroir complaisant du faire valoir plus vulgairement nomm\u00e9 la brosse \u00e0 reluire. Ces nouveau maitres \u00e0 d\u00e9cerveler dont BHL et sa chemise blanche a \u00e9t\u00e9 le leader prestigieux, savaient de quoi ils parlaient. Ayant succomb\u00e9 \u00e0 la l\u2019ivresse r\u00e9volutionnaire, ils \u00e9taient d\u2019autant plus l\u00e9gitimes \u00e0 la condamner. Ainsi Mao et Staline permettaient de jeter \u00e0 la poubelle la pens\u00e9e marxiste et toute vell\u00e9it\u00e9 de remise en cause de l\u2019ordre capitaliste. Tel \u00e9tait le tour de passe-passe.<br \/>\n\u00ab Cette pens\u00e9e op\u00e9rait sans la moindre retenue, en tra\u00e7ant une grossi\u00e8re ligne droite entre marxisme et camps de la Kolyma. Il y avait l\u00e0 la promesse de pouvoir \u00eatre de gauche sans se placer aux c\u00f4t\u00e9s du peuple, voire en sermonnant r\u00e9guli\u00e8rement celui-ci pour ses penchants suppos\u00e9s \u00e0 rudoyer les immigr\u00e9s\u2026 \u00bb Ainsi ce ne sont pas les id\u00e9es qui comptent mais une mise en sc\u00e8ne o\u00f9 l\u2019on joue \u00e0 d\u00e9battre. En 2010, en pr\u00e9face \u00e0 une conversation qu\u2019elle animait entre Alain Badiou et Alain Finkielkraut la m\u00eame Aude Lancelin \u00e9crivait ces lignes \u00e9clairantes \u00ab\u2026 La grande machine \u00e0 communiquer se nourrit d\u2019hostilit\u00e9s caricaturales, surjou\u00e9es quand elle ne sont pas simplement feintes, pour mieux d\u00e9tourner des combats r\u00e9els\u2026( 1) \u00bb<br \/>\nEn 2012, Le \u00ab think tank \u00bb Terra Nova( 2) , t\u00eate pensante du PS avait produit un rapport d\u00e9montrant que la gauche si elle voulait gagner l\u2019\u00e9lection pr\u00e9sidentielle, devait changer de strat\u00e9gie \u00abContrairement \u00e0 un \u00e9lectorat traditionnel coalis\u00e9 par les enjeux socio-\u00e9conomiques la France de demain est avant tout unifi\u00e9e par des valeurs culturelles progressistes, elle veut le changement, elle est totalement ouverte, solidaire, optimiste, offensive, c\u2019est particuli\u00e8rement vrai pour les dipl\u00f4m\u00e9s, les jeunes, les minorit\u00e9s \u00bb<br \/>\nIl ne faut pas \u00eatre grand clerc pour comprendre que les classes populaires sont devenues pour cette gauche l\u00e0 le principal obstacle au changement. Ainsi tous ceux qui ont \u00e9t\u00e9 trahi sont en plus jet\u00e9s aux poubelles de l\u2019histoire. La gauche moderniste dite encore la deuxi\u00e8me gauche n\u2019aime ni les usines o\u00f9 il y a encore trop d\u2019ouvriers ni les conflits qui les paralysent momentan\u00e9ment. Le conflit social est aussi archa\u00efque que les classes populaires qui s\u2019y adonnent. \u00ab Quelle pouvait bien \u00eatre, en effet, cette v\u00e9rit\u00e9 cach\u00e9e que les grands pr\u00eatres de l\u2019Obsol\u00e8te se seraient oblig\u00e9s \u00e0 taire durant toutes ces ann\u00e9es, comme les fameux marins attach\u00e9s au m\u00e2t ?<br \/>\nCe jour l\u00e0 mon imagination s\u2019enflamme. J\u2019imagine que l\u2019heure a enfin sonn\u00e9 de reconna\u00eetre la corr\u00e9lation toujours ni\u00e9e entre le ralliement sans condition de la gauche au march\u00e9 et les pouss\u00e9es du Front national \u00bb<br \/>\nDe l\u2019int\u00e9rieur Aude Lancelin rend transparente une trahison qui n\u2019\u00e9chappe \u00e0 personne mais qui peut quasi impun\u00e9ment perdurer tant qu\u2019elle n\u2019est pas formul\u00e9e. Le peuple abandonn\u00e9 par les \u00e9lites de toutes couleurs n\u2019a d\u2019autre issue que de rallier le camp populiste. Il ne s\u2019agit pas d\u2019opposer une gauche radicale \u00e0 une gauche r\u00e9formiste responsable ou encore dite gauche de gouvernement. Cette derni\u00e8re n\u2019est en r\u00e9alit\u00e9 ni r\u00e9formiste ni \u00e0 gauche, elle se sert de l\u2019\u00e9pouvantail suppos\u00e9 d\u2019une gauche extr\u00e9miste pour refuser tout progr\u00e8s r\u00e9el en laissant, pour le moins, la porte ouverte \u00e0 un extr\u00e9misme naus\u00e9abond d\u2019extr\u00eame droite. Cette gauche l\u00e0 d\u00e9veloppe moins des id\u00e9es qu\u2019une id\u00e9ologie diffus\u00e9e, martel\u00e9e par tous les canaux de communication possibles, dont l\u2019Obs. Ainsi elle prend l\u2019apparence trompeuse d\u2019une v\u00e9rit\u00e9 d\u2019\u00e9vidence.<br \/>\nLa plupart des journalistes soumis pourraient comme le voleur de Darien dire \u00ab je fais un sale m\u00e9tier, mais pardonnez moi, j\u2019ai une excuse, je le fais salement \u00bb Aude Lancelin n\u2019est pas de ceux l\u00e0.<br \/>\nSon livre est simplement courage et v\u00e9rit\u00e9. Peu importe la dimension de la br\u00e8che,<br \/>\nelle existe. Laurent Mauduit cofondateur de M\u00e9diapart en avait ouvert une autre avec \u00ab Main basse sur l\u2019information \u00bb (\u00e9ditions Don quichotte 2016 (3)) Il dressait un tableau des principaux m\u00e9dias rachet\u00e9s par des dirigeants de soci\u00e9t\u00e9s du Cac 40 et d\u00e9non\u00e7ait un capitalisme de connivence \u00e0 la fran\u00e7aise h\u00e9ritier monarchique d\u2019une relation directe entre le souverain et le peuple. \u00ab Le temps de se r\u00e9volter est venu \u00bb \u00e9crit Laurent Mauduit. D\u2019autres br\u00e8ches suivront. La victoire de Benoit Hamon \u00e0 la primaire socialiste pourrait en \u00eatre une autre. R\u00e9jouissons nous. Le chantier en vaut la peine. En prime \u00ab Le monde libre \u00bb est aussi un livre dr\u00f4le. La com\u00e9die qui se joue \u00e0 l\u2019Obs, sinistre et grin\u00e7ante; avec un certain recul, ne manque pas de sel. \u00ab Au th\u00e9\u00e2tre ce soir \u00bb a trouv\u00e9 un nouveau boulevard.<br \/>\nFran\u00e7ois Bernheim<\/p>\n<p>Aude Lancelin<br \/>\nLe Monde libre<br \/>\n\u00e9ditions Les liens qui lib\u00e8rent<\/p>\n<p>(1)Badiou \/ Finkielkraut- L\u2019explication<br \/>\nconversation avec Aude Lancelin \u00e9ditions Lignes Mai 2010<\/p>\n<p>( 2) Terra Nova : Gauche quelle majorit\u00e9 \u00e9lectorale pour 2012 par Olivier Ferrand, Romain Prudent, Bruno Jeanbart \u2013 10\/05 \/ 2011<\/p>\n<p>(3) \u00ab\u00a0Main Basse sur l&rsquo;information\u00a0\u00bb voir l&rsquo;interview de Laurent Mauduit sur ce m\u00eame blog<\/p>\n<p><span style=\"border-radius: 2px; text-indent: 20px; width: auto; padding: 0px 4px 0px 0px; text-align: center; font: bold 11px\/20px 'Helvetica Neue',Helvetica,sans-serif; color: #ffffff; background: #bd081c  no-repeat scroll 3px 50% \/ 14px 14px; position: absolute; opacity: 1; z-index: 8675309; display: none; cursor: pointer;\">Enregistrer<\/span><\/p>\n","protected":false},"excerpt":{"rendered":"<p>L\u2019intrigue romanesque se d\u00e9roule dans un pays lambda o\u00f9 la droite est de plus en plus \u00e0 droite, de plus en plus crisp\u00e9e sur ses privil\u00e8ges, de plus en plus r\u00e9actionnaire dans ses valeurs. Dans cette m\u00eame contr\u00e9e la gauche dite de gouvernement est de moins en moins \u00e0 gauche, pour ne pas dire de [&hellip;]<\/p>\n","protected":false},"author":1,"featured_media":9936,"comment_status":"open","ping_status":"open","sticky":false,"template":"","format":"standard","meta":[],"categories":[705,718,698,702],"tags":[1341,1347,1346,1344,1343,1342,1348,1345,679,472],"_links":{"self":[{"href":"http:\/\/cafaitdesordre.com\/blog\/wp-json\/wp\/v2\/posts\/9935"}],"collection":[{"href":"http:\/\/cafaitdesordre.com\/blog\/wp-json\/wp\/v2\/posts"}],"about":[{"href":"http:\/\/cafaitdesordre.com\/blog\/wp-json\/wp\/v2\/types\/post"}],"author":[{"embeddable":true,"href":"http:\/\/cafaitdesordre.com\/blog\/wp-json\/wp\/v2\/users\/1"}],"replies":[{"embeddable":true,"href":"http:\/\/cafaitdesordre.com\/blog\/wp-json\/wp\/v2\/comments?post=9935"}],"version-history":[{"count":3,"href":"http:\/\/cafaitdesordre.com\/blog\/wp-json\/wp\/v2\/posts\/9935\/revisions"}],"predecessor-version":[{"id":10185,"href":"http:\/\/cafaitdesordre.com\/blog\/wp-json\/wp\/v2\/posts\/9935\/revisions\/10185"}],"wp:featuredmedia":[{"embeddable":true,"href":"http:\/\/cafaitdesordre.com\/blog\/wp-json\/wp\/v2\/media\/9936"}],"wp:attachment":[{"href":"http:\/\/cafaitdesordre.com\/blog\/wp-json\/wp\/v2\/media?parent=9935"}],"wp:term":[{"taxonomy":"category","embeddable":true,"href":"http:\/\/cafaitdesordre.com\/blog\/wp-json\/wp\/v2\/categories?post=9935"},{"taxonomy":"post_tag","embeddable":true,"href":"http:\/\/cafaitdesordre.com\/blog\/wp-json\/wp\/v2\/tags?post=9935"}],"curies":[{"name":"wp","href":"https:\/\/api.w.org\/{rel}","templated":true}]}}