{"id":9692,"date":"2016-10-20T12:40:53","date_gmt":"2016-10-20T10:40:53","guid":{"rendered":"http:\/\/cafaitdesordre.com\/blog\/?p=9692"},"modified":"2017-09-25T14:29:46","modified_gmt":"2017-09-25T12:29:46","slug":"une-ville-qui-accueille-volontiers-les-demandeurs-dasile-cest-possible","status":"publish","type":"post","link":"http:\/\/cafaitdesordre.com\/blog\/2016\/10\/une-ville-qui-accueille-volontiers-les-demandeurs-dasile-cest-possible\/","title":{"rendered":"Dans les Monts du Forez une ville qui accueille volontiers les demandeurs d\u2019asile, c\u2019est possible !"},"content":{"rendered":"<p>En Novembre 2013, la population de Bo\u00ebn sur Lignon commune de 3200 habitants situ\u00e9e dans la plaine du Forez(d\u00e9partement de la Loire) apprend que l\u2019ancien h\u00f4pital de la ville, aujourd\u2019hui d\u00e9saffect\u00e9 aura d\u00e9sormais pour mission d\u2019accueillir les demandeurs d\u2019asile. La gestion de cette mission sera confi\u00e9e \u00e0 l\u2019association Pierre Valdo qui depuis 40 ans se consacre \u00e0 l\u2019accueil, h\u00e9bergement, accompagnement et insertion de ces populations. Dans un premier temps 150 demandeurs d\u2019asile sont attendus en provenance d\u2019Afrique, Congo (1), d\u2019Europe de l\u2019est, Kosovo, Arm\u00e9nie, Ukraine et d\u2019Asie, Chine, Cor\u00e9e.<\/p>\n<p><strong>Premi\u00e8res r\u00e9actions de la population <\/strong><\/p>\n<p>Les \u00e9lus municipaux oppos\u00e9s \u00e0 cette d\u00e9cision qui vient d\u2019en haut demandent \u00e0 \u00eatre re\u00e7us par la pr\u00e9f\u00e8te, mais surtout l\u2019extr\u00eame droite avec le Front national se d\u00e9cha\u00eene. Des tracts orduriers, infamants sont distribu\u00e9s. Encore une fois l\u2019\u00e9tranger est porteur de tous les maux, tous les vices. Sur ce territoire rural o\u00f9 tout le monde se conna\u00eet,se fr\u00e9quente, ces d\u00e9versements de haine s\u2019av\u00e8rent contre-productifs. La population de Bo\u00ebn et des communes voisines est choqu\u00e9e,peu encline \u00e0 pratiquer la politique du pire.<\/p>\n<p><strong>Les \u00e9lus prennent position<\/strong><br \/>\nLe 13 Novembre 2013 le sujet est \u00e9voqu\u00e9 lors du conseil communautaire des pays d\u2019Astr\u00e9e r\u00e9unissant les \u00e9lus de 18 communes. \u00ab M. Ren\u00e9 COUTURIER, adjoint \u00e0 Trelins, sugg\u00e8re de r\u00e9fl\u00e9chir \u00e0 devenir acteurs de cette situation subie, en travaillant avec les associations locales \u00e0 faire que cet accueil se d\u00e9roule le mieux possible.<br \/>\nM. MIOCHE propose \u00e9galement qu\u2019une r\u00e9union des bonnes volont\u00e9s soit organis\u00e9e et pas au niveau de la seule commune de Bo\u00ebn sur Lignon pour \u00e9tudier ce qui peut \u00eatre fait pour transformer en positif ce qui peut \u00eatre a priori consid\u00e9r\u00e9 comme n\u00e9gatif \u00bb<\/p>\n<p>Une r\u00e9union de 3O personnes motiv\u00e9es aura lieu le 5 D\u00e9cembre 2013 afin de d\u00e9cider d&rsquo;un programme d&rsquo;action. C\u2019est ainsi qu\u2019il est d\u00e9cid\u00e9 de mettre sur pied un collectif qui aura pour mission d\u2019apporter aide et solidarit\u00e9 aux demandeurs d\u2019asile en veillant \u00e0 ce que leur insertion soit accept\u00e9e par la population la plus large. En effet dans une ville o\u00f9 plus de 16% des actifs sont au ch\u00f4mage , beaucoup sont conscients que ce qui peut \u00eatre appr\u00e9ci\u00e9 au titre d&rsquo;une solidarit\u00e9 internationale g\u00e9n\u00e9reuse pour les uns,peut pour les autres appara\u00eetre comme un abandon de la population locale.<\/p>\n<p><strong>Priorit\u00e9 au faire<\/strong><br \/>\nPlus de cent personnes participent \u00e0 une deuxi\u00e8me r\u00e9union.Le collectif se veut avant tout actif et d\u00e9cide de cr\u00e9er des commissions.L\u2019apprentissage de la langue, la formation, la connaissance du pays seront tr\u00e8s vite \u00e0 l\u2019ordre du jour, ainsi que les probl\u00e8mes de sant\u00e9, probl\u00e8mes mat\u00e9riels, des commissions sont \u00e9galement consacr\u00e9es \u00e0 l\u2019\u00e9cole, la culture et \u00e0 la vie paroissiale. Cette r\u00e9partition des t\u00e2ches permettra \u00e0 ceux qui se sont mobilis\u00e9s d\u2019\u00eatre efficaces dans un de leur domaine de pr\u00e9dilection.<br \/>\nPar ailleurs des espaces de gratuit\u00e9 seront ouverts \u00e0 toute la population de la ville, demandeurs d\u2019asile compris. Des v\u00eatements seront collect\u00e9s et chacun sans aucune restriction pourra en profiter. Des espaces plus festifs avec les repas partag\u00e9s seront \u00e9galement ouverts \u00e0 toute la population. Sans doute gr\u00e2ce \u00e0 cette qualit\u00e9 d\u2019attention \u00e0 l\u2019autre, ce qui pourrait appara\u00eetre comme une chim\u00e8re o\u00f9 une utopie, devient ici possible. A Bo\u00ebn \u00e0 l\u2019inverse d\u2019autres petites communes proches de Saint Etienne et de Roanne qui ont connu des \u00e9pisodes de rejet violent d\u2019hommes c\u00e9libataires demandeurs d\u2019asile, ce sont plut\u00f4t des familles qui seront accueillies. la scolarisation des enfants sera prise en charge. Un projet d\u2019Accorderie qui marquait le pas depuis plusieurs ann\u00e9es va enfin voir le jour.\u00abUne Accorderie (2) d\u00e9veloppe, par l\u2019\u00e9change de services et la coop\u00e9ration, les conditions d\u2019une am\u00e9lioration r\u00e9elle, et au quotidien, de la qualit\u00e9 de vie de tous ses membres, les Accordeurs. Tous les services sont mis sur un m\u00eame pied d\u2019\u00e9galit\u00e9 \u00bb<br \/>\nLe Collectif se r\u00e9unit r\u00e9guli\u00e8rement, les habitants de Bo\u00ebn et des communes voisines sont toujours mobilis\u00e9s.Le collectif doit aussi faire face au renouvellement r\u00e9gulier de la tr\u00e8s grande majorit\u00e9 la population des demandeurs d\u2019asile.<\/p>\n<p><strong>Pourquoi \u00e7a marche ?<\/strong><br \/>\nPlusieurs raisons peuvent \u00eatre invoqu\u00e9es<br \/>\nLes pays du Forez ont dans une p\u00e9riode r\u00e9cente connu une d\u00e9sindustrialisation cons\u00e9quente, mais ici la solidarit\u00e9 ouvri\u00e8re a laiss\u00e9 des traces et ce d\u2019autant, qu\u2019une tradition catholique progressiste va \u00e9galement dans le sens de l\u2019accueil et de l\u2019ouverture.<br \/>\nCependant une autre v\u00e9rit\u00e9 s\u2019impose :<br \/>\nA moyen ou long terme il semble difficile de faire du bien aux autres sans se faire du bien \u00e0 soi m\u00eame. Les actions prenant en compte l\u2019ensemble de la population et notamment les plus pauvres vont dans ce sens. Mais l\u2019engagement s\u2019av\u00e8re f\u00e9cond \u00e0 un autre niveau. Sur un territoire rural, ainsi que le souligne Jean Luc Buffet, le face \u00e0 face est direct, il am\u00e8ne \u00e0 se c\u00f4toyer des personnes qui dans une grande ville ne se fr\u00e9quenteraient pas soit parce que leurs opinions divergent soit parce que leur statut social les \u00e9loigne.Ici il en va diff\u00e9remment. Ph\u00e9nom\u00e8ne \u00e9trange allant \u00e0 priori autant dans le sens de l\u2019ouverture que de la fermeture. Ici on rencontre des gens qui ne vous ressemblent pas, mais on rencontre toujours les m\u00eames gens.<br \/>\nAinsi on peut dire que gr\u00e2ce aux demandeurs d\u2019asile les classes moyennes et populaires d\u2019une petite commune rurale et des villages adjacents ont b\u00e9n\u00e9fici\u00e9 d\u2019une ouverture sur le monde in\u00e9dite. Face \u00e0 la connaissance distanci\u00e9e et appauvrie que chacun a des probl\u00e8mes du monde par les m\u00e9dias,les habitants de Bo\u00ebn qui se sont mobilis\u00e9s sont en prise directe tant avec les probl\u00e8mes, trag\u00e9dies de diff\u00e9rentes r\u00e9gions du monde qu\u2019avec leur culture. On notera \u00e9galement que les prises de position de plusieurs \u00e9lus locaux de la ruralit\u00e9 ont bien \u00e9t\u00e9 dans le sens de la responsabilit\u00e9 et de la dignit\u00e9.C\u2019est ainsi qu\u2019\u00e0 Bo\u00ebn sur Lignon l\u2019esprit de solidarit\u00e9 va de pair avec une v\u00e9ritable ouverture sur le monde.<\/p>\n<p>Fran\u00e7ois Bernheim<\/p>\n<p>Cet article est le premier d\u2019une s\u00e9rie consacr\u00e9e aux initiatives sociales, culturelles, citoyennes porteuses d\u2019avenir qui animent le territoire des Monts du Forez.<\/p>\n<p>Prochain Article en ligne le 27 Octobre :!<br \/>\n<strong>Ouvriers, paysans, intellectuels unis pour reconstruire,c\u2019est possible !<br \/>\n<\/strong><br \/>\n( 1)le cur\u00e9 de Bo\u00ebn est originaire de ce pays<\/p>\n<p>(2) www.accorderie.fr<\/p>\n","protected":false},"excerpt":{"rendered":"<p>En Novembre 2013, la population de Bo\u00ebn sur Lignon commune de 3200 habitants situ\u00e9e dans la plaine du Forez(d\u00e9partement de la Loire) apprend que l\u2019ancien h\u00f4pital de la ville, aujourd\u2019hui d\u00e9saffect\u00e9 aura d\u00e9sormais pour mission d\u2019accueillir les demandeurs d\u2019asile. La gestion de cette mission sera confi\u00e9e \u00e0 l\u2019association Pierre Valdo qui depuis 40 ans se [&hellip;]<\/p>\n","protected":false},"author":1,"featured_media":9695,"comment_status":"open","ping_status":"open","sticky":false,"template":"","format":"standard","meta":[],"categories":[705,718,701],"tags":[1288,1283,1287,1284,1285,1289,1290,1286],"_links":{"self":[{"href":"http:\/\/cafaitdesordre.com\/blog\/wp-json\/wp\/v2\/posts\/9692"}],"collection":[{"href":"http:\/\/cafaitdesordre.com\/blog\/wp-json\/wp\/v2\/posts"}],"about":[{"href":"http:\/\/cafaitdesordre.com\/blog\/wp-json\/wp\/v2\/types\/post"}],"author":[{"embeddable":true,"href":"http:\/\/cafaitdesordre.com\/blog\/wp-json\/wp\/v2\/users\/1"}],"replies":[{"embeddable":true,"href":"http:\/\/cafaitdesordre.com\/blog\/wp-json\/wp\/v2\/comments?post=9692"}],"version-history":[{"count":5,"href":"http:\/\/cafaitdesordre.com\/blog\/wp-json\/wp\/v2\/posts\/9692\/revisions"}],"predecessor-version":[{"id":10730,"href":"http:\/\/cafaitdesordre.com\/blog\/wp-json\/wp\/v2\/posts\/9692\/revisions\/10730"}],"wp:featuredmedia":[{"embeddable":true,"href":"http:\/\/cafaitdesordre.com\/blog\/wp-json\/wp\/v2\/media\/9695"}],"wp:attachment":[{"href":"http:\/\/cafaitdesordre.com\/blog\/wp-json\/wp\/v2\/media?parent=9692"}],"wp:term":[{"taxonomy":"category","embeddable":true,"href":"http:\/\/cafaitdesordre.com\/blog\/wp-json\/wp\/v2\/categories?post=9692"},{"taxonomy":"post_tag","embeddable":true,"href":"http:\/\/cafaitdesordre.com\/blog\/wp-json\/wp\/v2\/tags?post=9692"}],"curies":[{"name":"wp","href":"https:\/\/api.w.org\/{rel}","templated":true}]}}