{"id":9620,"date":"2016-07-26T13:48:59","date_gmt":"2016-07-26T11:48:59","guid":{"rendered":"http:\/\/cafaitdesordre.com\/blog\/?p=9620"},"modified":"2016-10-25T15:37:08","modified_gmt":"2016-10-25T13:37:08","slug":"danger-vacance","status":"publish","type":"post","link":"http:\/\/cafaitdesordre.com\/blog\/2016\/07\/danger-vacance\/","title":{"rendered":"Danger Vacance !"},"content":{"rendered":"<p>Une des bonnes raisons de partir en vacances est de fuir les encombrements et tout ce qui s\u2019ensuit\u00a0: pollution, stress, etc<\/p>\n<p>Il y a ceux qui ont la chance de pouvoir partir et ceux qui restent encha\u00een\u00e9s \u00e0 leur quotidien.<\/p>\n<p>Malheureusement, et ce n\u2019est nullement une consolation pour ceux qui ne partent pas, le mental et le physique sont loin de fonctionner au m\u00eame rythme.<\/p>\n<p>En clair tout ce qui encombre nos t\u00eates ne disparait ni par un coup de baguette magique, ni par la gr\u00e2ce du nombre de kilom\u00e8tres s\u2019intercalant entre notre point de d\u00e9part et notre point de chute. Pire, je nous soup\u00e7onne de nous accommoder assez facilement de cet encombrement. Nous y trouvons rep\u00e8res, protection, apaisement passager. Le prix \u00e0 payer est cependant tr\u00e8s fort. Il est celui de l\u2019enfermement et de la stagnation, pour ne pas dire de la r\u00e9gression. La peur du vide est la peur de la remise en cause et du changement. Que nous soyons ici ou l\u00e0, nous fermons tr\u00e8s vite les portes \u00e0 la vie toute neuve, incapables de tol\u00e9rer une \u00ab\u00a0vacance\u00a0\u00bb de l\u2019\u00e2me, une sorte d\u2019entre deux o\u00f9 la plus grande confusion n\u2019est ni plus ni moins que l\u2019\u00e9tape pr\u00e9alable au resourcement de l\u2019esprit.<\/p>\n<p>&nbsp;<\/p>\n<p>&nbsp;<\/p>\n<p>Il n\u2019y a pas de chemin \u00e0 suivre, mais une amorce de solution, comme souvent, se trouve du c\u00f4t\u00e9 des enfants. Ces derniers sont dans l\u2019incapacit\u00e9 physique et mentale d\u2019enregistrer en continu tous les messages dont les adultes les abreuvent. Ils leur octroient donc un moment de r\u00e9cr\u00e9ation. Instant salutaire o\u00f9 ils peuvent crier, s\u2019amuser, exercer leur violence dans la limite de ce qui ne nuit pas \u00e0 autrui.<\/p>\n<p>Les enfants, encore eux, sont capables d\u2019alterner des instants de profonde gravit\u00e9 avec des moments de l\u00e9g\u00e8ret\u00e9 inou\u00efe. Mais nous adultes, avons appris que la l\u00e9g\u00e8ret\u00e9 n\u2019\u00e9tait pas loin de l\u2019inconsistance. R\u00e9sultat, nous sommes lourds, encore plus lourds que tout \u00e0 l\u2019heure, aussi s\u00e9rieux que des momies, d\u00e9tach\u00e9es de tout al\u00e9a.<\/p>\n<p>La r\u00e9cr\u00e9ation espace d\u00e9volu \u00e0 ce qui pourrait s\u2019apparenter \u00e0 une vacance de l\u2019esprit de s\u00e9rieux pourrait bien nous amener \u00e0 une re \u2013 cr\u00e9ation de nos vies.<\/p>\n<p>\u00ab\u00a0 On n\u2019est pas s\u00e9rieux quand on a 17 ans\u00a0\u00bb \u00e9crivait Arthur Rimbaud, pourquoi le serait-on plus \u00e0 18, 38, 78, 118\u00a0?<\/p>\n<p>Nous avons le choix. Le destin que nous nous fabriquons est synonyme d\u2019un refus d\u2019exercer notre libert\u00e9. Nous vivons ce que nous voulons vivre ou refusons de vivre.<\/p>\n","protected":false},"excerpt":{"rendered":"<p>Une des bonnes raisons de partir en vacances est de fuir les encombrements et tout ce qui s\u2019ensuit\u00a0: pollution, stress, etc Il y a ceux qui ont la chance de pouvoir partir et ceux qui restent encha\u00een\u00e9s \u00e0 leur quotidien. Malheureusement, et ce n\u2019est nullement une consolation pour ceux qui ne partent pas, le mental [&hellip;]<\/p>\n","protected":false},"author":1,"featured_media":9621,"comment_status":"open","ping_status":"open","sticky":false,"template":"","format":"standard","meta":[],"categories":[698],"tags":[1240,1239],"_links":{"self":[{"href":"http:\/\/cafaitdesordre.com\/blog\/wp-json\/wp\/v2\/posts\/9620"}],"collection":[{"href":"http:\/\/cafaitdesordre.com\/blog\/wp-json\/wp\/v2\/posts"}],"about":[{"href":"http:\/\/cafaitdesordre.com\/blog\/wp-json\/wp\/v2\/types\/post"}],"author":[{"embeddable":true,"href":"http:\/\/cafaitdesordre.com\/blog\/wp-json\/wp\/v2\/users\/1"}],"replies":[{"embeddable":true,"href":"http:\/\/cafaitdesordre.com\/blog\/wp-json\/wp\/v2\/comments?post=9620"}],"version-history":[{"count":1,"href":"http:\/\/cafaitdesordre.com\/blog\/wp-json\/wp\/v2\/posts\/9620\/revisions"}],"predecessor-version":[{"id":9622,"href":"http:\/\/cafaitdesordre.com\/blog\/wp-json\/wp\/v2\/posts\/9620\/revisions\/9622"}],"wp:featuredmedia":[{"embeddable":true,"href":"http:\/\/cafaitdesordre.com\/blog\/wp-json\/wp\/v2\/media\/9621"}],"wp:attachment":[{"href":"http:\/\/cafaitdesordre.com\/blog\/wp-json\/wp\/v2\/media?parent=9620"}],"wp:term":[{"taxonomy":"category","embeddable":true,"href":"http:\/\/cafaitdesordre.com\/blog\/wp-json\/wp\/v2\/categories?post=9620"},{"taxonomy":"post_tag","embeddable":true,"href":"http:\/\/cafaitdesordre.com\/blog\/wp-json\/wp\/v2\/tags?post=9620"}],"curies":[{"name":"wp","href":"https:\/\/api.w.org\/{rel}","templated":true}]}}