{"id":9127,"date":"2015-12-06T22:44:32","date_gmt":"2015-12-06T21:44:32","guid":{"rendered":"http:\/\/cafaitdesordre.com\/blog\/?p=9127"},"modified":"2016-10-25T15:33:28","modified_gmt":"2016-10-25T13:33:28","slug":"la-cop21-pour-les-nuls","status":"publish","type":"post","link":"http:\/\/cafaitdesordre.com\/blog\/2015\/12\/la-cop21-pour-les-nuls\/","title":{"rendered":"La COP21 pour les nuls ?"},"content":{"rendered":"<header class=\"entry-header\">\n<h1 class=\"entry-title\"><\/h1>\n<p class=\"time\"><time>La 3\u00e8me \u00e9mission de \u00ab\u00a0M\u00e9tamorphoses\u00a0\u00bb sur Radio Grenouille\u00a0\u00e0 Marseille du Samedi 5 d\u00e9cembre\u00a0 donne \u00e0 toute personnes int\u00e9ress\u00e9e le bagage indispensable \u00e0 la compr\u00e9hension des enjeux climatiques\u00a0 de la plan\u00e8te:<br \/>\n<\/time><\/p>\n<div class=\"entry-meta\"><\/div>\n<\/header>\n<div class=\"entry-content\">\n<p>Quels sont les facteurs et les impacts du r\u00e9chauffement climatique? Qu\u2019est-ce que le GIEC? Quels sont les enjeux des COP et de la COP 21 en particulier? Dans cet \u00e9chiquier, quel r\u00f4le joue la soci\u00e9t\u00e9 civile? Que se passe-t-il pr\u00e8s de chez nous?<\/p>\n<p><strong>J\u00e9r\u00f4me Sambussy<\/strong>, m\u00e9t\u00e9orologue, pr\u00e9visionniste chez M\u00e9t\u00e9o France et <strong>Cyril Pimentel<\/strong>, du Collectif Climat Marseille sont les invit\u00e9s de M\u00e9tamorphoses.<br \/>\nClairs et p\u00e9dagogues ils donnent les cl\u00e9s de lecture des enjeux de la COP21.<br \/>\nSons off : <strong>Jean Jouzel<\/strong>, climatologue, membre du GIEC \/ <strong>Txetx Etcheverry<\/strong>, co-fondateur de l\u2019association Bizi et du mouvement Alternatiba<\/p>\n<p>Chronique d\u2019<strong>Emmanuelle Choin<\/strong> : Un million de r\u00e9volutions tranquilles de B\u00e9n\u00e9dicte Manier<\/p>\n<p>Une \u00e9mission anim\u00e9e par <strong>Alima El Bajnouni<\/strong> (La Plateforme) et <strong>Sandra Blondel<\/strong> (Fokus<\/p>\n<p>http:\/\/www.radiogrenouille.com\/programmes-radio\/grille\/metamorphoses-novembre-2015-2\/<\/p>\n<\/div>\n","protected":false},"excerpt":{"rendered":"<p>La 3\u00e8me \u00e9mission de \u00ab\u00a0M\u00e9tamorphoses\u00a0\u00bb sur Radio Grenouille\u00a0\u00e0 Marseille du Samedi 5 d\u00e9cembre\u00a0 donne \u00e0 toute personnes int\u00e9ress\u00e9e le bagage indispensable \u00e0 la compr\u00e9hension des enjeux climatiques\u00a0 de la plan\u00e8te: Quels sont les facteurs et les impacts du r\u00e9chauffement climatique? Qu\u2019est-ce que le GIEC? Quels sont les enjeux des COP et de la COP 21 [&hellip;]<\/p>\n","protected":false},"author":1,"featured_media":9129,"comment_status":"open","ping_status":"open","sticky":false,"template":"","format":"standard","meta":[],"categories":[718,698],"tags":[1087,1088,1089],"_links":{"self":[{"href":"http:\/\/cafaitdesordre.com\/blog\/wp-json\/wp\/v2\/posts\/9127"}],"collection":[{"href":"http:\/\/cafaitdesordre.com\/blog\/wp-json\/wp\/v2\/posts"}],"about":[{"href":"http:\/\/cafaitdesordre.com\/blog\/wp-json\/wp\/v2\/types\/post"}],"author":[{"embeddable":true,"href":"http:\/\/cafaitdesordre.com\/blog\/wp-json\/wp\/v2\/users\/1"}],"replies":[{"embeddable":true,"href":"http:\/\/cafaitdesordre.com\/blog\/wp-json\/wp\/v2\/comments?post=9127"}],"version-history":[{"count":2,"href":"http:\/\/cafaitdesordre.com\/blog\/wp-json\/wp\/v2\/posts\/9127\/revisions"}],"predecessor-version":[{"id":9131,"href":"http:\/\/cafaitdesordre.com\/blog\/wp-json\/wp\/v2\/posts\/9127\/revisions\/9131"}],"wp:featuredmedia":[{"embeddable":true,"href":"http:\/\/cafaitdesordre.com\/blog\/wp-json\/wp\/v2\/media\/9129"}],"wp:attachment":[{"href":"http:\/\/cafaitdesordre.com\/blog\/wp-json\/wp\/v2\/media?parent=9127"}],"wp:term":[{"taxonomy":"category","embeddable":true,"href":"http:\/\/cafaitdesordre.com\/blog\/wp-json\/wp\/v2\/categories?post=9127"},{"taxonomy":"post_tag","embeddable":true,"href":"http:\/\/cafaitdesordre.com\/blog\/wp-json\/wp\/v2\/tags?post=9127"}],"curies":[{"name":"wp","href":"https:\/\/api.w.org\/{rel}","templated":true}]}}