{"id":9097,"date":"2015-11-30T15:18:24","date_gmt":"2015-11-30T14:18:24","guid":{"rendered":"http:\/\/cafaitdesordre.com\/blog\/?p=9097"},"modified":"2016-12-21T17:48:56","modified_gmt":"2016-12-21T16:48:56","slug":"les-habitants-la-courneuve-contre-la-haine","status":"publish","type":"post","link":"http:\/\/cafaitdesordre.com\/blog\/2015\/11\/les-habitants-la-courneuve-contre-la-haine\/","title":{"rendered":"Les habitants la Courneuve contre la haine"},"content":{"rendered":"<p><a href=\"http:\/\/cafaitdesordre.com\/blog\/wp-content\/uploads\/2015\/08\/Raconte17-copie.jpg\"><img decoding=\"async\" loading=\"lazy\" class=\"alignleft size-medium wp-image-8663\" src=\"http:\/\/cafaitdesordre.com\/blog\/wp-content\/uploads\/2015\/08\/Raconte17-copie-300x246.jpg\" alt=\"Impression\" width=\"300\" height=\"246\" srcset=\"http:\/\/cafaitdesordre.com\/blog\/wp-content\/uploads\/2015\/08\/Raconte17-copie-300x246.jpg 300w, http:\/\/cafaitdesordre.com\/blog\/wp-content\/uploads\/2015\/08\/Raconte17-copie-1029x845.jpg 1029w, http:\/\/cafaitdesordre.com\/blog\/wp-content\/uploads\/2015\/08\/Raconte17-copie-330x270.jpg 330w, http:\/\/cafaitdesordre.com\/blog\/wp-content\/uploads\/2015\/08\/Raconte17-copie.jpg 1181w\" sizes=\"(max-width: 300px) 100vw, 300px\" \/><\/a>\u00a0 Apr\u00e8s les attentats du 13 Novembre,le journal municipal de la ville de la Courneuve \u00a0\u00bb <strong>Regards\u00a0\u00bb<\/strong> a \u00e9dit\u00e9 un num\u00e9ro sp\u00e9cial afin de permettre aux habitants de s&rsquo;exprimer. Nous reproduisons quelques uns de ces t\u00e9moignages avec l&rsquo;aimable autorisation de la r\u00e9daction. Lib\u00e9rer la parole est un premier pas essentiel.Les pas suivants pourront \u00eatre difficiles, balbutiants, maladroits, s\u00fbrement pluriels. Ils seront.<\/p>\n<p>&nbsp;<\/p>\n<p>&nbsp;<\/p>\n<p>&nbsp;<\/p>\n<p><a href=\"http:\/\/cafaitdesordre.com\/blog\/wp-content\/uploads\/2015\/11\/t_annonce_med.png\"><img decoding=\"async\" loading=\"lazy\" class=\"alignleft size-full wp-image-9118\" src=\"http:\/\/cafaitdesordre.com\/blog\/wp-content\/uploads\/2015\/11\/t_annonce_med.png\" alt=\"t_annonce_med\" width=\"195\" height=\"59\" \/><\/a><\/p>\n<p>&nbsp;<\/p>\n<p><strong>Doroth\u00e9e Rajiah, pasteur de La Courneuve.<\/strong><\/p>\n<p>\u00ab\u00a0On ne peut pas refaire l\u2019histoire, mais on peut travailler \u00e0 l\u2019avenir. Et dire aux personnes qui se trouvent sur le fil du rasoir que la haine n\u2019est jamais la solution, mais l\u2019arme des faibles, le chemin de la facilit\u00e9, et s\u00fbrement pas le chemin vers Dieu. Il est si facile de ha\u00efr. Le langage de la haine entra\u00eene la col\u00e8re et la revanche. Le dialogue interreligieux est important, et tous les responsables religieux ont leur part \u00e0 accomplir. Les loups solitaires, qui ont une tr\u00e8s forte capacit\u00e9 de s\u00e9duction et d\u2019emprise, posent beaucoup de questions. L\u2019amour, le pardon, l\u2019\u00e9ducation, apportent les structures n\u00e9cessaires et in\u00e9branlables, que ces loups ne pourront pas fissurer. Les valeurs r\u00e9publicaines ne sont pas du tout en opposition avec les valeurs de la foi. Libert\u00e9, \u00e9galit\u00e9, fraternit\u00e9 sont des valeurs communes que nous partageons et qui doivent rentrer profond\u00e9ment dans le c\u0153ur des enfants et des g\u00e9n\u00e9rations \u00e0 venir.\u00a0\u00bb<\/p>\n<p>&nbsp;<\/p>\n<p><strong>P\u00e8re G\u00e9rard Marle, <\/strong><strong>pr\u00eatre accompagnateur du CCSC (Comit\u00e9 chr\u00e9tien de solidarit\u00e9 avec les<\/strong> <strong>ch\u00f4meurs<\/strong><strong>),<\/strong><strong> cur\u00e9 de La Courneuve.<\/strong><\/p>\n<p>\u00ab\u00a0Je suis comme tout le monde, \u00e0 la fois r\u00e9volt\u00e9 et dans la n\u00e9cessit\u00e9 de comprendre. Comprendre comment ce qu\u2019il se passe est possible et l\u2019histoire du XX<sup>e<\/sup> si\u00e8cle nous aide dans cette d\u00e9marche. Comprendre pourquoi des gens en arrivent l\u00e0, tombent dans le mensonge, la mort, le carnage. Le recul que nous accorde notre longue histoire religieuse chr\u00e9tienne et notre pass\u00e9 occidental, doit nous permettre de faire autre chose que de gueuler avec les loups. C\u2019est plus que souhaitable. Bien s\u00fbr, quand on y regarde de plus pr\u00e8s, on se rend compte que ce n\u2019est jamais simple, et c\u2019est pourquoi il faut d\u00e9passer la facilit\u00e9, la sch\u00e9matisation, et apporter aux gens des \u00e9l\u00e9ments pour sortir des pr\u00e9jug\u00e9s sur les musulmans, les Roms\u2026 Et ne pas laisser trop de place \u00e0 l\u2019affectivit\u00e9. Je fais mon travail, j\u2019essaye de faire marcher ma t\u00eate, de raisonner, d\u2019aider \u00e0 r\u00e9fl\u00e9chir, de donner des noms d\u2019\u00e9crivains qui m\u00e9ritent d\u2019\u00eatre lu par exemple. J\u2019ai toujours expos\u00e9 et argument\u00e9 mes convictions, je n\u2019ai jamais \u00e9t\u00e9 insult\u00e9 pour cela, mais apr\u00e8s je ne sais pas comment mes propos sont re\u00e7us. Les gens ne sont pas des moutons\u00a0! Il y a une r\u00e9flexion \u00e0 avoir, \u00e0 nourrir, mais toute r\u00e9flexion demande du temps. Il reste que je suis intransigeant sur un certain nombre de choses et comme l\u2019a dit tr\u00e8s clairement le pape, tuer au nom de Dieu est un blasph\u00e8me. C\u2019est un acte tout simplement impossible. Je me r\u00e9f\u00e8re beaucoup \u00e0 la doctrine sociale chr\u00e9tienne, \u00e0 la dignit\u00e9 de la personne humaine, et au principe de subsidiarit\u00e9. On ne peut pas laisser les politiques d\u00e9cider seuls. \u00c0 notre niveau, nous devons tous faire quelque chose, et ne pas d\u00e9fausser notre responsabilit\u00e9 sur les \u00e9lus, les militaires, les policiers\u2026 Si nous avons \u00e0 r\u00e9aliser un travail de colibri, n\u2019h\u00e9sitons pas\u00a0! Si je peux d\u00e9poser une petite goutte pour emp\u00eacher l\u2019incendie de se d\u00e9velopper, alors je le fais\u00a0!\u00a0\u00bb<\/p>\n<p>&nbsp;<\/p>\n<p>&nbsp;<\/p>\n<p><strong>Prosper Abena\u00efm, rabbin de La Courneuve.<\/strong><\/p>\n<p>\u00ab\u00a0Prier. Que dire de plus que prier\u00a0? C\u2019est vrai, les attentats font peur, et \u00e7a n\u2019arr\u00eate pas. Mais l\u2019homme est-il capable de surmonter cette peur\u00a0? L\u2019homme est-il capable de r\u00e9fl\u00e9chir\u00a0? Je parle \u00e0 tout le monde et je veux dire que l\u2019homme, \u00e0 l\u2019image de Dieu, n\u2019est que bont\u00e9 et surtout pas massacre. Je veux dire qu\u2019il y a pri\u00e8re et pri\u00e8re. Celui qui prie pour vivre et celui qui prie pour se faire sauter, pour, dit-il, \u00eatre plus pr\u00e8s de Dieu, celui-l\u00e0 ment. Je ne m\u2019adresse pas \u00e0 la seule communaut\u00e9 juive. Je parle \u00e0 l\u2019humanit\u00e9 tout enti\u00e8re. Cette catastrophe aujourd\u2019hui doit nous donner \u00e0 r\u00e9fl\u00e9chir et avant tout nous questionner sur le sens de la pri\u00e8re. Et je ne fais pas du pros\u00e9lytisme mais je souhaite rendre \u00e0 la pri\u00e8re son caract\u00e8re initial.\u00a0\u00bb<\/p>\n<p>&nbsp;<\/p>\n<p><strong>Sophie Cormeray, \u00e9tudiante en Affaires publiques<\/strong><\/p>\n<p>&nbsp;<\/p>\n<p>J\u2019\u00e9tais effondr\u00e9e, sid\u00e9r\u00e9e. \u00e7a ne pouvait pas recommencer. Nous n\u2019avons pas cicatris\u00e9\u00a0! Je suis choqu\u00e9e par des terroristes qui utilisent un maximum de violence contre ce que nous aimons faire. On peut se sentir atteints. Une autre semaine ces lieux de f\u00eate auraient peut-\u00eatre ceux d\u2019un autre quartier o\u00f9 je me serais trouv\u00e9e\u2026 J\u2019ai observ\u00e9e une minute de silence \u00e0 La Sorbonne en pr\u00e9sence du pr\u00e9sident de la R\u00e9publique. C\u2019est important ce moment de recueillement. Il d\u00e9passe les clivages religieux. Les terroristes ne parviendront pas \u00e0 nous diviser. La Courneuve est une diversit\u00e9. Il faut montrer notre union et continuer \u00e0 vivre pleinement. Il est important de porter des initiatives ensemble quelque soient nos origines, nos religions, continuer \u00e0 vivre, s\u2019amuser ensemble. Quoi qu\u2019il arrive, montrons que nous sommes des \u00eatres humains capables d\u2019\u00eatre dignes face \u00e0 la barbarie.<\/p>\n<p>&nbsp;<\/p>\n<p>&nbsp;<\/p>\n","protected":false},"excerpt":{"rendered":"<p>\u00a0 Apr\u00e8s les attentats du 13 Novembre,le journal municipal de la ville de la Courneuve \u00a0\u00bb Regards\u00a0\u00bb a \u00e9dit\u00e9 un num\u00e9ro sp\u00e9cial afin de permettre aux habitants de s&rsquo;exprimer. Nous reproduisons quelques uns de ces t\u00e9moignages avec l&rsquo;aimable autorisation de la r\u00e9daction. Lib\u00e9rer la parole est un premier pas essentiel.Les pas suivants pourront \u00eatre difficiles, [&hellip;]<\/p>\n","protected":false},"author":1,"featured_media":9122,"comment_status":"open","ping_status":"open","sticky":false,"template":"","format":"standard","meta":[],"categories":[705,701],"tags":[1075,1076,1074,1079,1077,1080,1078],"_links":{"self":[{"href":"http:\/\/cafaitdesordre.com\/blog\/wp-json\/wp\/v2\/posts\/9097"}],"collection":[{"href":"http:\/\/cafaitdesordre.com\/blog\/wp-json\/wp\/v2\/posts"}],"about":[{"href":"http:\/\/cafaitdesordre.com\/blog\/wp-json\/wp\/v2\/types\/post"}],"author":[{"embeddable":true,"href":"http:\/\/cafaitdesordre.com\/blog\/wp-json\/wp\/v2\/users\/1"}],"replies":[{"embeddable":true,"href":"http:\/\/cafaitdesordre.com\/blog\/wp-json\/wp\/v2\/comments?post=9097"}],"version-history":[{"count":3,"href":"http:\/\/cafaitdesordre.com\/blog\/wp-json\/wp\/v2\/posts\/9097\/revisions"}],"predecessor-version":[{"id":9121,"href":"http:\/\/cafaitdesordre.com\/blog\/wp-json\/wp\/v2\/posts\/9097\/revisions\/9121"}],"wp:featuredmedia":[{"embeddable":true,"href":"http:\/\/cafaitdesordre.com\/blog\/wp-json\/wp\/v2\/media\/9122"}],"wp:attachment":[{"href":"http:\/\/cafaitdesordre.com\/blog\/wp-json\/wp\/v2\/media?parent=9097"}],"wp:term":[{"taxonomy":"category","embeddable":true,"href":"http:\/\/cafaitdesordre.com\/blog\/wp-json\/wp\/v2\/categories?post=9097"},{"taxonomy":"post_tag","embeddable":true,"href":"http:\/\/cafaitdesordre.com\/blog\/wp-json\/wp\/v2\/tags?post=9097"}],"curies":[{"name":"wp","href":"https:\/\/api.w.org\/{rel}","templated":true}]}}