{"id":8945,"date":"2015-10-06T17:10:17","date_gmt":"2015-10-06T15:10:17","guid":{"rendered":"http:\/\/cafaitdesordre.com\/blog\/?p=8945"},"modified":"2016-10-25T15:34:08","modified_gmt":"2016-10-25T13:34:08","slug":"illska-lenfer-cest-moi","status":"publish","type":"post","link":"http:\/\/cafaitdesordre.com\/blog\/2015\/10\/illska-lenfer-cest-moi\/","title":{"rendered":"\u00ab\u00a0L&rsquo;enfer c&rsquo;est moi\u00a0\u00bb dit Eirikur Orn Norddahl"},"content":{"rendered":"<p><strong>Et pourquoi l&rsquo;enfer ce serait toujours les autres? et si le mal qui v\u00e9role nos existences poussait justement sur ce terreau l\u00e0 ? Toute la lumi\u00e8re dans \u00ab\u00a0Illska\u00a0\u00bb son dernier roman.<br \/>\n<\/strong><\/p>\n<p>&nbsp;<\/p>\n<p>&nbsp;<\/p>\n<p><a href=\"http:\/\/cafaitdesordre.com\/blog\/wp-content\/uploads\/2015\/10\/DSC1365-3.jpeg\"><img decoding=\"async\" loading=\"lazy\" class=\"alignleft size-medium wp-image-8946\" src=\"http:\/\/cafaitdesordre.com\/blog\/wp-content\/uploads\/2015\/10\/DSC1365-3-300x200.jpeg\" alt=\"_DSC1365-3\" width=\"300\" height=\"200\" srcset=\"http:\/\/cafaitdesordre.com\/blog\/wp-content\/uploads\/2015\/10\/DSC1365-3-300x200.jpeg 300w, http:\/\/cafaitdesordre.com\/blog\/wp-content\/uploads\/2015\/10\/DSC1365-3.jpeg 320w\" sizes=\"(max-width: 300px) 100vw, 300px\" \/><\/a>Qu\u2019est-ce que la g\u00e9o -strat\u00e9gie, si ce n\u2019est La perp\u00e9tuation des rapports de domination qui fait que les plus puissants \u00e9crasent les plus faibles en toute impunit\u00e9. A l\u2019aune de ce constat primaire, les petits pays sont aval\u00e9s par les gros et n\u2019ont m\u00eame pas le droit de s\u2019en plaindre. Parlant peu ou pas, ils ne peuvent,\u00a0 dixit Goebbels , qu\u2019\u00eatre dans le faux, puisque selon cet expert, un mensonge souvent r\u00e9p\u00e9t\u00e9 , par le biais des m\u00e9dias devient v\u00e9rit\u00e9. Eirikur Orn Norddahl est islandais, son 4<sup>\u00e8me<\/sup> roman \u00e9dit\u00e9 dans son pays en 2012 est enfin traduit en fran\u00e7ais et \u00e9dit\u00e9 par Anne Marie M\u00e9taili\u00e9. C\u2019est un malheur d\u2019\u00eatre islandais, personne ne conna\u00eet ce pays et presque personne n\u2019est capable de mettre en avant ses talents. Eirikur Orn Norddahl, pour notre plus grande joie et pourquoi pas notre salut, transforme cette pseudo fatalit\u00e9 en une arme redoutable. Priv\u00e9s de parole les petits pays peuvent aussi \u00eatre moins intoxiqu\u00e9s que les autres et en tout cas plus avides de chercher une voie originale d\u2019expression. Tout commence par un festival litt\u00e9raire auquel l\u2019auteur est invit\u00e9 \u00e0 Jurbarkas bourgade lituanienne de 2000 habitants. Les d\u00e9bats politiques succ\u00e8dent aux d\u00e9bats historiques. En 1941, les juifs qui repr\u00e9sentaient seulement la moiti\u00e9 de la population sont assassin\u00e9s par l\u2019autre moiti\u00e9 assist\u00e9e des Einsatzgruppen. De retour chez lui, l\u2019\u00e9crivain est f\u00e9brile, il entreprend des recherches pour tenter de comprendre, il commence \u00e0 \u00e9crire. la n\u00e9cessit\u00e9 qui est la sienne est h\u00e9las aliment\u00e9e par l\u2019incessante mont\u00e9e des partis d\u2019extr\u00eame droite dans de nombreux pays d\u2019Europe. Agn\u00e8s, l\u2019h\u00e9ro\u00efne est islandaise d\u2019origine lituanienne .A Jurbarkas vivaient ses\u00a0 arri\u00e8re- grands parents. Les uns ont \u00e9t\u00e9 des bourreaux, les autres des victimes de l\u2019extermination. Agn\u00e8s d\u00e9cide de faire sa th\u00e8se sur le nazisme et ses r\u00e9surgences contemporaines. Un jour elle rencontre Omar, ils tombent amoureux. Un autre jour, elle fait la connaissance Arnor, \u00e9tudiant n\u00e9onazi. Elle navigue de l\u2019un \u00e0 l\u2019autre. Snorri est leur enfant. Le p\u00e8re est forc\u00e9ment Omar ou Arnor. La force d\u2019Illska est d\u2019\u00eatre \u00e9crit par un pur \u00e9crivain qui revendique l\u2019engagement politique de l\u2019 intellectuel qu\u2019il est \u00e9galement sans pour autant se satisfaire d\u2019une vision st\u00e9r\u00e9otyp\u00e9e de l\u2019histoire. Si les partis populistes r\u00e9\u00e9crivent une \u2019histoire qui refuse toute expression de l\u2019autre, toute prise de parole de l\u2019\u00e9tranger qui \u00e0 tout moment met en p\u00e9ril la puret\u00e9 originelle d\u2019un peuple, cela ne signifie pas pour autant que ceux qui \u00e0 juste titre les d\u00e9noncent, soient porteurs d&rsquo;une v\u00e9rit\u00e9 susceptible de contribuer \u00e0 la construction d\u2019une soci\u00e9t\u00e9 aussi juste qu\u2019\u00e9galitaire.Ici Le romancier va plus loin, beaucoup plus loin qu\u2019un \u00e9ventuel essayiste\u00a0 car le lecteur d\u2019une th\u00e8se qui ne lui convient prend une posture d\u2019opposant qui dissipe tout malaise. Hors, si nous sommes aujourd\u2019hui cern\u00e9s par la vague n\u00e9o-nazie cela veut bien dire que nous n\u2019avons en rien ou presque, fait le travail qui aurait permis de l\u2019\u00e9viter. Qu\u2019est-ce qu\u2019un \u00e9crivain\u00a0? C\u2019est quelqu\u2019un qui est capable de trouver une forme, une esth\u00e9tique \u00e0 la hauteur de ce qu\u2019il a envie de dire. Mieux un \u00e9crivain est d\u2019abord un langage, car la forme qu\u2019il adopte est aussi prise de parole. Avec Illska, l\u2019\u00e9crivain ne cesse de dialoguer, voire de s\u2019opposer \u00e0 l\u2019intellectuel engag\u00e9 qu\u2019il est \u00e9galement. Chaque prise de parole, chaque analyse est en porte \u00e0 faux. L\u2019humour, la d\u00e9rision rendent impossible toute forme d\u2019auto- satisfaction. Nous sommes en terrain min\u00e9 o\u00f9 on ne sait m\u00eame plus qui parle.Le \u00ab\u00a0je\u00a0\u00bb le \u00ab\u00a0moi\u00a0\u00bb tombent de leur piedestal L\u2019existence du mal absolu , du p\u00e9ch\u00e9 originel est un mythe qui permet \u00e0 chacun de nier le r\u00f4le de l\u2019histoire et surtout celui de chaque individu. le mal, dit l\u2019auteur dans l\u2019entretien qu\u2019il nous a accord\u00e9, est une construction humaine qui ne surgit jamais ex nihilo, mais se s\u00e9dimente lentement au gr\u00e9 des petits pas, des atermoiements, des renoncements qui sont les n\u00f4tres. Le refus de l\u2019autre en est le pivot central, l\u2019auto- satisfaction de chaque tribu dominante, la toile de fond.<\/p>\n<p>Illska est le roman de la confrontation sans la moindre concession avec notre part maudite. C\u2019est non seulement un cri d\u2019alarme mais aussi un acte lucide et courageux d\u00e9montrant que la pieuvre peut \u00eatre mise en \u00e9chec si nous le v<a href=\"http:\/\/cafaitdesordre.com\/blog\/wp-content\/uploads\/2015\/10\/Illska-300x460.jpg\"><img decoding=\"async\" loading=\"lazy\" class=\"alignleft size-medium wp-image-8953\" src=\"http:\/\/cafaitdesordre.com\/blog\/wp-content\/uploads\/2015\/10\/Illska-300x460-196x300.jpg\" alt=\"Illska-300x460\" width=\"196\" height=\"300\" srcset=\"http:\/\/cafaitdesordre.com\/blog\/wp-content\/uploads\/2015\/10\/Illska-300x460-196x300.jpg 196w, http:\/\/cafaitdesordre.com\/blog\/wp-content\/uploads\/2015\/10\/Illska-300x460.jpg 300w\" sizes=\"(max-width: 196px) 100vw, 196px\" \/><\/a>oulons. La complaisance des m\u00e9dias depuis au moins vingt ans transforme le mensonge d\u2019extr\u00eame droite en une v\u00e9rit\u00e9 servile et naus\u00e9abonde. Il est urgent de tourner le dos au langage, \u00e0 la politique qui ne respecte pas nos diff\u00e9rences. Il faut radicalement inventer une politique o\u00f9 le m\u00e9pris soit aux abonn\u00e9s absents. Dans l\u2019\u00e9tat de d\u00e9cr\u00e9pitude o\u00f9 nous sommes \u00ab\u00a0Illska\u00a0\u00bb est un v\u00e9ritable cadeau. Il n\u2019est plus temps de se complaire dans la tristesse et l\u2019abandon. L\u2019intelligence joyeuse et corrosive d\u2019un \u00e9crivain authentique nous bouscule avec autant de s\u00e9v\u00e9rit\u00e9 goguenarde que de tendresse compr\u00e9hensive. Nous lui disons deux fois merci. D\u2019abord pour le bonheur de la lecture, ensuite pour la bombe \u00e0 fragmentation qu\u2019il a con\u00e7u dans le seul espoir que nous restions humains. \u00ab\u00a0 Celui qui choisit les mots, gouverne la r\u00e9alit\u00e9\u00a0\u00bb<\/p>\n<p>&nbsp;<\/p>\n<p>Fran\u00e7ois Bernheim<\/p>\n<p>&nbsp;<\/p>\n<p>Eirikur Orn Norddall<\/p>\n<p>Illiska, Le mal<\/p>\n<p>Editions Anne-Marie M\u00e9taili\u00e9<\/p>\n<p>&nbsp;<\/p>\n<p>Photos de l&rsquo;auteur : Arielle bernheim<\/p>\n","protected":false},"excerpt":{"rendered":"<p>Et pourquoi l&rsquo;enfer ce serait toujours les autres? et si le mal qui v\u00e9role nos existences poussait justement sur ce terreau l\u00e0 ? Toute la lumi\u00e8re dans \u00ab\u00a0Illska\u00a0\u00bb son dernier roman. &nbsp; &nbsp; Qu\u2019est-ce que la g\u00e9o -strat\u00e9gie, si ce n\u2019est La perp\u00e9tuation des rapports de domination qui fait que les plus puissants \u00e9crasent les [&hellip;]<\/p>\n","protected":false},"author":1,"featured_media":8946,"comment_status":"open","ping_status":"open","sticky":false,"template":"","format":"standard","meta":[],"categories":[705,718,698,702],"tags":[],"_links":{"self":[{"href":"http:\/\/cafaitdesordre.com\/blog\/wp-json\/wp\/v2\/posts\/8945"}],"collection":[{"href":"http:\/\/cafaitdesordre.com\/blog\/wp-json\/wp\/v2\/posts"}],"about":[{"href":"http:\/\/cafaitdesordre.com\/blog\/wp-json\/wp\/v2\/types\/post"}],"author":[{"embeddable":true,"href":"http:\/\/cafaitdesordre.com\/blog\/wp-json\/wp\/v2\/users\/1"}],"replies":[{"embeddable":true,"href":"http:\/\/cafaitdesordre.com\/blog\/wp-json\/wp\/v2\/comments?post=8945"}],"version-history":[{"count":14,"href":"http:\/\/cafaitdesordre.com\/blog\/wp-json\/wp\/v2\/posts\/8945\/revisions"}],"predecessor-version":[{"id":9721,"href":"http:\/\/cafaitdesordre.com\/blog\/wp-json\/wp\/v2\/posts\/8945\/revisions\/9721"}],"wp:featuredmedia":[{"embeddable":true,"href":"http:\/\/cafaitdesordre.com\/blog\/wp-json\/wp\/v2\/media\/8946"}],"wp:attachment":[{"href":"http:\/\/cafaitdesordre.com\/blog\/wp-json\/wp\/v2\/media?parent=8945"}],"wp:term":[{"taxonomy":"category","embeddable":true,"href":"http:\/\/cafaitdesordre.com\/blog\/wp-json\/wp\/v2\/categories?post=8945"},{"taxonomy":"post_tag","embeddable":true,"href":"http:\/\/cafaitdesordre.com\/blog\/wp-json\/wp\/v2\/tags?post=8945"}],"curies":[{"name":"wp","href":"https:\/\/api.w.org\/{rel}","templated":true}]}}