{"id":8343,"date":"2015-03-30T20:30:06","date_gmt":"2015-03-30T18:30:06","guid":{"rendered":"http:\/\/cafaitdesordre.com\/blog\/?p=8343"},"modified":"2017-01-10T13:58:30","modified_gmt":"2017-01-10T12:58:30","slug":"la-realite-de-limmigration","status":"publish","type":"post","link":"http:\/\/cafaitdesordre.com\/blog\/2015\/03\/la-realite-de-limmigration\/","title":{"rendered":"La r\u00e9alit\u00e9 de l&rsquo;immigration plut\u00f4t que les fantasmes"},"content":{"rendered":"<p><strong>Conna\u00eetre la r\u00e9alit\u00e9 factuelle de l\u2019immigration \u00e9vite de donner prise aux fantasmes qui h\u00e9las en la mati\u00e8re courent les rues. Sylvain Dubowsky a pris la peine de rassembler quelques chiffres qui remettent les choses en place. Ce n\u2019est pas demain que \u00ab\u00a0 la mis\u00e8re du monde\u00a0\u00bb risque d\u2019envahir notre pays.<\/strong><\/p>\n<p><strong>\u00a0<\/strong><\/p>\n<p><strong>\u00a0\u00ab\u00a0J&rsquo;ai l&rsquo;impression que chez certains de mes amis et relations, les \u00ab\u00a0id\u00e9es re\u00e7ues\u00a0\u00bb en mati\u00e8re d&rsquo;immigration<\/strong><strong> ont la vie dure.<\/strong><\/p>\n<p><strong>\u00a0Sur l&rsquo;origine des migrations, il faut sortir de cette vision mis\u00e9rabiliste qui donne du grain \u00e0 moudre \u00e0 ceux qui<\/strong><strong> redoutent que nous ne soyons envahis par \u00ab\u00a0la mis\u00e8re du monde\u00a0\u00bb. Hors les demandeurs d\u2019asile (actuellement\u00a0<\/strong><\/p>\n<p><strong>majoritairement Syriens, Soudanais, \u00c9rythr\u00e9ens) qui tentent d&rsquo;approcher les fronti\u00e8res de l&rsquo;Europe dans des<\/strong><strong> barcasses pourries, la majorit\u00e9 des immigr\u00e9s arrivant en Europe et singuli\u00e8rement en France, ne repr\u00e9sente pas le Tiers-monde.<\/strong><\/p>\n<p><strong>Voir cet extrait d\u2019une note de l&rsquo;Observatoire de la Soci\u00e9t\u00e9 : \u00a0\u00bb Depuis le milieu des ann\u00e9es 1970, la part de<\/strong><strong> l&rsquo;immigration\u00a0europ\u00e9enne avait tendance \u00e0 se r\u00e9duire. La proportion d\u2019immigr\u00e9s n\u00e9s dans l\u2019Union europ\u00e9enne est ainsi pass\u00e9e de 63 % \u00e0 34 % entre 1975 et 2008. Celle d\u2019immigr\u00e9s originaires marocaine, d\u2019Afrique sub-saharienne ou d\u2019Asie a alors\u00a0fortement progress\u00e9.<\/strong><\/p>\n<p><strong>Depuis la fin des ann\u00e9es 2000, on assiste \u00e0 un changement : l\u2019immigration europ\u00e9enne progresse, avec un retour de<\/strong><strong> l\u2019immigration portugaise, espagnole et italienne1. En 2012, 46 % des immigr\u00e9s entr\u00e9s sur le sol fran\u00e7ais \u00e9taient originaires d\u2019Europe.\u00a0\u00bb\u00a0 <\/strong><\/p>\n<p><strong><a href=\"http:\/\/www.observationsociete.fr\/do%C3%B9-viennent-les-immigr%C3%A9s\">http:\/\/www.observationsociete.fr\/do%C3%B9-viennent-les-immigr%C3%A9s<\/a><\/strong><\/p>\n<p><strong>\u00a0Selon la Commission europ\u00e9enne, dans l\u2019UE, 47 % des immigr\u00e9s viennent de pays \u00e0 Indice de d\u00e9veloppement humain<\/strong><strong> (IDH) \u00e9lev\u00e9, 46 % de pays \u00e0 IDH moyen et 7 % d\u2019un pays ayant un IDH faible. Nous sommes donc bien loin de l\u2019id\u00e9e que le Tiers-monde frappe \u00e0 nos portes. Des informations comme celle-ci, vous en trouverez dans de nombreuses publications : celles de l\u2019INSEE, l\u2019INED, l\u2019OCDE,.. toutes facilement accessibles par internet. Et vous pouvez \u00e9galement voir sur le site du minist\u00e8re de l\u2019Int\u00e9rieur que la France a \u00e9t\u00e9 \u00ab envahie \u00bb par un peu plus de 59 000 demandeurs d\u2019asile en 2014<\/strong><\/p>\n<p><strong>(<a href=\"http:\/\/www.immigration.interieur.gouv.fr\/Info-ressources\/Statistiques\/Tableaux-statistiques\/Les-demandes-d-asile\">http:\/\/www.immigration.interieur.gouv.fr\/Info-ressources\/Statistiques\/Tableaux-statistiques\/Les-demandes-d-asile<\/a> ).<\/strong><\/p>\n<p><strong>A titre de comparaison, actuellement la Jordanie accueille \u00ab officiellement \u00bb plus de 620 000\u00a0 Syriens, la Turquie plus<\/strong><strong> de 700 000\u2026 \u00ab\u00a0<\/strong><\/p>\n<p><strong>\u00a0\u00a0\u00a0\u00a0\u00a0\u00a0\u00a0\u00a0\u00a0\u00a0\u00a0\u00a0\u00a0\u00a0\u00a0\u00a0\u00a0\u00a0\u00a0<\/strong><\/p>\n<p><strong> Sylvain Dubowsky<\/strong><\/p>\n<p><strong>\u00a0<\/strong><\/p>\n","protected":false},"excerpt":{"rendered":"<p>Conna\u00eetre la r\u00e9alit\u00e9 factuelle de l\u2019immigration \u00e9vite de donner prise aux fantasmes qui h\u00e9las en la mati\u00e8re courent les rues. Sylvain Dubowsky a pris la peine de rassembler quelques chiffres qui remettent les choses en place. Ce n\u2019est pas demain que \u00ab\u00a0 la mis\u00e8re du monde\u00a0\u00bb risque d\u2019envahir notre pays. \u00a0 \u00a0\u00ab\u00a0J&rsquo;ai l&rsquo;impression que chez [&hellip;]<\/p>\n","protected":false},"author":1,"featured_media":8344,"comment_status":"open","ping_status":"open","sticky":false,"template":"","format":"standard","meta":[],"categories":[698,701],"tags":[759,227,757,758,760,756],"_links":{"self":[{"href":"http:\/\/cafaitdesordre.com\/blog\/wp-json\/wp\/v2\/posts\/8343"}],"collection":[{"href":"http:\/\/cafaitdesordre.com\/blog\/wp-json\/wp\/v2\/posts"}],"about":[{"href":"http:\/\/cafaitdesordre.com\/blog\/wp-json\/wp\/v2\/types\/post"}],"author":[{"embeddable":true,"href":"http:\/\/cafaitdesordre.com\/blog\/wp-json\/wp\/v2\/users\/1"}],"replies":[{"embeddable":true,"href":"http:\/\/cafaitdesordre.com\/blog\/wp-json\/wp\/v2\/comments?post=8343"}],"version-history":[{"count":2,"href":"http:\/\/cafaitdesordre.com\/blog\/wp-json\/wp\/v2\/posts\/8343\/revisions"}],"predecessor-version":[{"id":8346,"href":"http:\/\/cafaitdesordre.com\/blog\/wp-json\/wp\/v2\/posts\/8343\/revisions\/8346"}],"wp:featuredmedia":[{"embeddable":true,"href":"http:\/\/cafaitdesordre.com\/blog\/wp-json\/wp\/v2\/media\/8344"}],"wp:attachment":[{"href":"http:\/\/cafaitdesordre.com\/blog\/wp-json\/wp\/v2\/media?parent=8343"}],"wp:term":[{"taxonomy":"category","embeddable":true,"href":"http:\/\/cafaitdesordre.com\/blog\/wp-json\/wp\/v2\/categories?post=8343"},{"taxonomy":"post_tag","embeddable":true,"href":"http:\/\/cafaitdesordre.com\/blog\/wp-json\/wp\/v2\/tags?post=8343"}],"curies":[{"name":"wp","href":"https:\/\/api.w.org\/{rel}","templated":true}]}}