{"id":8181,"date":"2015-02-10T09:45:08","date_gmt":"2015-02-10T08:45:08","guid":{"rendered":"http:\/\/cafaitdesordre.com\/blog\/?p=8181"},"modified":"2015-03-04T09:15:54","modified_gmt":"2015-03-04T08:15:54","slug":"une-histoire-de-fous","status":"publish","type":"post","link":"http:\/\/cafaitdesordre.com\/blog\/2015\/02\/une-histoire-de-fous\/","title":{"rendered":"UNE HISTOIRE DE FOUS"},"content":{"rendered":"<p>&nbsp;<\/p>\n<p>A la Clinique, ils sont tous fous. Et folles. De l\u2019araign\u00e9e au plafond \u00e0 l\u2019entonnoir sur la t\u00eate, ils ont tous un grain. Il y a la mamie de la chambre 15 et sa d\u00e9mence s\u00e9nile. Luce, la bipolaire surmaquill\u00e9e qui ressemble \u00ab\u00a0\u00e0 une guirlande allum\u00e9e\u00a0\u00bb. Fr\u00e9d\u00e9ric, qui n\u2019est \u00ab\u00a0pas n\u00e9 d\u00e9glingu\u00e9\u00a0\u00bb. Avant l\u2019accident de v\u00e9lo qui l\u2019a rendu \u00e9pileptique et d\u00e9lirant, il \u00e9tait tout \u00e0 fait en phase avec sa vie. C\u2019\u00e9tait un artiste, il avait l\u2019habitude des id\u00e9es qui s\u2019entrechoquent dans un cerveau, mais pas de la douleur qu\u2019il \u00e9prouve maintenant. Il y a aussi la belle Agathe qu\u2019un licenciement brutal a plong\u00e9 dans une d\u00e9pression dont le sympt\u00f4me le plus angoissant l\u2019emp\u00eache de passer devant une fen\u00eatre, \u00e0 cause du vide mena\u00e7ant qui l\u2019appelle \u00e0 travers la vitre. Et puis tous les cingl\u00e9s, les d\u00e9lirants. Pour compl\u00e9ter le tableau, il y a Yo l\u2019infirmi\u00e8re, qui aime la compagnie des Fous et qui demande r\u00e9guli\u00e8rement une citronnelle pour la remettre d\u2019aplomb dans le bar pour alcooliques qu\u2019elle fr\u00e9quente et dont le patron est un ami. On devine bien qu\u2019elle aussi a sa bizarrerie cach\u00e9e, qu\u2019elle est le produit d\u2019une histoire compliqu\u00e9e. \u00ab\u00a0Elle a trac\u00e9 sa vie entre la raison et la folie, en m\u00e9nageant les deux, comme s\u2019il n\u2019y avait pas de contradictions entre elles.\u00a0\u00bb Cette vie, en fait, ne tient qu\u2019\u00e0 un fil, \u00ab\u00a0Le Fil de Yo\u00a0\u00bb qui donne son titre au roman subtil de Caroline Tin\u00e9. C\u2019est \u00e0 ce fil t\u00e9nu qu\u2019elle se raccroche quand la souffrance des autres et la sienne menacent de la plonger dans son propre labyrinthe. \u00ab\u00a0Soulager les maux des autres est devenu son \u00e9quilibre\u00a0\u00bb. Yo a un don. Celui de l\u2019empathie avec les patients, les schizophr\u00e8nes, les bipolaires, les m\u00e9lancoliques. S\u2019approcher au plus pr\u00e8s de leurs indicibles maux ne lui fait pas peur. Elle sait que ce ne sont pas les sangles ou les \u00e9lectro-chocs qui vont les soulager, mais un temps d\u2019attention et toute sa bienveillance. Et les l\u00e9gers progr\u00e8s dans l\u2019\u00e9tat des Fous qu\u2019elle a en charge, ses observations et ses id\u00e9es d\u00e9clenchent la jalousie des psychiatres patent\u00e9s, dipl\u00f4m\u00e9s et psycho &#8211; rigides. A la Clinique, comme dans tout microcosme humain, des amiti\u00e9s se tissent, des amours s\u2019esquissent, des destins croisent leurs liens fragiles. Et m\u00eame des gu\u00e9risons s\u2019esquissent. Ecrit sans effets de style, ce roman sensible fait mesurer combien cohabitent en chaque existence banale raison et folie en \u00e9quilibre pr\u00e9caire et qu\u2019entre les deux, pourquoi se forcer \u00e0 faire un choix\u00a0? C\u2019est \u00e7a qui serait fou.<\/p>\n<p>&nbsp;<\/p>\n<p><strong>Marie H\u00e9l\u00e8ne Mass\u00e9<\/strong><\/p>\n<p>&nbsp;<\/p>\n<p>&nbsp;<\/p>\n<p><strong>Le fil de Yo<\/strong><\/p>\n<p><strong>Caroline Tin\u00e9<\/strong><\/p>\n<p><strong>JCLatt\u00e8s<\/strong><\/p>\n<p>&nbsp;<\/p>\n","protected":false},"excerpt":{"rendered":"<p>&nbsp; A la Clinique, ils sont tous fous. Et folles. De l\u2019araign\u00e9e au plafond \u00e0 l\u2019entonnoir sur la t\u00eate, ils ont tous un grain. Il y a la mamie de la chambre 15 et sa d\u00e9mence s\u00e9nile. Luce, la bipolaire surmaquill\u00e9e qui ressemble \u00ab\u00a0\u00e0 une guirlande allum\u00e9e\u00a0\u00bb. Fr\u00e9d\u00e9ric, qui n\u2019est \u00ab\u00a0pas n\u00e9 d\u00e9glingu\u00e9\u00a0\u00bb. Avant l\u2019accident [&hellip;]<\/p>\n","protected":false},"author":1,"featured_media":8182,"comment_status":"open","ping_status":"open","sticky":false,"template":"","format":"standard","meta":[],"categories":[698],"tags":[656,659,661,660,653,655,292,654,657,658],"_links":{"self":[{"href":"http:\/\/cafaitdesordre.com\/blog\/wp-json\/wp\/v2\/posts\/8181"}],"collection":[{"href":"http:\/\/cafaitdesordre.com\/blog\/wp-json\/wp\/v2\/posts"}],"about":[{"href":"http:\/\/cafaitdesordre.com\/blog\/wp-json\/wp\/v2\/types\/post"}],"author":[{"embeddable":true,"href":"http:\/\/cafaitdesordre.com\/blog\/wp-json\/wp\/v2\/users\/1"}],"replies":[{"embeddable":true,"href":"http:\/\/cafaitdesordre.com\/blog\/wp-json\/wp\/v2\/comments?post=8181"}],"version-history":[{"count":1,"href":"http:\/\/cafaitdesordre.com\/blog\/wp-json\/wp\/v2\/posts\/8181\/revisions"}],"predecessor-version":[{"id":8183,"href":"http:\/\/cafaitdesordre.com\/blog\/wp-json\/wp\/v2\/posts\/8181\/revisions\/8183"}],"wp:featuredmedia":[{"embeddable":true,"href":"http:\/\/cafaitdesordre.com\/blog\/wp-json\/wp\/v2\/media\/8182"}],"wp:attachment":[{"href":"http:\/\/cafaitdesordre.com\/blog\/wp-json\/wp\/v2\/media?parent=8181"}],"wp:term":[{"taxonomy":"category","embeddable":true,"href":"http:\/\/cafaitdesordre.com\/blog\/wp-json\/wp\/v2\/categories?post=8181"},{"taxonomy":"post_tag","embeddable":true,"href":"http:\/\/cafaitdesordre.com\/blog\/wp-json\/wp\/v2\/tags?post=8181"}],"curies":[{"name":"wp","href":"https:\/\/api.w.org\/{rel}","templated":true}]}}