{"id":8158,"date":"2015-02-01T22:31:40","date_gmt":"2015-02-01T21:31:40","guid":{"rendered":"http:\/\/cafaitdesordre.com\/blog\/?p=8158"},"modified":"2016-11-28T13:19:41","modified_gmt":"2016-11-28T12:19:41","slug":"le-racisme-au-service-de-la-domination-de-classe","status":"publish","type":"post","link":"http:\/\/cafaitdesordre.com\/blog\/2015\/02\/le-racisme-au-service-de-la-domination-de-classe\/","title":{"rendered":"Le racisme au service de la domination de classe"},"content":{"rendered":"<p>Les pauvres, les exploit\u00e9s, les opprim\u00e9s avant d&rsquo;avoir une religion, sont d&rsquo;abord les grands perdants de la lutte des classes \u00e0 l&rsquo;\u00e9chelle mondiale. Si l&rsquo;on s&rsquo;en tient aux banlieues fran\u00e7aises, depuis combien d&rsquo;ann\u00e9es le pouvoir politique et la bourgeoisie ont-ils syst\u00e9matiquement rel\u00e9gu\u00e9 et abandonn\u00e9 une population\u00a0 qui a pu dans une p\u00e9riode pr\u00e9c\u00e9dente, constituer une main d&rsquo;oeuvre d&rsquo;appoint. Les \u00e9v\u00e9nements tragiques des 7 et 9 janvier\u00a0 obligent chacun \u00e0 se poser les bonnes questions. Dans le Monde diplomatique de F\u00e9vrier, Beno\u00eet Br\u00e9ville\u00a0 dans son article \u00ab\u00a0Islamophobie ou prolophobie\u00a0\u00bb fait une analyse lumineuse des diff\u00e9rentes vagues d&rsquo;immigration\u00a0 que la France a connu au 20\u00e8me si\u00e8cle. On s&rsquo;aper\u00e7oit que la question sociale a comme par hasard \u00e9t\u00e9 \u00e9vacu\u00e9e au profit d&rsquo;une grille qui privil\u00e9gie l&rsquo; identit\u00e9 d\u00a0\u00bborigine. Oublions donc qu&rsquo; avant d&rsquo;\u00eatre alg\u00e9riens, tunisiens, \u00ab\u00a0ces gens l\u00e0\u00a0\u00bb sont d&rsquo;abord des prolos. A l&rsquo;\u00e9vidence quand il ne le sont pas, ainsi une partie des russes immigr\u00e9s,\u00a0 il devient normal de pouvoir partager avec ces exil\u00e9s une culture et des valeurs qui n&rsquo;ont pas de fronti\u00e8re. Race et culture justifient le rapport de domination. Elles ne sont pas la r\u00e9sultante d&rsquo;un rapport de force, mais sont ass\u00e9n\u00e9es comme des donn\u00e9es de nature. Le malheur veut que ceux que l&rsquo;on domine en permanence \u00e0 force d&rsquo;\u00eatre d\u00e9l\u00e9gitim\u00e9s et m\u00e9pris\u00e9s, vont devenir perm\u00e9ables aux sir\u00e8nes\u00a0 du populisme et de l&rsquo;islamisme.<\/p>\n<p><a href=\"http:\/\/cafaitdesordre.com\/blog\/wp-content\/uploads\/2015\/02\/titre.gif\"><img decoding=\"async\" loading=\"lazy\" class=\"alignleft size-medium wp-image-8159\" src=\"http:\/\/cafaitdesordre.com\/blog\/wp-content\/uploads\/2015\/02\/titre-300x179.gif\" alt=\"titre\" width=\"300\" height=\"179\" srcset=\"http:\/\/cafaitdesordre.com\/blog\/wp-content\/uploads\/2015\/02\/titre-300x179.gif 300w, http:\/\/cafaitdesordre.com\/blog\/wp-content\/uploads\/2015\/02\/titre.gif 552w\" sizes=\"(max-width: 300px) 100vw, 300px\" \/><\/a><\/p>\n<p>Dans Le Monde des livres du 30 Janvier qui consacre plusieurs pages \u00e0 la BD au moment du festival d&rsquo;Angoul\u00eame, la dessinatrice Lisa Mandel avec une \u00e9conomie de moyens propre aux caricaturistes, tape o\u00f9 cela fait le plus mal. Le court circuit op\u00e9r\u00e9 entre les pr\u00e9jug\u00e9s les plus enracin\u00e9s \u00a0\u00bb du vrai travail\u00a0 d&rsquo;arabe\u00a0\u00bb et l&rsquo;assassinat de l&rsquo;\u00e9quipe de Charlie Hebdo\u00a0\u00bb est litt\u00e9ralement percutant. Cette expression \u00a0\u00bb du vrai travail d&rsquo;arabe\u00a0\u00bb\u00a0 combien de fois l&rsquo;ai-je entendu depuis mon enfance. Elle accompagnait avec \u00e9l\u00e9gance les diff\u00e9rents mode de d\u00e9signation des arabes: ratons,\u00a0 bicots, crouilles, etc.<\/p>\n<p>Il faut s&rsquo;interroger sur le pouvoir des mots. A l&rsquo;\u00e9vidence aucun mot n&rsquo;est \u00e0 lui seul un r\u00e9volver. Aucun mot ne tue en direct, mais l&rsquo;utilisation de certaines expressions r\u00e9p\u00e9t\u00e9es aussi souvent qu&rsquo;il est possible, pr\u00e9pare le terrain. Les mots autorisent, voire l\u00e9gitiment des actions\u00a0 meurtri\u00e8res. Les juifs, caricatur\u00e9s par les nazis et autres antis\u00e9mites ont pay\u00e9 tr\u00e8s cher le prix de cet ostracisme. Les terroristes islamistes qui exploitent avec la plus grande malignit\u00e9 le m\u00e9pris qui frappe les musulmans, nous obligent, au del\u00e0 de l&rsquo;indignation, \u00e0 revoir s\u00e9rieusement nos grilles d&rsquo;analyse. il est peut \u00eatre encore temps.<\/p>\n<p>Fran\u00e7ois Bernheim<\/p>\n<p><a href=\"http:\/\/cafaitdesordre.com\/blog\/wp-content\/uploads\/2015\/02\/lisa-mandel-hp-2009.jpg\"><img decoding=\"async\" loading=\"lazy\" class=\"alignleft size-full wp-image-8160\" src=\"http:\/\/cafaitdesordre.com\/blog\/wp-content\/uploads\/2015\/02\/lisa-mandel-hp-2009.jpg\" alt=\"lisa-mandel-hp-2009\" width=\"203\" height=\"299\" \/><\/a><\/p>\n","protected":false},"excerpt":{"rendered":"<p>Les pauvres, les exploit\u00e9s, les opprim\u00e9s avant d&rsquo;avoir une religion, sont d&rsquo;abord les grands perdants de la lutte des classes \u00e0 l&rsquo;\u00e9chelle mondiale. Si l&rsquo;on s&rsquo;en tient aux banlieues fran\u00e7aises, depuis combien d&rsquo;ann\u00e9es le pouvoir politique et la bourgeoisie ont-ils syst\u00e9matiquement rel\u00e9gu\u00e9 et abandonn\u00e9 une population\u00a0 qui a pu dans une p\u00e9riode pr\u00e9c\u00e9dente, constituer une [&hellip;]<\/p>\n","protected":false},"author":1,"featured_media":8161,"comment_status":"open","ping_status":"open","sticky":false,"template":"","format":"standard","meta":[],"categories":[705,701],"tags":[632,639,635,593,636,634,638,631,633,637,361],"_links":{"self":[{"href":"http:\/\/cafaitdesordre.com\/blog\/wp-json\/wp\/v2\/posts\/8158"}],"collection":[{"href":"http:\/\/cafaitdesordre.com\/blog\/wp-json\/wp\/v2\/posts"}],"about":[{"href":"http:\/\/cafaitdesordre.com\/blog\/wp-json\/wp\/v2\/types\/post"}],"author":[{"embeddable":true,"href":"http:\/\/cafaitdesordre.com\/blog\/wp-json\/wp\/v2\/users\/1"}],"replies":[{"embeddable":true,"href":"http:\/\/cafaitdesordre.com\/blog\/wp-json\/wp\/v2\/comments?post=8158"}],"version-history":[{"count":4,"href":"http:\/\/cafaitdesordre.com\/blog\/wp-json\/wp\/v2\/posts\/8158\/revisions"}],"predecessor-version":[{"id":8165,"href":"http:\/\/cafaitdesordre.com\/blog\/wp-json\/wp\/v2\/posts\/8158\/revisions\/8165"}],"wp:featuredmedia":[{"embeddable":true,"href":"http:\/\/cafaitdesordre.com\/blog\/wp-json\/wp\/v2\/media\/8161"}],"wp:attachment":[{"href":"http:\/\/cafaitdesordre.com\/blog\/wp-json\/wp\/v2\/media?parent=8158"}],"wp:term":[{"taxonomy":"category","embeddable":true,"href":"http:\/\/cafaitdesordre.com\/blog\/wp-json\/wp\/v2\/categories?post=8158"},{"taxonomy":"post_tag","embeddable":true,"href":"http:\/\/cafaitdesordre.com\/blog\/wp-json\/wp\/v2\/tags?post=8158"}],"curies":[{"name":"wp","href":"https:\/\/api.w.org\/{rel}","templated":true}]}}