{"id":8060,"date":"2015-01-09T16:37:07","date_gmt":"2015-01-09T15:37:07","guid":{"rendered":"http:\/\/cafaitdesordre.com\/blog\/?p=8060"},"modified":"2015-03-23T17:11:16","modified_gmt":"2015-03-23T16:11:16","slug":"8060","status":"publish","type":"post","link":"http:\/\/cafaitdesordre.com\/blog\/2015\/01\/8060\/","title":{"rendered":"S&rsquo;informer avant de stigmatiser"},"content":{"rendered":"<p><strong><a href=\"http:\/\/cafaitdesordre.com\/blog\/wp-content\/uploads\/2015\/01\/images.jpg\"><img decoding=\"async\" loading=\"lazy\" class=\"alignleft size-full wp-image-8061\" src=\"http:\/\/cafaitdesordre.com\/blog\/wp-content\/uploads\/2015\/01\/images.jpg\" alt=\"images\" width=\"279\" height=\"180\" \/><\/a><\/strong><\/p>\n<p>&nbsp;<\/p>\n<p>Jeudi 8 janvier 2015<\/p>\n<p>Certains commentaires \u00e9chang\u00e9s hier sur FaceBook, m\u2019ont troubl\u00e9e, d\u00e9rang\u00e9e&#8230;\u2028Je peux comprendre l\u2019indignation, l\u2019\u00e9motion qui poussent \u00e0 des affirmations un peu h\u00e2tives.\u2028Cependant, je ne peux partager l\u2019opinion de leurs auteurs.\u2028Ceci, par exemple (je prie l\u2019auteur de ne pas se sentir vis\u00e9 personnellement, d\u2019excuser que je ne le cite pas ; son message contient simplement les points qui m\u2019ont le plus interpell\u00e9e) :<\/p>\n<p><em>\u201c La guerre men\u00e9e par les islamistes contre l Occident a commenc\u00e9 dans les ann\u00e9es 80 lorsque Salman Rushdie a \u00e9t\u00e9 condamn\u00e9 a mort par les fondamentalistes iraniens pour qq lignes \u00e9crites<\/em> <em>dans son livre \u00ab\u00a0les versets sataniques\u00a0\u00bb.<\/em><\/p>\n<p>Avant les ann\u00e9es 80, les ann\u00e9es 70, les ann\u00e9es Carlos : oubli\u00e9es ? Avant encore, il faut se souvenir qu\u2019au temps de la d\u00e9colonisation, ce sont les dirigeants des anciens pays colonisateurs \u2013 la France en t\u00eate &#8211; qui, afin de tenir les peuples \u201clib\u00e9r\u00e9s\u201c sous contr\u00f4le, ont soutenu, voire mis en place les chefs religieux. Le coup a r\u00e9ussi bien au-del\u00e0 de leurs esp\u00e9rances : aujourd\u2019hui, la majorit\u00e9 des pays o\u00f9 l\u2019Islam est la religion dominante vit sous le joug de ces chefs religieux et\/ou de dictateurs proches de ces derniers.<\/p>\n<p>Voyez \u00e0 quoi a abouti le Printemps arabe. Voyez ce qui se passe aujourd\u2019hui en Tunisie, en Egypte, en Alg\u00e9rie et ailleurs encore, pour ceux qui luttent pour la libert\u00e9, donc pour la libert\u00e9 d\u2019expression et la libert\u00e9 d\u2019opinion, qui se battent pour le droit \u00e0 la la\u00efcit\u00e9, pour l\u2019\u00e9mancipation des femmes : au mieux, les injures, les menaces, les repr\u00e9sailles. Pour le journaliste et \u00e9crivain Kamel Daoud dont le roman \u201cMeursault, contre-enqu\u00eate\u201c a manqu\u00e9 le dernier Prix Goncourt pour une voix : la fatwa ! Comme Salman Rushdie, il est musulman ; comme lui, il a \u00e9t\u00e9 condamn\u00e9 par des musulmans. \u00c0 mort. Khomeiny qui, ironie du sort, pr\u00e9para sa r\u00e9volution \u00e0 Neauphle-le-Ch\u00e2teau, France, d\u00e9clara la fatwa sans avoir lu une seule ligne des \u201cVersets Sataniques\u201c&#8230; (lire \u201cJoseph Anton\u201c, r\u00e9cit autobiographique des 12 ann\u00e9es v\u00e9cues par Rushdie durant la fatwa. Lire avant, si ce n\u2019est fait, les VS, o\u00f9 il n\u2019y a pas de quoi fouetter un chaton).<\/p>\n<p>En Europe, les femmes qui portent le voile, n\u2019y sont pas forc\u00e9es par la loi. Elles ont le droit d\u2019aller chez le m\u00e9decin et leurs filles de fr\u00e9quenter l\u2019\u00e9cole. Elles peuvent conduire, travailler, ouvrir un compte en banque. Les autorit\u00e9s n\u2019enjoignent pas \u00e0 leurs fr\u00e8res, leurs \u00e9poux de les faire marcher \u00e0 trois pas derri\u00e8re eux. En Europe, la vie des musulmanes et musulmans n\u2019est pas toujours rose, loin s\u2019en faut, mais dans la plupart des pays arabes leur vie est bien plus sombre. Les premi\u00e8res victimes du fondamentalisme islamique sont les musulmans.<\/p>\n<p>Plus loin : \u00ab\u00a0<em> Le but de ces gens est de d\u00e9stabiliser les \u00e9tats d\u2019Europe, afin que des \u00e9meutes \u00e9clatent et m\u00e8nent \u00e0 des guerres civiles pour instaurer le chaos\u00a0\u00bb<\/em><\/p>\n<p>De quelles gens parle-t-on ? En admettant qu\u2019il s\u2019agisse des chefs religieux, leur but premier est d\u2019assouvir leur soif de pouvoir, de l\u2019exercer sur leurs compatriotes et coreligionnaires, d\u2019imposer la charia coranique comme unique loi, d\u2019\u00e9craser l\u2019individu, de le soumettre. Cela s\u2019appelle faire r\u00e9gner la terreur. Et c\u2019est ainsi qu\u2019on engendre des terroristes. En admettant qu\u2019on parle de Al Qaida, de l\u2019Etat islamique, etc., on peut en partie acquiescer. Le chaos&#8230; Hier, nous avons plut\u00f4t assist\u00e9 \u00e0 une coh\u00e9sion, un \u00e9lan d\u2019unit\u00e9 face \u00e0 l\u2019adversit\u00e9. La grande majorit\u00e9 des musulmans, en France et au-del\u00e0, ont fermement condamn\u00e9 l\u2019acte de barbarie. Combien de \u201cJe suis Charlie\u201c de par le Monde ? Impressionnant !<\/p>\n<p>Bien s\u00fbr, il y a toujours qui jette de l\u2019huile sur le feu ou nie l\u2019\u00e9vidence. Marine Le Peine de Mort souhaite offrir (sic) aux Fran\u00e7ais le retour de la guillotine ! Quelques islamistes d\u00e9clarent que la tuerie est un complot sioniste&#8230; Pazienza, comme on dit chez moi. Guerre(s) civile(s) : il faut deux camps pour cela. Lesquels ? Chr\u00e9tiens contre musulmans ? Fran\u00e7ais d\u2019origine europ\u00e9enne contre Fran\u00e7ais d\u2019origine africaine ?&#8230;<\/p>\n<p>Je nie, en aucun cas, la dangerosit\u00e9 de certains individus. Il faut la prendre tr\u00e8s au s\u00e9rieux et les services sp\u00e9cialis\u00e9s europ\u00e9ens font leur boulot du mieux qu\u2019ils peuvent. Parfois, ils \u00e9chouent : hier, les deux fr\u00e8res Kalachnikov ont r\u00e9pandu la terreur que \u201cces gens\u201c ont sem\u00e9.<\/p>\n<p>Pourquoi, au nom de qui, de quelle organisation ? Nous ne le savons pas encore avec pr\u00e9cision. Il fait cependant peu de doute, que s\u2019ils en sont arriv\u00e9s \u00e0 un tel extr\u00eame, c\u2019est qu\u2019il reste beaucoup \u00e0 faire en France sur le plan de l\u2019int\u00e9gration des immigr\u00e9s en g\u00e9n\u00e9ral et des musulmans en particulier. Sur ce sujet, Pierre Conesa s\u2019exprimait avec beaucoup de clart\u00e9 au journal de 12h30, \u00e0 \u00e9couter ici : &lt; http:\/\/www.rts.ch\/la-1ere\/programmes\/le-12h30\/6422479-presente-par- karine-vasarino-08-01-2015.html?f=player\/popup &gt; (curseur sur la minute 15,30).<\/p>\n<p>Quant \u00e0 la guerre men\u00e9e par les uns et \u00e0 laquelle les autres r\u00e9pondent par la guerre, je conseille vivement, en compl\u00e9ment, cette interview de Pierre Conesa publi\u00e9e le 13 octobre dernier : http:\/\/www.marianne.net\/Pierre-Conesa-Le- terrorisme-ne-se-combat-pas-par-la-guerre_a241877.html<\/p>\n<p>\u00c0 mon humble avis, le combat \u00e0 mener en priorit\u00e9 est celui de l\u2019\u00e9ducation. Il faut le mener en France, c\u2019est par trop \u00e9vident, et, conjointement, soutenir, par tous les moyens politiques \u00e0 disposition, les pays arabes \u00e0 d\u00e9velopper l\u2019\u00e9ducation chez eux, \u00e0 \u00e9radiquer l\u2019illettrisme. L\u2019ignorance est m\u00e8re d\u2019intol\u00e9rance qui est s\u0153ur de violence.<\/p>\n<p>Ceci encore : <em>\u201c<\/em><em>Ils ont commenc\u00e9 ce qu\u2019ils appellent la reconqu\u00eate de toutes les terres qui ont connu l\u2019Islam. Les Fr\u00e8res Musulmans d\u00e9clarent que le monde sera converti \u00e0 l\u2019Islam, m\u00eame s\u2019il faut mille ans pour cela, cela sera\u00a0\u00bb<\/em><\/p>\n<p>\u201c\u2028Je ne crois pas que \u201ccela sera\u201c. Je ne crois pas \u00e0 une islamisation des pays de tradition jud\u00e9o-chr\u00e9tienne ou autre, ni \u00e0 moyen ni \u00e0 long terme. Je veux croire en une coexistence tol\u00e9rante et pacifique des \u00eatres humains \u2013 pas \u00e0 court terme, je ne suis \u00e0 ce point na\u00efve, mais \u00e0 terme, oui.\u2028Pour ce faire, je sugg\u00e8re \u00e0 chacun de bien s\u2019informer avant de juger, d\u2019explorer le pass\u00e9 pour mieux comprendre le pr\u00e9sent, de faire l\u2019effort d\u2019approcher l\u2019autre pour ce qu\u2019il est, sans cr\u00e9dulit\u00e9 aveugle mais avec bienveillance.<\/p>\n<p>Il ne suffit pas de passer une semaine \u00e0 Sharm-el-Sheik, Marrakech ou Duba\u00ef pour dire : je connais.<\/p>\n<p>Quant \u00e0 moi, je continuerai \u00e0 lire Tahar Ben Jelloun, Khalil Gibran, Salman Rushdie, Kamel Daoud, Azza Filali, Marjane Satrapi, Riad Sattouf (&#8230;la liste est longue) ; je continuerai \u00e0 rire avec Jamel Debbouze et Kad Merad.\u2028Je resterai, envers et contre tout et tous, l\u2019amie de mes amis musulmans, juifs, chr\u00e9tiens, bouddhistes, hindouistes, ath\u00e9es, de quelle couleur qu\u2019ils soient.<\/p>\n<p><strong>Catherine Wolfsperger <\/strong><\/p>\n<p>&nbsp;<\/p>\n<p><strong>Catherine Wolfsperger est une amie de \u00ab\u00a0 Mardi \u00e7a fait d\u00e9sordre\u00a0\u00bb\u00a0 une femme aussi libre que bien inform\u00e9e. Apr\u00e8s l\u2019assassinat de l\u2019\u00e9quipe de Charlie Hebdo, il ne s\u2019agit pas seulement de confronter une opinion \u00e0 une autre, mais, chose essentielle, de confronter id\u00e9es et opinions \u00e0 l\u2019histoire. Chaque personne de bonne foi pouvant aller mesurer ce que peut avoir de pernicieux la propagation de pseudo v\u00e9rit\u00e9s qui ne visent qu\u2019\u00e0 discr\u00e9diter une partie de la population et \u00e0 attiser la haine entre les humains.<\/strong><\/p>\n<p><strong>\u00a0<\/strong><\/p>\n<p>&nbsp;<\/p>\n<p>&nbsp;<\/p>\n<p>&nbsp;<\/p>\n<p>&nbsp;<\/p>\n","protected":false},"excerpt":{"rendered":"<p>&nbsp; Jeudi 8 janvier 2015 Certains commentaires \u00e9chang\u00e9s hier sur FaceBook, m\u2019ont troubl\u00e9e, d\u00e9rang\u00e9e&#8230;\u2028Je peux comprendre l\u2019indignation, l\u2019\u00e9motion qui poussent \u00e0 des affirmations un peu h\u00e2tives.\u2028Cependant, je ne peux partager l\u2019opinion de leurs auteurs.\u2028Ceci, par exemple (je prie l\u2019auteur de ne pas se sentir vis\u00e9 personnellement, d\u2019excuser que je ne le cite pas ; son [&hellip;]<\/p>\n","protected":false},"author":1,"featured_media":8062,"comment_status":"open","ping_status":"open","sticky":false,"template":"","format":"standard","meta":[],"categories":[1],"tags":[595,593],"_links":{"self":[{"href":"http:\/\/cafaitdesordre.com\/blog\/wp-json\/wp\/v2\/posts\/8060"}],"collection":[{"href":"http:\/\/cafaitdesordre.com\/blog\/wp-json\/wp\/v2\/posts"}],"about":[{"href":"http:\/\/cafaitdesordre.com\/blog\/wp-json\/wp\/v2\/types\/post"}],"author":[{"embeddable":true,"href":"http:\/\/cafaitdesordre.com\/blog\/wp-json\/wp\/v2\/users\/1"}],"replies":[{"embeddable":true,"href":"http:\/\/cafaitdesordre.com\/blog\/wp-json\/wp\/v2\/comments?post=8060"}],"version-history":[{"count":6,"href":"http:\/\/cafaitdesordre.com\/blog\/wp-json\/wp\/v2\/posts\/8060\/revisions"}],"predecessor-version":[{"id":8136,"href":"http:\/\/cafaitdesordre.com\/blog\/wp-json\/wp\/v2\/posts\/8060\/revisions\/8136"}],"wp:featuredmedia":[{"embeddable":true,"href":"http:\/\/cafaitdesordre.com\/blog\/wp-json\/wp\/v2\/media\/8062"}],"wp:attachment":[{"href":"http:\/\/cafaitdesordre.com\/blog\/wp-json\/wp\/v2\/media?parent=8060"}],"wp:term":[{"taxonomy":"category","embeddable":true,"href":"http:\/\/cafaitdesordre.com\/blog\/wp-json\/wp\/v2\/categories?post=8060"},{"taxonomy":"post_tag","embeddable":true,"href":"http:\/\/cafaitdesordre.com\/blog\/wp-json\/wp\/v2\/tags?post=8060"}],"curies":[{"name":"wp","href":"https:\/\/api.w.org\/{rel}","templated":true}]}}