{"id":798,"date":"2009-11-26T12:05:16","date_gmt":"2009-11-26T11:05:16","guid":{"rendered":"http:\/\/www.cafaitdesordre.com\/blog\/?p=798"},"modified":"2009-11-26T12:05:16","modified_gmt":"2009-11-26T11:05:16","slug":"contre-la-nuit-de-lesprit","status":"publish","type":"post","link":"http:\/\/cafaitdesordre.com\/blog\/2009\/11\/contre-la-nuit-de-lesprit\/","title":{"rendered":"Contre la nuit de l&rsquo;esprit"},"content":{"rendered":"<p align=\"center\"><strong> <\/strong><\/p>\n<p><strong>Le Collectif des 39<\/strong><\/p>\n<p>Contre La Nuit S\u00e9curitaire organise le d\u00e9bat le <strong>Samedi 28 \u00a0de 9h \u00e0 18 h\u00a0:<\/strong><\/p>\n<p>La psychiatrie se verrait-elle expropri\u00e9e de sa fonction soignante, pour redevenir la gardienne de l&rsquo;ordre social ?<\/p>\n<p>Nous, citoyens, professionnels du soin, du travail social, refusons de servir de caution \u00e0 cette d\u00e9rive id\u00e9ologique de notre soci\u00e9t\u00e9.<br \/>\nQuelle hospitalit\u00e9 pour la folie ?<\/p>\n<p>Non:<br \/>\n&#8211; au retour des gardiens de fous<br \/>\n&#8211; au grand renfermement<br \/>\n&#8211; \u00e0 l&rsquo;abandon, au tri, \u00e0 la mise \u00e0 l&rsquo;\u00e9cart.<\/p>\n<p><a title=\"blocked::http:\/\/maps.google.com\/maps?q=9+rue+Fran\u00c3\u00a7ois+Debergue+93100+-+Montreuil-sous-Bois,+&amp;sourceid=ie8-activity\" href=\"http:\/\/maps.google.com\/maps?q=9+rue+Fran%C3%A7ois+Debergue+%0D%0A93100+-+Montreuil-sous-Bois,+&amp;sourceid=ie8-activity\">\u00ab\u00a0La Parole Errante \u00e0 la Maison de l&rsquo;Arbre\u00a0\u00bb, <br title=\"blocked::http:\/\/maps.google.com\/maps?q=9+rue+Fran\u00c3\u00a7ois+Debergue+93100+-+Montreuil-sous-Bois,+&amp;sourceid=ie8-activity\" \/> 9 rue Fran\u00e7ois Debergue <br title=\"blocked::http:\/\/maps.google.com\/maps?q=9+rue+Fran\u00c3\u00a7ois+Debergue+93100+-+Montreuil-sous-Bois,+&amp;sourceid=ie8-activity\" \/> 93100 &#8211; Montreuil-sous-Bois, <br title=\"blocked::http:\/\/maps.google.com\/maps?q=9+rue+Fran\u00c3\u00a7ois+Debergue+93100+-+Montreuil-sous-Bois,+&amp;sourceid=ie8-activity\" \/> Metro Croix de Chavaux.(m\u00e9tro ligne 9).<br title=\"blocked::http:\/\/maps.google.com\/maps?q=9+rue+Fran\u00c3\u00a7ois+Debergue+93100+-+Montreuil-sous-Bois,+&amp;sourceid=ie8-activity\" \/> <\/a><\/p>\n","protected":false},"excerpt":{"rendered":"<p>Le Collectif des 39 Contre La Nuit S\u00e9curitaire organise le d\u00e9bat le Samedi 28 \u00a0de 9h \u00e0 18 h\u00a0: La psychiatrie se verrait-elle expropri\u00e9e de sa fonction soignante, pour redevenir la gardienne de l&rsquo;ordre social ? Nous, citoyens, professionnels du soin, du travail social, refusons de servir de caution \u00e0 cette d\u00e9rive id\u00e9ologique de notre [&hellip;]<\/p>\n","protected":false},"author":1,"featured_media":0,"comment_status":"open","ping_status":"open","sticky":false,"template":"","format":"standard","meta":[],"categories":[1],"tags":[],"_links":{"self":[{"href":"http:\/\/cafaitdesordre.com\/blog\/wp-json\/wp\/v2\/posts\/798"}],"collection":[{"href":"http:\/\/cafaitdesordre.com\/blog\/wp-json\/wp\/v2\/posts"}],"about":[{"href":"http:\/\/cafaitdesordre.com\/blog\/wp-json\/wp\/v2\/types\/post"}],"author":[{"embeddable":true,"href":"http:\/\/cafaitdesordre.com\/blog\/wp-json\/wp\/v2\/users\/1"}],"replies":[{"embeddable":true,"href":"http:\/\/cafaitdesordre.com\/blog\/wp-json\/wp\/v2\/comments?post=798"}],"version-history":[{"count":0,"href":"http:\/\/cafaitdesordre.com\/blog\/wp-json\/wp\/v2\/posts\/798\/revisions"}],"wp:attachment":[{"href":"http:\/\/cafaitdesordre.com\/blog\/wp-json\/wp\/v2\/media?parent=798"}],"wp:term":[{"taxonomy":"category","embeddable":true,"href":"http:\/\/cafaitdesordre.com\/blog\/wp-json\/wp\/v2\/categories?post=798"},{"taxonomy":"post_tag","embeddable":true,"href":"http:\/\/cafaitdesordre.com\/blog\/wp-json\/wp\/v2\/tags?post=798"}],"curies":[{"name":"wp","href":"https:\/\/api.w.org\/{rel}","templated":true}]}}