{"id":7924,"date":"2014-12-04T14:37:38","date_gmt":"2014-12-04T13:37:38","guid":{"rendered":"http:\/\/cafaitdesordre.com\/blog\/?p=7924"},"modified":"2015-03-03T17:59:41","modified_gmt":"2015-03-03T16:59:41","slug":"jef-klak-publie-le-recit-de-john-gibler-sur-la-tuerie-diguala","status":"publish","type":"post","link":"http:\/\/cafaitdesordre.com\/blog\/2014\/12\/jef-klak-publie-le-recit-de-john-gibler-sur-la-tuerie-diguala\/","title":{"rendered":"Jef klak publie le r\u00e9cit de John Gibler sur la tuerie d&rsquo;Iguala"},"content":{"rendered":"<p>&nbsp;<\/p>\n<p>Jef Klak c&rsquo;est le nom d&rsquo;une nouvelle revue sur papier \u00e9poustouflante et c&rsquo;est aussi un site.A lire en urgence le r\u00e9cit sur l&rsquo;assassinat de 43 \u00e9tudiants au Mexique<br \/>\n<strong>\u00ab\u00a0Le 26 septembre dernier, six personnes, dont au moins deux \u00e9tudiants de l\u2019\u00e9cole normale rurale (la normal) d\u2019Ayotzinapa, ont \u00e9t\u00e9 tu\u00e9es par des membres de la police de l\u2019\u00c9tat du Guerrero dans la ville d\u2019Iguala. Les policiers, de m\u00e8che avec les narcotrafiquants locaux, ont tir\u00e9 sur plusieurs v\u00e9hicules qui, pour la plupart, se rendaient dans la capitale du Guerrero pour comm\u00e9morer le massacre de centaines d\u2019\u00e9tudiants par l\u2019arm\u00e9e en 1968. Apr\u00e8s la sanglante fusillade, une r\u00e9pression tr\u00e8s violente et une traque polici\u00e8re dans la ville d\u2019Iguala ont provoqu\u00e9 la disparition de 43 \u00e9tudiants, toujours port\u00e9s disparus un mois plus tard. Ils auraient probablement \u00e9t\u00e9 sauvagement assassin\u00e9s par le crime organis\u00e9 qui a d\u2019ores et d\u00e9j\u00e0 revendiqu\u00e9 la mort de 17 d\u2019entre eux.<\/strong><br \/>\n<strong>John Gibler, journaliste ind\u00e9pendant, s\u2019est rendu dans l\u2019\u00c9tat du Guerrero, quelques jours apr\u00e8s le massacre, et a interview\u00e9 les \u00e9tudiants survivants d\u2019Ayotzinapa. Le texte qui suit est la traduction en fran\u00e7ais d\u2019une conf\u00e9rence qu\u2019il a donn\u00e9e en octobre 2014 au caf\u00e9 zapatiste de Mexico.\u00a0\u00bb<\/strong><\/p>\n<p><em><strong>suite de l&rsquo;article sur le site de Jef Klak www.jefklak.org<\/strong><\/em><\/p>\n","protected":false},"excerpt":{"rendered":"<p>&nbsp; Jef Klak c&rsquo;est le nom d&rsquo;une nouvelle revue sur papier \u00e9poustouflante et c&rsquo;est aussi un site.A lire en urgence le r\u00e9cit sur l&rsquo;assassinat de 43 \u00e9tudiants au Mexique \u00ab\u00a0Le 26 septembre dernier, six personnes, dont au moins deux \u00e9tudiants de l\u2019\u00e9cole normale rurale (la normal) d\u2019Ayotzinapa, ont \u00e9t\u00e9 tu\u00e9es par des membres de la [&hellip;]<\/p>\n","protected":false},"author":1,"featured_media":7925,"comment_status":"open","ping_status":"open","sticky":false,"template":"","format":"standard","meta":[],"categories":[1],"tags":[548,550,549,545,547,546],"_links":{"self":[{"href":"http:\/\/cafaitdesordre.com\/blog\/wp-json\/wp\/v2\/posts\/7924"}],"collection":[{"href":"http:\/\/cafaitdesordre.com\/blog\/wp-json\/wp\/v2\/posts"}],"about":[{"href":"http:\/\/cafaitdesordre.com\/blog\/wp-json\/wp\/v2\/types\/post"}],"author":[{"embeddable":true,"href":"http:\/\/cafaitdesordre.com\/blog\/wp-json\/wp\/v2\/users\/1"}],"replies":[{"embeddable":true,"href":"http:\/\/cafaitdesordre.com\/blog\/wp-json\/wp\/v2\/comments?post=7924"}],"version-history":[{"count":1,"href":"http:\/\/cafaitdesordre.com\/blog\/wp-json\/wp\/v2\/posts\/7924\/revisions"}],"predecessor-version":[{"id":7926,"href":"http:\/\/cafaitdesordre.com\/blog\/wp-json\/wp\/v2\/posts\/7924\/revisions\/7926"}],"wp:featuredmedia":[{"embeddable":true,"href":"http:\/\/cafaitdesordre.com\/blog\/wp-json\/wp\/v2\/media\/7925"}],"wp:attachment":[{"href":"http:\/\/cafaitdesordre.com\/blog\/wp-json\/wp\/v2\/media?parent=7924"}],"wp:term":[{"taxonomy":"category","embeddable":true,"href":"http:\/\/cafaitdesordre.com\/blog\/wp-json\/wp\/v2\/categories?post=7924"},{"taxonomy":"post_tag","embeddable":true,"href":"http:\/\/cafaitdesordre.com\/blog\/wp-json\/wp\/v2\/tags?post=7924"}],"curies":[{"name":"wp","href":"https:\/\/api.w.org\/{rel}","templated":true}]}}