{"id":7790,"date":"2014-10-09T20:38:36","date_gmt":"2014-10-09T18:38:36","guid":{"rendered":"http:\/\/cafaitdesordre.com\/blog\/?p=7790"},"modified":"2014-11-20T19:37:27","modified_gmt":"2014-11-20T18:37:27","slug":"le-sentiment-de-la-merveille","status":"publish","type":"post","link":"http:\/\/cafaitdesordre.com\/blog\/2014\/10\/le-sentiment-de-la-merveille\/","title":{"rendered":"\u00ab\u00a0Le sentiment de la merveille\u00a0\u00bb"},"content":{"rendered":"<p>La romanci\u00e8re et essayiste Belinda Cannone, bien connue de nos lecteurs, est actuellement en r\u00e9sidence virtuelle sur le site ardemmmt.com qui a cr\u00e9\u00e9 ce concept\u00a0:<\/p>\n<p>\u00ab\u00a0Ouvrir l\u2019espace pour un livre \u00e0 venir. Le publier dans sa fabrication imm\u00e9diate. C\u2019est le pari de cette <em><strong>R\u00e9sidence en ligne<\/strong><\/em> o\u00f9 l\u2019\u00e9criture se prend au jeu de son invention pendant trois mois. A l\u2019origine, il y a la rencontre de Claire Tencin et d\u2019un auteur, le d\u00e9sir partag\u00e9 d\u2019un projet d&rsquo;\u00e9criture \u00e0 partir d&rsquo;un th\u00e8me.<\/p>\n<p>Dans cette R\u00e9sidence, le lecteur a aussi sa place \u00e0 prendre, il peut y ouvrir un compte-lecteur et initier un dialogue en direct avec l\u2019\u00e9crivain\u00a0\u00bb<\/p>\n<p>Extrait<\/p>\n<p>\uf0b7 Date : 2014-09-16 11:39:39<\/p>\n<p>\uf0b7 \u00ab\u00a0Il n\u2019y a pas, il n\u2019y a sans doute jamais eu de grand po\u00e8te [\u2026], de po\u00e8te si sombre, si d\u00e9sesp\u00e9r\u00e9 qu\u2019il soit, sans qu\u2019on trouve au fond de lui, tout au fond, le sentiment de la merveille, de la merveille unique que c\u2019est d\u2019avoir v\u00e9cu dans ce monde et dans nul autre.\u00a0\u00bb<\/p>\n<p>Julien Gracq, <em>Pr\u00e9f\u00e9rences<\/em>, \u00ab\u00a0Pourquoi la litt\u00e9rature respire mal\u00a0\u00bb, 1960<\/p>\n<p>&nbsp;<\/p>\n<p>&nbsp;<\/p>\n<p>Ce matin, je suis devant mon ch\u00eane, cette torche de temps pur qui se dresse \u00e0 deux ou trois cents m\u00e8tres devant la fen\u00eatre du bureau, dans ma maison des champs, la vision est d\u2019autant plus nette que l\u2019herbe qui s\u2019\u00e9tend \u00e0 son pied est rase, ultime fenaison faite, et le soleil peine \u00e0 traverser la couverture de l\u00e9gers nuages. Ce matin t\u00f4t, la brume de chaleur (un si doux septembre) le dissimulait tout \u00e0 fait. Ce soleil r\u00e9ticent ne m\u2019affecte pas. Je peux quand m\u00eame m\u2019\u00e9merveiller devant la beaut\u00e9 \u2013 du ch\u00eane, du champ, du ciel, du silence et de la solitude. Je sais, de ce savoir intuitif, avant toute construction, je sais la merveille d\u2019\u00eatre au monde.<\/p>\n<p>Il peut facilement arriver que, trop affect\u00e9e par des tracas divers, je la sache sans l\u2019\u00e9prouver. Elle est l\u00e0 pourtant. Mais \u00e0 mi-chemin entre les choses et mon regard sur elles, elle peut se diluer quand mon \u0153il est mal dispos\u00e9. Car la merveille est en fait un \u00e9merveillement \u2013 mouvement vers, activit\u00e9, saisie. Elle est \u00e9tonnement philosophique qui nous place, non pas <em>au sein<\/em> du monde (comme il arrive dans le sentiment oc\u00e9anique, ou dans les romans de Giono), mais <em>devant<\/em> lui, non absorb\u00e9 mais actif. Et perplexe. Car l\u2019\u00e9merveillement postule un \u00e9cart avec la chose vue.<\/p>\n<p>Le ch\u00eane que je vois de mon bureau (je l\u2019appelle <em>mon ch\u00eane<\/em>, bien qu\u2019il ne m\u2019appartienne pas), encadr\u00e9 par la fen\u00eatre, provoque souvent mon \u00e9merveillement, au point que j\u2019\u00e9prouve le besoin de m\u2019en saisir\u00a0: c\u2019est pourquoi, depuis que j\u2019ai acquis un t\u00e9l\u00e9phone qui me le permet, je le photographie d\u00e8s qu\u2019il me para\u00eet particuli\u00e8rement beau ou que se produit une variation\u00a0(oiseau, renard, lumi\u00e8re, nuages, ombre). Premi\u00e8re remarque pour ce jour\u00a0: l\u2019\u00e9merveillement, rarement silencieux, veut toujours se dire, comme s\u2019il s\u2019agissait de remplir cet \u00e9cart que je notais plus haut, ou parce que, animal bavard, nous n\u2019avons que cette mani\u00e8re de r\u00e9agir \u00e0 la commotion de l\u2019\u00e9lan \u2013 par un <em>faire-part<\/em>.<\/p>\n<p>&nbsp;<\/p>\n<p>&nbsp;<\/p>\n<p>&nbsp;<\/p>\n","protected":false},"excerpt":{"rendered":"<p>La romanci\u00e8re et essayiste Belinda Cannone, bien connue de nos lecteurs, est actuellement en r\u00e9sidence virtuelle sur le site ardemmmt.com qui a cr\u00e9\u00e9 ce concept\u00a0: \u00ab\u00a0Ouvrir l\u2019espace pour un livre \u00e0 venir. Le publier dans sa fabrication imm\u00e9diate. C\u2019est le pari de cette R\u00e9sidence en ligne o\u00f9 l\u2019\u00e9criture se prend au jeu de son invention [&hellip;]<\/p>\n","protected":false},"author":1,"featured_media":7791,"comment_status":"open","ping_status":"open","sticky":false,"template":"","format":"standard","meta":[],"categories":[1],"tags":[59,69,107,202],"_links":{"self":[{"href":"http:\/\/cafaitdesordre.com\/blog\/wp-json\/wp\/v2\/posts\/7790"}],"collection":[{"href":"http:\/\/cafaitdesordre.com\/blog\/wp-json\/wp\/v2\/posts"}],"about":[{"href":"http:\/\/cafaitdesordre.com\/blog\/wp-json\/wp\/v2\/types\/post"}],"author":[{"embeddable":true,"href":"http:\/\/cafaitdesordre.com\/blog\/wp-json\/wp\/v2\/users\/1"}],"replies":[{"embeddable":true,"href":"http:\/\/cafaitdesordre.com\/blog\/wp-json\/wp\/v2\/comments?post=7790"}],"version-history":[{"count":3,"href":"http:\/\/cafaitdesordre.com\/blog\/wp-json\/wp\/v2\/posts\/7790\/revisions"}],"predecessor-version":[{"id":7814,"href":"http:\/\/cafaitdesordre.com\/blog\/wp-json\/wp\/v2\/posts\/7790\/revisions\/7814"}],"wp:featuredmedia":[{"embeddable":true,"href":"http:\/\/cafaitdesordre.com\/blog\/wp-json\/wp\/v2\/media\/7791"}],"wp:attachment":[{"href":"http:\/\/cafaitdesordre.com\/blog\/wp-json\/wp\/v2\/media?parent=7790"}],"wp:term":[{"taxonomy":"category","embeddable":true,"href":"http:\/\/cafaitdesordre.com\/blog\/wp-json\/wp\/v2\/categories?post=7790"},{"taxonomy":"post_tag","embeddable":true,"href":"http:\/\/cafaitdesordre.com\/blog\/wp-json\/wp\/v2\/tags?post=7790"}],"curies":[{"name":"wp","href":"https:\/\/api.w.org\/{rel}","templated":true}]}}