{"id":7306,"date":"2014-06-21T11:13:42","date_gmt":"2014-06-21T09:13:42","guid":{"rendered":"http:\/\/cafaitdesordre.com\/blog\/?p=7306"},"modified":"2014-09-11T20:08:58","modified_gmt":"2014-09-11T18:08:58","slug":"un-souvenir","status":"publish","type":"post","link":"http:\/\/cafaitdesordre.com\/blog\/2014\/06\/un-souvenir\/","title":{"rendered":"UN SOUVENIR de Maryse Vannier"},"content":{"rendered":"<p>&nbsp;<\/p>\n<p>Elle a eu six ans au d\u00e9but de l\u2019\u00e9t\u00e9, c\u2019est sa premi\u00e8re rentr\u00e9e scolaire. Dans le village, pas d\u2019\u00e9cole maternelle. A six ans, tous les enfants entrent au cours pr\u00e9paratoire.<\/p>\n<p>Sa m\u00e8re lui a pris la main depuis la maison jusqu\u2019\u00e0 la porte de l\u2019\u00e9cole\u00a0:<\/p>\n<p>\u00ab\u00a0Je t\u2019accompagne parce que c\u2019est ton premier jour. Tu connais le chemin mais tu dois te souvenir qu\u2019il faut toujours traverser la rue devant notre maison pour ne jamais passer devant la grille du ch\u00e2teau.\u00a0\u00bb<\/p>\n<p>La grille monumentale est gard\u00e9e par un soldat allemand qui l\u2019ouvre pour les voitures militaires. Dans le village, on ne dit pas que c\u2019est la guerre, on dit que c\u2019est <strong> l\u2019occupation.<\/strong>Les Allemands sont install\u00e9s dans cette vaste b\u00e2tisse qu\u2019on appelle le ch\u00e2teau. De la rue, on n\u2019aper\u00e7oit que les grands arbres du parc, la toiture \u00e9merge \u00e0 peine des frondaisons. En hiver, on devine les lumi\u00e8res derri\u00e8re les fen\u00eatres. Le long de la propri\u00e9t\u00e9, le trottoir est toujours d\u00e9sert. Elle n\u2019a que six ans mais elle sait bien que tout le monde utilise l\u2019autre trottoir. D\u2019ailleurs, m\u00eame en passant au large du ch\u00e2teau, elle sent la tension de ses muscles, un fr\u00e9missement dans les fesses et les cuisses, comme si elle \u00e9tait pr\u00eate \u00e0 s\u2019enfuir en courant. Elle a peur sans savoir pourquoi. Elle a toujours connu les Allemands dans le ch\u00e2teau et il ne s\u2019est jamais rien pass\u00e9. Mais elle le sait\u00a0: il ne faut pas leur parler, pas les regarder. On fait comme s\u2019ils n\u2019existaient pas. C\u2019est comme \u00e7a qu\u2019ils font les adultes.<\/p>\n<p>Elle a franchi le portail de l\u2019\u00e9cole et sa m\u00e8re est repartie \u00e0 la maison. Elle d\u00e9couvre la cour plant\u00e9e de tilleuls et cern\u00e9e de hauts murs. Une vol\u00e9e d\u2019escaliers conduit \u00e0 la classe. Elle a aim\u00e9 la salle lumineuse, meubl\u00e9e de tables \u00e0 deux places et d\u2019un bureau install\u00e9 sur une estrade. Accroch\u00e9 au mur, un tableau noir. Elle a renifl\u00e9 l\u2019odeur de craie et effleur\u00e9 les petits encriers de porcelaine fich\u00e9s dans les tables. Tout de suite, elle a aim\u00e9 cette deuxi\u00e8me maison. La ma\u00eetresse distribue les places\u00a0: une deuxi\u00e8me maman qui sent bon l\u2019eau de Cologne.<\/p>\n<p>D\u00e8s le premier jour, elle a aim\u00e9 le cahier, les pages stri\u00e9es de lignes parall\u00e8les entre lesquelles les lettres devaient tenir bien droites. Elle a aim\u00e9 la performance\u00a0: ne pas d\u00e9passer, ne pas tacher ses doigts sur le bas du porte-plume, ne pas emporter trop d\u2019encre dans la plume sinon\u00a0! Plouf, une tache. Oui, d\u00e8s le d\u00e9but, elle a aim\u00e9 l\u2019\u00e9cole.<\/p>\n<p>La journ\u00e9e commen\u00e7ait toujours par le chant. Toute la classe se rangeait avec Melle Tessier, la ma\u00eetresse, devant la photo grise d\u2019un grand-p\u00e8re \u00e0 moustaches et \u00e0 k\u00e9pi qu\u2019on appelait le mar\u00e9chal. Elle avait expliqu\u00e9 que cette ann\u00e9e serait consacr\u00e9e \u00e0 apprendre le chant \u00e0 bouche ferm\u00e9e. Elle fredonnait les premi\u00e8res mesures musicales que nous r\u00e9p\u00e9tions ensemble\u00a0: Mm,Mm,Mm,\u2026<\/p>\n<p>A No\u00ebl, nous l\u2019avions apprise enti\u00e8rement. A bouche ferm\u00e9e. Chaque matin, nos voix de bourdon r\u00e9sonnaient devant la photo du mar\u00e9chal.<\/p>\n<p>Il m\u2019a fallu bien des ann\u00e9es pour comprendre que cette musique sans paroles \u00e9tait celle de la r\u00e9sistance et de la dignit\u00e9.<\/p>\n<p>Maryse Vannier<\/p>\n<p><span style=\"text-decoration: line-through;\">\u00a0<\/span><\/p>\n","protected":false},"excerpt":{"rendered":"<p>&nbsp; Elle a eu six ans au d\u00e9but de l\u2019\u00e9t\u00e9, c\u2019est sa premi\u00e8re rentr\u00e9e scolaire. Dans le village, pas d\u2019\u00e9cole maternelle. A six ans, tous les enfants entrent au cours pr\u00e9paratoire. Sa m\u00e8re lui a pris la main depuis la maison jusqu\u2019\u00e0 la porte de l\u2019\u00e9cole\u00a0: \u00ab\u00a0Je t\u2019accompagne parce que c\u2019est ton premier jour. Tu [&hellip;]<\/p>\n","protected":false},"author":1,"featured_media":7501,"comment_status":"open","ping_status":"open","sticky":false,"template":"","format":"standard","meta":[],"categories":[1],"tags":[],"_links":{"self":[{"href":"http:\/\/cafaitdesordre.com\/blog\/wp-json\/wp\/v2\/posts\/7306"}],"collection":[{"href":"http:\/\/cafaitdesordre.com\/blog\/wp-json\/wp\/v2\/posts"}],"about":[{"href":"http:\/\/cafaitdesordre.com\/blog\/wp-json\/wp\/v2\/types\/post"}],"author":[{"embeddable":true,"href":"http:\/\/cafaitdesordre.com\/blog\/wp-json\/wp\/v2\/users\/1"}],"replies":[{"embeddable":true,"href":"http:\/\/cafaitdesordre.com\/blog\/wp-json\/wp\/v2\/comments?post=7306"}],"version-history":[{"count":2,"href":"http:\/\/cafaitdesordre.com\/blog\/wp-json\/wp\/v2\/posts\/7306\/revisions"}],"predecessor-version":[{"id":7310,"href":"http:\/\/cafaitdesordre.com\/blog\/wp-json\/wp\/v2\/posts\/7306\/revisions\/7310"}],"wp:featuredmedia":[{"embeddable":true,"href":"http:\/\/cafaitdesordre.com\/blog\/wp-json\/wp\/v2\/media\/7501"}],"wp:attachment":[{"href":"http:\/\/cafaitdesordre.com\/blog\/wp-json\/wp\/v2\/media?parent=7306"}],"wp:term":[{"taxonomy":"category","embeddable":true,"href":"http:\/\/cafaitdesordre.com\/blog\/wp-json\/wp\/v2\/categories?post=7306"},{"taxonomy":"post_tag","embeddable":true,"href":"http:\/\/cafaitdesordre.com\/blog\/wp-json\/wp\/v2\/tags?post=7306"}],"curies":[{"name":"wp","href":"https:\/\/api.w.org\/{rel}","templated":true}]}}