{"id":6599,"date":"2014-10-26T21:21:46","date_gmt":"2014-10-26T20:21:46","guid":{"rendered":"http:\/\/cafaitdesordre.com\/blog\/?p=6599"},"modified":"2014-11-18T23:43:41","modified_gmt":"2014-11-18T22:43:41","slug":"pour-que-les-hommes-restent-debout-6","status":"publish","type":"post","link":"http:\/\/cafaitdesordre.com\/blog\/2014\/10\/pour-que-les-hommes-restent-debout-6\/","title":{"rendered":"Pour que les hommes restent debout"},"content":{"rendered":"<p>Bruce Clarke peintre, plasticien, photographe d\u2019origine sud africaine a milit\u00e9 avec vigueur contre l\u2019apartheid. Aujourd\u2019hui, il ne met pas seulement son art au service des causes qu\u2019il d\u00e9fend. Sa d\u00e9marche est celle d\u2019un cr\u00e9ateur citoyen du monde incapable\u00a0 de survivre sans avoir contribu\u00e9 \u00e0 restaurer la dignit\u00e9 de l\u2019homme. Il a assez de talent et d\u2019humilit\u00e9 pour vouloir \u00eatre un pont reliant le plus grand nombre d\u2019\u00eatres humains.<\/p>\n<p>Si une de ses \u0153uvres fait aujourd\u2019hui la une d\u2019Afriscope, c\u2019est parce qu\u2019il a con\u00e7u le \u00a0projet, \u00e0 l\u2019occasion du 20<sup>\u00e8me<\/sup> anniversaire du g\u00e9nocide \u00a0d\u2019installer des silhouettes de plus de 5 m\u00e8tres \u00e0 l\u2019ext\u00e9rieur des lieux de m\u00e9moire rwandais, ainsi que dans diff\u00e9rents endroits de la plan\u00e8te\u00a0\u00ab\u00a0 les hommes debout\u00a0\u00bb veulent relier entre elles les consciences, faire que chacun puisse aller au del\u00e0 de cette trag\u00e9die, sans rien oublier. Par ailleurs Bruce a \u00e9galement permis \u00e0 Benjamin Sehene journaliste rwandais et \u00e0 Ga\u00ebl Faye\u00a0 slameur franco- rwandais de se rencontrer chez lui en r\u00e9gion parisienne pour \u00e9changer \u00e9motions et r\u00e9flexions.<\/p>\n","protected":false},"excerpt":{"rendered":"<p>Bruce Clarke peintre, plasticien, photographe d\u2019origine sud africaine a milit\u00e9 avec vigueur contre l\u2019apartheid. Aujourd\u2019hui, il ne met pas seulement son art au service des causes qu\u2019il d\u00e9fend. Sa d\u00e9marche est celle d\u2019un cr\u00e9ateur citoyen du monde incapable\u00a0 de survivre sans avoir contribu\u00e9 \u00e0 restaurer la dignit\u00e9 de l\u2019homme. Il a assez de talent et [&hellip;]<\/p>\n","protected":false},"author":1,"featured_media":7160,"comment_status":"open","ping_status":"open","sticky":false,"template":"","format":"standard","meta":[],"categories":[1],"tags":[503,502,504,384,505],"_links":{"self":[{"href":"http:\/\/cafaitdesordre.com\/blog\/wp-json\/wp\/v2\/posts\/6599"}],"collection":[{"href":"http:\/\/cafaitdesordre.com\/blog\/wp-json\/wp\/v2\/posts"}],"about":[{"href":"http:\/\/cafaitdesordre.com\/blog\/wp-json\/wp\/v2\/types\/post"}],"author":[{"embeddable":true,"href":"http:\/\/cafaitdesordre.com\/blog\/wp-json\/wp\/v2\/users\/1"}],"replies":[{"embeddable":true,"href":"http:\/\/cafaitdesordre.com\/blog\/wp-json\/wp\/v2\/comments?post=6599"}],"version-history":[{"count":1,"href":"http:\/\/cafaitdesordre.com\/blog\/wp-json\/wp\/v2\/posts\/6599\/revisions"}],"predecessor-version":[{"id":6601,"href":"http:\/\/cafaitdesordre.com\/blog\/wp-json\/wp\/v2\/posts\/6599\/revisions\/6601"}],"wp:featuredmedia":[{"embeddable":true,"href":"http:\/\/cafaitdesordre.com\/blog\/wp-json\/wp\/v2\/media\/7160"}],"wp:attachment":[{"href":"http:\/\/cafaitdesordre.com\/blog\/wp-json\/wp\/v2\/media?parent=6599"}],"wp:term":[{"taxonomy":"category","embeddable":true,"href":"http:\/\/cafaitdesordre.com\/blog\/wp-json\/wp\/v2\/categories?post=6599"},{"taxonomy":"post_tag","embeddable":true,"href":"http:\/\/cafaitdesordre.com\/blog\/wp-json\/wp\/v2\/tags?post=6599"}],"curies":[{"name":"wp","href":"https:\/\/api.w.org\/{rel}","templated":true}]}}