{"id":6340,"date":"2014-03-26T19:02:05","date_gmt":"2014-03-26T18:02:05","guid":{"rendered":"http:\/\/www.cafaitdesordre.com\/blog\/?p=6340"},"modified":"2014-11-07T20:03:11","modified_gmt":"2014-11-07T19:03:11","slug":"ukraine-russie-un-choc-didentites-contradictoires-et-eclatees","status":"publish","type":"post","link":"http:\/\/cafaitdesordre.com\/blog\/2014\/03\/ukraine-russie-un-choc-didentites-contradictoires-et-eclatees\/","title":{"rendered":"Ukraine-Russie : un choc d\u2019identit\u00e9s contradictoires et \u00e9clat\u00e9es"},"content":{"rendered":"<p><span style=\"font-size: 14.0pt; line-height: 115%; font-family: 'Arial Narrow';\"><img decoding=\"async\" loading=\"lazy\" class=\"alignnone size-full wp-image-6345\" title=\"images\" src=\"http:\/\/www.cafaitdesordre.com\/blog\/wp-content\/uploads\/images40.jpg\" alt=\"\" width=\"207\" height=\"244\" \/>Assistons \u00e0 l&rsquo;\u00e9mergence d&rsquo;un nouvel empire russe?Charles Urjewicz, historien, sp\u00e9cialiste de l&rsquo;Europe de l&rsquo;est met en perspective l&rsquo;actualit\u00e9 Ukrainiienne. Il nous a \u00e9galement paru tr\u00e8s int\u00e9ressant \u00e0 travers les compte -rendus de deux livres majeurs, un essai\u00a0 ( a fin de l&rsquo;homme rouge)et un roman ( Le fid\u00e8le Rouslan) que nos lecteurs puissent \u00e9largir leur horizon critique.<\/span><\/p>\n<p class=\"MsoNormal\"><span style=\"font-size: 14.0pt; line-height: 115%; font-family: 'Arial Narrow';\">\u00ab\u00a0A l\u2019heure o\u00f9 la confrontation prend un tour dramatique \u00e0 la suite de la prise de contr\u00f4le de la Crim\u00e9e par les troupes de Moscou et de la mont\u00e9e des tensions dans les autres r\u00e9gions russophones, la tentation est grande de s\u2019en tenir \u00e0 des analyses \u00e0 l\u2019emporte-pi\u00e8ce\u00a0: d\u2019un c\u00f4t\u00e9, la Russie un Etat h\u00e9ritier d\u2019une histoire mill\u00e9naire qui plongerait ses racines dans un empire des steppes aux improbables origines europ\u00e9ennes,<span style=\"mso-spacerun: yes;\">\u00a0 <\/span>submerg\u00e9e par l\u2019ivresse de retrouver sa puissance pass\u00e9e. Face \u00e0 elle, l\u2019Ukraine, un jeune Etat victime d\u2019un imp\u00e9rialisme pr\u00e9dateur, fragilis\u00e9 par sa diversit\u00e9 linguistique et culturelle, mais<span style=\"mso-spacerun: yes;\">\u00a0 <\/span>rassembl\u00e9 par un projet d\u00e9mocratique et europ\u00e9en. Les raccourcis sont toujours r\u00e9ducteurs, particuli\u00e8rement dans un espace sovi\u00e9tique o\u00f9 les mots<span style=\"mso-spacerun: yes;\">\u00a0 <\/span>avaient perdu leur sens et les symboles leur signification. <\/span><\/p>\n<p>&nbsp;<\/p>\n<p class=\"MsoNormal\"><strong style=\"mso-bidi-font-weight: normal;\"><span style=\"font-size: 14.0pt; line-height: 115%; font-family: 'Arial Narrow';\">La Crim\u00e9e, d\u00e9but d\u2019une <em style=\"mso-bidi-font-style: normal;\">reconquista <\/em>russe<em style=\"mso-bidi-font-style: normal;\">\u00a0<\/em>?<\/span><\/strong><\/p>\n<p>&nbsp;<\/p>\n<p class=\"MsoNormal\"><span style=\"font-size: 14.0pt; line-height: 115%; font-family: 'Arial Narrow';\">La r\u00e9alit\u00e9 est plus complexe, singuli\u00e8rement difficile \u00e0 cerner dans son \u00e9volution. Apr\u00e8s l\u2019aggiornamento gorbatch\u00e9vien et le chaos des ann\u00e9es Eltsine,<span style=\"mso-spacerun: yes;\">\u00a0 <\/span>la \u00ab\u00a0nouvelle Russie\u00a0\u00bb n\u2019est-elle pas en train de renouer avec son histoire\u00a0: l\u2019extension continue, haletante, voire irraisonn\u00e9e d\u2019un<span style=\"mso-spacerun: yes;\">\u00a0 <\/span>territoire d\u2019un seul tenant, au sein duquel les \u00ab\u00a0terres de la nation russe\u00a0\u00bb s\u2019entrela\u00e7aient, se m\u00ealaient,<span style=\"mso-spacerun: yes;\">\u00a0 <\/span>au point de ne plus s\u2019en distinguer. Depuis la fin de l\u2019URSS, ce pays qui couvre d\u00e9sormais la huiti\u00e8me partie du monde n\u2019en finit pas de se chercher : est-il rest\u00e9 un empire multinational\u00a0 ou le c\u0153ur d\u2019une \u00ab\u00a0nation russe\u00a0\u00bb, r\u00e9elle ou fantasm\u00e9e\u00a0? Alors que les d\u00e9put\u00e9s communistes \u00e0 la Douma demandent l\u2019inscription sur le passeport int\u00e9rieur de la nationalit\u00e9 et de la confession, comment d\u00e9finir cette identit\u00e9\u00a0: est-elle ethnique, linguistique, religieuse (orthodoxe)\u00a0? Nationale ou imp\u00e9riale\u00a0? La la\u00efcit\u00e9 de l\u2019Etat, inscrite dans la constitution de ce pays multiconfessionnel, est-elle menac\u00e9e par l\u2019\u00e9troite alliance nou\u00e9e entre le pouvoir et l\u2019Eglise orthodoxe devenue l\u2019un des piliers du pouvoir poutinien\u00a0?<span style=\"mso-spacerun: yes;\">\u00a0 <\/span>Les r\u00e9ponses qui nous parviennent aujourd\u2019hui de Russie, \u00e0 d\u00e9faut d\u2019\u00eatre coh\u00e9rentes, inqui\u00e8tent. Certes, des voix courageuses, beaucoup plus nombreuses qu\u2019on ne le croit, s\u2019y font entendre afin de condamner l\u2019annexion programm\u00e9e de la Crim\u00e9e, mais combien d\u2019autres tombent dans une hyst\u00e9rie dont certaines manifestations feraient sourire si elles n\u2019\u00e9taient l\u2019expression d\u2019une pathologie qui ronge profond\u00e9ment la soci\u00e9t\u00e9 russe. Nagu\u00e8re \u00ab\u00a0Troisi\u00e8me Rome\u00a0\u00bb puis, au cours de la p\u00e9riode sovi\u00e9tique, bastion d\u2019un internationalisme aux accents<span style=\"mso-spacerun: yes;\">\u00a0 <\/span>proph\u00e9tiques,<span style=\"mso-spacerun: yes;\">\u00a0 <\/span>la Russie de Vladimir Poutine s\u2019est m\u00e9tamorphos\u00e9e en \u00ab\u00a0pilier du monde russe\u00bb, son pr\u00e9sident<span style=\"mso-spacerun: yes;\">\u00a0 <\/span>d\u00e9sign\u00e9 le \u00ab\u00a0garant\u00a0 naturel\u00a0\u00bb de cette nouvelle n\u00e9buleuse. Une hagiographie \u00e0 la mesure du \u00ab\u00a0retour de la Russie dans l\u2019Histoire\u00a0\u00bb se met en place\u00a0: Alexandre Prokhanov, un \u00e9crivain ultranationaliste, x\u00e9nophobe et antis\u00e9mite, pour lequel \u00ab\u00a0<em style=\"mso-bidi-font-style: normal;\">Staline \u00e9tait un monarque rouge qui re\u00e7ut l\u2019onction divine en 1945<\/em>\u00a0\u00bb, propose, dans un article intitul\u00e9 \u00ab\u00a0La victoire et le miracle que nous attendions\u00a0\u00bb, le pr\u00e9sident russe \u00e0 l\u2019ordre de l\u2019amiral Nakhimov, h\u00e9ros de la premi\u00e8re guerre de Crim\u00e9e (1855).Oleg <em style=\"mso-bidi-font-style: normal;\">Bondarenko<\/em>, directeur d\u2019un fantomatique \u00ab\u00a0centre d\u2019information russo-ukrainien\u00a0\u00bb et affid\u00e9 de Dimitri<span style=\"mso-spacerun: yes;\">\u00a0 <\/span>Rogozine, nationaliste \u00ab\u00a0mod\u00e9r\u00e9\u00a0\u00bb et vice-premier ministre de la F\u00e9d\u00e9ration de Russie, annonce la bonne nouvelle\u00a0: \u00ab\u00a0la Crim\u00e9e n\u2019est que le d\u00e9but de la <em style=\"mso-bidi-font-style: normal;\">reconquista <\/em>russe<em style=\"mso-bidi-font-style: normal;\">\u00a0<\/em>; ce qui<span style=\"mso-spacerun: yes;\">\u00a0 <\/span>a r\u00e9ussi en Crim\u00e9e, se r\u00e9p\u00e9tera \u00e0 Odessa, Nikola\u00efev, Lugansk et Donetsk.\u00a0 L\u2019id\u00e9e nationale que recherchaient les Russes depuis vingt ans se trouvait en fait hors des fronti\u00e8res formelles de leur Etat. Nous assistons \u00e0 la naissance de l\u2019id\u00e9ologie de la nouvelle Russie,\u00a0qui se fonde sur le retour des terres russes \u00e0 la m\u00e8re patrie. La tendance \u00e0 la r\u00e9gionalisation de l\u2019espace europ\u00e9en se heurtera alors \u00e0 une tendance contraire\u00a0: la centralisation de l\u2019espace russe.\u00a0\u00bb Les Ukrainiens n\u2019ont qu\u2019\u00e0 bien se tenir, du moins ceux qui ont le regard tourn\u00e9 vers Bruxelles. <\/span><\/p>\n<p>&nbsp;<\/p>\n<p class=\"MsoNormal\"><strong style=\"mso-bidi-font-weight: normal;\"><span style=\"font-size: 14.0pt; line-height: 115%; font-family: 'Arial Narrow'; mso-fareast-font-family: 'Times New Roman'; mso-fareast-language: FR;\">L\u2019Europe, cadre vertueux d\u2019une identit\u00e9 ukrainienne\u00a0\u00e0 construire\u00a0?<\/span><\/strong><\/p>\n<p>&nbsp;<\/p>\n<p class=\"MsoNormal\"><span style=\"font-size: 14.0pt; line-height: 115%; font-family: 'Arial Narrow'; mso-fareast-font-family: 'Times New Roman'; mso-fareast-language: FR;\">En <\/span><span style=\"font-size: 14.0pt; line-height: 115%; font-family: 'Arial Narrow';\">2004, les manifestants qui avaient envahi le Maidan de la r\u00e9volution orange n\u2019avaient que faire du malaise russe. Ils n\u2019\u00e9prouvaient aucune nostalgie \u00e0 l\u2019\u00e9gard de l\u2019empire perdu. Ils \u00e9taient joyeux, <span style=\"mso-spacerun: yes;\">\u00a0<\/span>confiants, na\u00effs, et exprimaient avec force leur volont\u00e9 de rupture avec une Ukraine qui leur semblait fig\u00e9e dans le pass\u00e9. Il ne s\u2019agissait pas seulement d\u2019en finir avec le lourd h\u00e9ritage sovi\u00e9tique du pays. Cette foule jeune, \u00e9duqu\u00e9e, curieuse, exprimait un immense d\u00e9sir d\u2019Europe. L\u2019Europe, c\u2019\u00e9tait un horizon palpable, le cadre vertueux d\u2019une identit\u00e9 nationale \u00e0 construire, et qui <span style=\"mso-spacerun: yes;\">\u00a0<\/span>ne se draperait pas dans un pass\u00e9 hant\u00e9 de fant\u00f4mes\u00a0: le panth\u00e9on sovi\u00e9tique c\u00e9l\u00e9br\u00e9 \u00e0 l\u2019Est et au Sud, les dirigeants nationalistes des ann\u00e9es 1930 et 1940 <span style=\"mso-spacerun: yes;\">\u00a0<\/span>glorifi\u00e9s<span style=\"mso-spacerun: yes;\">\u00a0 <\/span>dans la partie occidentale du pays. L\u2019identit\u00e9 de la nouvelle Ukraine devait d\u00e9sormais se lover dans les plis<span style=\"mso-spacerun: yes;\">\u00a0 <\/span>bleu \u00e9toil\u00e9 du drapeau de l\u2019UE. Bien que souvent ignorants de l\u2019histoire complexe et disput\u00e9e de leur pays, ils percevaient la n\u00e9cessit\u00e9 imp\u00e9rieuse de cette rupture. Ils \u00e9taient instinctivement<span style=\"mso-spacerun: yes;\">\u00a0 <\/span>plus proches en tout cas de la tradition libertaire personnifi\u00e9e par Nestor Makhno que de ceux qui avaient rev\u00eatu l\u2019uniforme allemand pendant la Seconde guerre mondiale. Mais le mouvement populaire avait \u00e9t\u00e9 vite capt\u00e9, \u00ab\u00a0canalis\u00e9\u00a0\u00bb. Le nouveau pouvoir issu des urnes symbolis\u00e9 par Victor Yushenko et Yulia<span style=\"mso-spacerun: yes;\">\u00a0 <\/span>Timoshenko avait rapidement montr\u00e9 ses limites. Sa gestion erratique, ses m\u0153urs h\u00e9rit\u00e9es de l\u2019ancien pouvoir avaient provoqu\u00e9<span style=\"mso-spacerun: yes;\">\u00a0 <\/span>une immense d\u00e9ception \u00e0 la mesure des espoirs qu\u2019avait suscit\u00e9s la r\u00e9volution. <\/span><\/p>\n<p>&nbsp;<\/p>\n<p class=\"MsoNormal\"><span style=\"font-size: 14.0pt; line-height: 115%; font-family: 'Arial Narrow';\">Aujourd\u2019hui, l\u2019Ukraine reste une nation fragile, inachev\u00e9e, encore fractionn\u00e9e par les divisions qu\u2019elle connut pendant la Seconde guerre mondiale. D\u00e8s l\u2019\u00e9t\u00e9 1941, elle \u00e9tait l\u2019un des principaux th\u00e9\u00e2tres de la \u00ab\u00a0Shoah par balles\u00a0\u00bb, <span style=\"mso-spacerun: yes;\">\u00a0<\/span>anticipation monstrueuse et massive de l\u2019extermination industrielle que perp\u00e9treront bient\u00f4t<span style=\"mso-spacerun: yes;\">\u00a0 <\/span>les nazis dans les camps de la mort. La collaboration<span style=\"mso-spacerun: yes;\">\u00a0 <\/span>de certains Ukrainiens reste un tabou, une plaie ouverte. Dans les r\u00e9gions orientales et m\u00e9ridionales, <span style=\"mso-spacerun: yes;\">\u00a0<\/span>profond\u00e9ment russifi\u00e9es et fortement int\u00e9gr\u00e9es \u00e0 la Russie, l\u2019identit\u00e9 <span style=\"mso-spacerun: yes;\">\u00a0<\/span>ukrainienne reste floue, fortement marqu\u00e9e du sceau de l\u2019empire, sensible aux d\u00e9bats d\u2019id\u00e9es et aux mutations qui se d\u00e9roulent en Russie. On continue \u00e0 y c\u00e9l\u00e9brer la \u00ab\u00a0Grande guerre patriotique\u00a0men\u00e9e par l\u2019Union sovi\u00e9tique contre le fascisme\u00a0\u00bb, on se souvient des millions d\u2019hommes et de femmes qui avaient pris le chemin du travail forc\u00e9 en Allemagne, des prisonniers de guerre qui mourraient \u00e0 petit feu dans les camps allemands. Mais les millions de morts provoqu\u00e9s par le <span style=\"mso-spacerun: yes;\">\u00a0<\/span><em style=\"mso-bidi-font-style: normal;\">Holodomor <\/em>(1932-33),<span style=\"mso-spacerun: yes;\">\u00a0 <\/span>l\u2019\u00e9pouvantable famine voulue par Staline qui r\u00e9glait ainsi ses comptes avec l\u2019Ukraine, <span style=\"mso-spacerun: yes;\">\u00a0<\/span>semble toujours enfouie dans les tr\u00e9fonds d\u2019une m\u00e9moire occult\u00e9e,<span style=\"mso-spacerun: yes;\">\u00a0 <\/span>proscrite par le syst\u00e8me sovi\u00e9tique. En<span style=\"mso-spacerun: yes;\">\u00a0 <\/span>Ukraine occidentale, le nationalisme radical<span style=\"mso-spacerun: yes;\">\u00a0 <\/span>n\u2019\u00e9chappait pas \u00e0 la fascination qu\u2019exer\u00e7ait le fascisme sur les marges orientales de l\u2019Europe. Avant de s\u2019en prendre \u00e0<span style=\"mso-spacerun: yes;\">\u00a0 <\/span>l\u2019\u00ab\u00a0envahisseur bolchevique\u00a0\u00bb en 1941, puis aux troupes allemandes, ses militants<span style=\"mso-spacerun: yes;\">\u00a0 <\/span>avaient us\u00e9 de la violence contre un Etat polonais de l\u2019entre-deux guerres peu respectueux des droits des minorit\u00e9s nationales. Les nazis y lev\u00e8rent la division SS Galitchina. On y v\u00e9n\u00e8re d\u2019autres<span style=\"mso-spacerun: yes;\">\u00a0 <\/span>h\u00e9ros, tel Stepan Bandera, dont les imposants portraits \u00e9rig\u00e9s par les formations nationalistes radicales, tr\u00f4nent aujourd\u2019hui sur le Maidan. Or ces \u00ab\u00a0deux Ukraine\u00a0\u00bb doivent apprendre, non seulement \u00e0 vivre ensemble mais aussi \u00e0 \u00e9laborer un projet commun. L\u2019unit\u00e9 du pays est \u00e0 ce prix.<\/span><\/p>\n<p>&nbsp;<\/p>\n<p class=\"MsoNormal\"><span style=\"font-size: 14.0pt; line-height: 115%; font-family: 'Arial Narrow';\">En Ukraine, comme en Russie, une nouvelle identit\u00e9 est en construction apr\u00e8s une gestation longue et douloureuse. On ne sort pas indemne du syst\u00e8me sovi\u00e9tique. Mais elle reste \u00e9clat\u00e9e<span style=\"mso-spacerun: yes;\">\u00a0 <\/span>et contradictoire. Seule une authentique citoyennet\u00e9,<span style=\"mso-spacerun: yes;\">\u00a0 <\/span>\u00e0 la mesure des r\u00e9alit\u00e9s complexes d\u2019un espace qui s\u2019\u00e9tend de l\u2019Europe centrale aux bords du Pacifique,<span style=\"mso-spacerun: yes;\">\u00a0 <\/span>peut offrir un cadre \u00e0 ces identit\u00e9s en devenir\u00a0\u00bb<\/span><\/p>\n<p>&nbsp;<\/p>\n<p class=\"MsoNormal\"><span style=\"font-size: 14.0pt; line-height: 115%; font-family: 'Arial Narrow';\">\u00a0<\/span><\/p>\n<p>&nbsp;<\/p>\n<p class=\"MsoNormal\"><span style=\"font-size: 14.0pt; line-height: 115%; font-family: 'Arial Narrow';\">\u00a0<\/span><\/p>\n<p>&nbsp;<\/p>\n<p class=\"MsoNormal\"><span style=\"font-size: 14.0pt; line-height: 115%; font-family: 'Arial Narrow';\">\u00a0<\/span><\/p>\n<p>&nbsp;<\/p>\n<p class=\"MsoNormal\"><span style=\"font-size: 14.0pt; line-height: 115%; font-family: 'Arial Narrow';\">\u00a0<\/span><\/p>\n<p>&nbsp;<\/p>\n","protected":false},"excerpt":{"rendered":"<p>Assistons \u00e0 l&rsquo;\u00e9mergence d&rsquo;un nouvel empire russe?Charles Urjewicz, historien, sp\u00e9cialiste de l&rsquo;Europe de l&rsquo;est met en perspective l&rsquo;actualit\u00e9 Ukrainiienne. Il nous a \u00e9galement paru tr\u00e8s int\u00e9ressant \u00e0 travers les compte -rendus de deux livres majeurs, un essai\u00a0 ( a fin de l&rsquo;homme rouge)et un roman ( Le fid\u00e8le Rouslan) que nos lecteurs puissent \u00e9largir leur [&hellip;]<\/p>\n","protected":false},"author":1,"featured_media":7024,"comment_status":"open","ping_status":"open","sticky":false,"template":"","format":"standard","meta":[],"categories":[1],"tags":[100,383,417],"_links":{"self":[{"href":"http:\/\/cafaitdesordre.com\/blog\/wp-json\/wp\/v2\/posts\/6340"}],"collection":[{"href":"http:\/\/cafaitdesordre.com\/blog\/wp-json\/wp\/v2\/posts"}],"about":[{"href":"http:\/\/cafaitdesordre.com\/blog\/wp-json\/wp\/v2\/types\/post"}],"author":[{"embeddable":true,"href":"http:\/\/cafaitdesordre.com\/blog\/wp-json\/wp\/v2\/users\/1"}],"replies":[{"embeddable":true,"href":"http:\/\/cafaitdesordre.com\/blog\/wp-json\/wp\/v2\/comments?post=6340"}],"version-history":[{"count":3,"href":"http:\/\/cafaitdesordre.com\/blog\/wp-json\/wp\/v2\/posts\/6340\/revisions"}],"predecessor-version":[{"id":6732,"href":"http:\/\/cafaitdesordre.com\/blog\/wp-json\/wp\/v2\/posts\/6340\/revisions\/6732"}],"wp:featuredmedia":[{"embeddable":true,"href":"http:\/\/cafaitdesordre.com\/blog\/wp-json\/wp\/v2\/media\/7024"}],"wp:attachment":[{"href":"http:\/\/cafaitdesordre.com\/blog\/wp-json\/wp\/v2\/media?parent=6340"}],"wp:term":[{"taxonomy":"category","embeddable":true,"href":"http:\/\/cafaitdesordre.com\/blog\/wp-json\/wp\/v2\/categories?post=6340"},{"taxonomy":"post_tag","embeddable":true,"href":"http:\/\/cafaitdesordre.com\/blog\/wp-json\/wp\/v2\/tags?post=6340"}],"curies":[{"name":"wp","href":"https:\/\/api.w.org\/{rel}","templated":true}]}}