{"id":6239,"date":"2014-02-27T16:04:12","date_gmt":"2014-02-27T15:04:12","guid":{"rendered":"http:\/\/www.cafaitdesordre.com\/blog\/?p=6239"},"modified":"2014-11-07T20:03:11","modified_gmt":"2014-11-07T19:03:11","slug":"bande-dessinee-et-immigration-dans-un-palais-2","status":"publish","type":"post","link":"http:\/\/cafaitdesordre.com\/blog\/2014\/02\/bande-dessinee-et-immigration-dans-un-palais-2\/","title":{"rendered":"BANDE DESSIN\u00c9E ET IMMIGRATION DANS UN PALAIS"},"content":{"rendered":"<p>Exposition<strong> ALBUMS<\/strong><br \/>\nDES HISTOIRES DESSINEES ENTRE ICI ET AILLEURS<br \/>\nBande dessin\u00e9e et immigration 1913-2013<\/p>\n<p>L\u2019exposition \u00ab\u00a0Albums\u00a0\u00bb qui se tient au palais de la Porte Dor\u00e9e jusqu\u2019au 27 Avril 2014 est une bonne nouvelle. La France\u00a0 raciste, ferm\u00e9e \u00e0 l\u2019autre, incapable de prendre en compte les bienfaits du m\u00e9tissage et qui s\u2019exprime aujourd\u2019hui \u00e0 travers m\u00e9dias et manifestations outranci\u00e8res est une France parmi d\u2019autres. Au Palais de la Porte Dor\u00e9e, avant m\u00eame que s\u2019exprime le talent des auteurs de Bande Dessin\u00e9e, c\u2019est l\u2019ouverture et l\u2019intelligence aussi savante que populaire qui priment. Et cela change tout. Trop souvent dans ce pays, des personnes honorables qui d\u00e9fendent une cause honorable\u00a0 ne r\u00e9ussissent \u00e0 int\u00e9resser que ceux qui sont d\u00e9j\u00e0 convaincus. Dans le cas de l\u2019immigration le probl\u00e8me est d\u2019autant plus grave qu\u2019un v\u00e9ritable foss\u00e9 existe entre la r\u00e9alit\u00e9 \u00e9conomique de l\u2019immigration largement favorable au pays d\u2019accueil et sa perception populaire qui pourrait bien constituer l\u2019abc\u00e8s de fixation d\u2019un mal-\u00eatre r\u00e9current. En dialoguant avec les commissaires experts de la BD, les sp\u00e9cialistes de l\u2019immigration et de l\u2019histoire de l\u2019art ont r\u00e9ussi \u00e0 r\u00e9-ouvrir un champ d\u2019information, de compr\u00e9hension et de plaisir qui est celui d\u2019un art populaire, c\u2019est \u00e0 dire un art \u00e9loign\u00e9 de toute posture d&rsquo;exclusion. Ce ph\u00e9nom\u00e8ne s\u2019explique \u00e0 un triple niveau :<br \/>\n-D\u2019abord par l\u2019histoire des auteurs, fils d\u2019immigr\u00e9s ou immigr\u00e9s\u00a0 eux-m\u00eames. Ainsi pour la premi\u00e8re g\u00e9n\u00e9ration, Ren\u00e9 Goscinny originaire de Pologne,\u00a0 Uderzo d\u2019Italie, Georges Mac Manus am\u00e9ricain , d\u2019Irlande. Superman, le super h\u00e9ros a \u00e9t\u00e9 cr\u00e9\u00e9 par J\u00e9r\u00f4me Siegel\u00a0 lithuanien d\u2019origine\u00a0 dont les parents ont fui les pogroms.<br \/>\n&#8211; A l\u2019origine, la bande dessin\u00e9e est un divertissement, les \u00ab\u00a0funnies\u00a0\u00bb\u00a0 permettent de rire et prendre du bon temps. C\u2019est dire que la BD est alors consid\u00e9r\u00e9e comme une sous-culture, un art mineur vendu dans les kiosques et bureaux de tabac. Ainsi la bande dessin\u00e9e et l\u2019 immigration sont ouvertes l\u2019une \u00e0 l\u2019autre, pr\u00eates \u00e0 s\u2019aider r\u00e9ciproquement \u00e0 devenir respectables .<br \/>\n&#8211; Le parti-pris de l\u2019exposition est celui de l&rsquo;esth\u00e9tique et de la clart\u00e9 dans l\u2019information et le jeu. Les enfants et adolescents, nombreux \u00e0 visiter cette exposition du Mus\u00e9e de l\u2019histoire de l\u2019immigration, ne sont pas de simples spectateurs, ils sont actifs, joyeux et concern\u00e9s.<br \/>\nTrois s\u00e9quences permettent d\u2019entrer dans ce double univers de fa\u00e7on aussi p\u00e9dagogique que dynamique :<br \/>\n\u00abBulles d\u2019auteur\u00bb qui retrace les histoires et parcours des auteurs sur trois p\u00e9riodes.<br \/>\nGeorges Mac Manus, Will Eisner,\u00a0 Jos\u00e9 Munoz ( \u00e9cole argentine ) Ren\u00e9 Goscinny\u00a0 en sont les pionniers.<br \/>\nCe dernier ne doit pas seulement sa notori\u00e9t\u00e9 \u00e0 Ast\u00e9rix ou \u00e0 Lucky Luke. Pendant plusieurs ann\u00e9es il a travaill\u00e9 aux USA, o\u00f9 il a rencontr\u00e9 le cr\u00e9ateur de \u00ab\u00a0Mad\u00a0\u00bb. A son retour en France, il cr\u00e9e le fameux magazine \u00abPilote\u00bb\u00a0 fer de lance des jeunes auteurs de l\u2019\u00e9cole fran\u00e7aise. Goscinny invente le m\u00e9tier de sc\u00e9nariste de BD.<br \/>\nLa deuxi\u00e8me p\u00e9riode, dans les ann\u00e9es 8O, voit surgir des nouveaux talents comme Baru, Farid Boudjellal , Enki Bilal, la trois\u00e8me, celle que nous vivons est celle de la plan\u00e8te nomade\u00a0 avec Marjane Satrapi, Baloup, Pah\u00e9, Marguerite Abouet, Cl\u00e9ment Ombrerie.<br \/>\nLa deuxi\u00e8me s\u00e9quence de l\u2019expo \u00abSur la planche\u00bb donne \u00e0 voir la mat\u00e9rialit\u00e9 de la BD son \u00e9volution par rapport\u00a0 \u00e0 l\u2019\u00e9poque, aux techniques et au traitement de ces sources.<br \/>\nA noter que plus de 5oo documents originaux \u00e9manant de 117 auteurs sont expos\u00e9s dans le cadre de l\u2019exposition.<br \/>\nLa troisi\u00e8me s\u00e9quence \u00a0\u00bb Travelling\u00a0\u00bb\u00a0 aborde le parcours des migrants du d\u00e9part \u00e0 l\u2019arriv\u00e9e dans une terre d\u2019accueil pas forc\u00e9ment accueillante , sans oublier le voyage, souvent sur des embarcations de fortune et comportant tous les dangers auxquels sont expos\u00e9s une population captive en butte au cynisme \u00e9hont\u00e9 de passeurs malhonn\u00eates.<\/p>\n<p>D\u00e9nomm\u00e9e \u00abComic strip\u00bb \u00e0 l\u2019origine, la bande dessin\u00e9e, comme le montre l\u2019exposition est devenue un art \u00e0 part enti\u00e8re, se diversifiant \u00e0 travers des genres issus de la litt\u00e9rature et du cin\u00e9ma ( SF, auto-fiction, western, reportage, etc).<br \/>\nLes difficult\u00e9s que conna\u00eet la plan\u00e8te et la chute des Twin Towers en avril 2001 en particulier, ont entra\u00een\u00e9 une prise de conscience. Des auteurs, comme Jo Sacco, ainsi que le souligne H\u00e9l\u00e8ne Bouillon, commissaire de l\u2019exposition, ont pris acte de leur manque de connaissance de la soci\u00e9t\u00e9 et de ses probl\u00e8mes. Ils veulent donc \u00eatre des reporters \u00e0 part enti\u00e8re en phase avec le terrain et capables d\u2019anticiper.<br \/>\nAujourd\u2019hui en France , m\u00eame si quelques auteurs mettent en avant le th\u00e8me de la solidarit\u00e9, c\u2019est d\u2019abord la souffrance des immigr\u00e9s, leur rejet, les discriminations qu\u2019ils subissent qui sont mises en avant. Youmna Tohm\u00e9 , enseignante, cite le narrateur de la petite histoire des colonies fran\u00e7aises\u00a0 \u00ab\u00a0Conna\u00eetre leur histoire apprend \u00e0 se conna\u00eetre soi-m\u00eame, car en v\u00e9rit\u00e9, je vous le dis, l\u2019homme civilis\u00e9 descend de l\u2019immigr\u00e9\u00a0\u00bb.<br \/>\nIl n\u2019y a pas d\u2019\u00e2ge pour s\u2019informer des r\u00e9alit\u00e9s du monde et se faire plaisir. L&rsquo;exposition Albums, avec beaucoup de travail en amont et une grande simplicit\u00e9 en aval, r\u00e9ussit cette gageure magnifique. Comme quoi on peut \u00eatre citoyen du monde sans pour autant rejeter les douceurs de la vie.\u00a0 A suivre.<\/p>\n<p><strong>Palais de la Porte dor\u00e9e, Mus\u00e9e de l\u2019histoire de l\u2019immigration <\/strong><br \/>\n<strong>293 av Daumesnil, 75012Paris<br \/>\n<\/strong><\/p>\n<div id=\"attachment_6240\" style=\"width: 310px\" class=\"wp-caption alignleft\"><img aria-describedby=\"caption-attachment-6240\" decoding=\"async\" loading=\"lazy\" class=\"size-medium wp-image-6240\" title=\"L'enfant et la BD\" src=\"http:\/\/www.cafaitdesordre.com\/blog\/wp-content\/uploads\/Lenfant-et-la-BD1-300x271.jpeg\" alt=\"\" width=\"300\" height=\"271\" \/><p id=\"caption-attachment-6240\" class=\"wp-caption-text\">photo Arielle Bernheim<\/p><\/div>\n","protected":false},"excerpt":{"rendered":"<p>Exposition ALBUMS DES HISTOIRES DESSINEES ENTRE ICI ET AILLEURS Bande dessin\u00e9e et immigration 1913-2013 L\u2019exposition \u00ab\u00a0Albums\u00a0\u00bb qui se tient au palais de la Porte Dor\u00e9e jusqu\u2019au 27 Avril 2014 est une bonne nouvelle. La France\u00a0 raciste, ferm\u00e9e \u00e0 l\u2019autre, incapable de prendre en compte les bienfaits du m\u00e9tissage et qui s\u2019exprime aujourd\u2019hui \u00e0 travers m\u00e9dias [&hellip;]<\/p>\n","protected":false},"author":1,"featured_media":7047,"comment_status":"open","ping_status":"open","sticky":false,"template":"","format":"standard","meta":[],"categories":[1],"tags":[68,227,315],"_links":{"self":[{"href":"http:\/\/cafaitdesordre.com\/blog\/wp-json\/wp\/v2\/posts\/6239"}],"collection":[{"href":"http:\/\/cafaitdesordre.com\/blog\/wp-json\/wp\/v2\/posts"}],"about":[{"href":"http:\/\/cafaitdesordre.com\/blog\/wp-json\/wp\/v2\/types\/post"}],"author":[{"embeddable":true,"href":"http:\/\/cafaitdesordre.com\/blog\/wp-json\/wp\/v2\/users\/1"}],"replies":[{"embeddable":true,"href":"http:\/\/cafaitdesordre.com\/blog\/wp-json\/wp\/v2\/comments?post=6239"}],"version-history":[{"count":2,"href":"http:\/\/cafaitdesordre.com\/blog\/wp-json\/wp\/v2\/posts\/6239\/revisions"}],"predecessor-version":[{"id":7048,"href":"http:\/\/cafaitdesordre.com\/blog\/wp-json\/wp\/v2\/posts\/6239\/revisions\/7048"}],"wp:featuredmedia":[{"embeddable":true,"href":"http:\/\/cafaitdesordre.com\/blog\/wp-json\/wp\/v2\/media\/7047"}],"wp:attachment":[{"href":"http:\/\/cafaitdesordre.com\/blog\/wp-json\/wp\/v2\/media?parent=6239"}],"wp:term":[{"taxonomy":"category","embeddable":true,"href":"http:\/\/cafaitdesordre.com\/blog\/wp-json\/wp\/v2\/categories?post=6239"},{"taxonomy":"post_tag","embeddable":true,"href":"http:\/\/cafaitdesordre.com\/blog\/wp-json\/wp\/v2\/tags?post=6239"}],"curies":[{"name":"wp","href":"https:\/\/api.w.org\/{rel}","templated":true}]}}