{"id":6185,"date":"2014-02-20T11:48:33","date_gmt":"2014-02-20T10:48:33","guid":{"rendered":"http:\/\/www.cafaitdesordre.com\/blog\/?p=6185"},"modified":"2014-11-07T20:03:12","modified_gmt":"2014-11-07T19:03:12","slug":"contribuez-a-demasquer-le-front-national","status":"publish","type":"post","link":"http:\/\/cafaitdesordre.com\/blog\/2014\/02\/contribuez-a-demasquer-le-front-national\/","title":{"rendered":"Contribuez \u00e0 faire connaitre la r\u00e9alit\u00e9 du FN"},"content":{"rendered":"<p><a href=\"http:\/\/www.cafaitdesordre.com\/blog\/wp-content\/uploads\/capture-d_ecc81cran-2014-01-15-acc80-23-04-04.png\"><img decoding=\"async\" loading=\"lazy\" class=\"alignleft size-medium wp-image-6188\" title=\"capture-d_ecc81cran-2014-01-15-acc80-23-04-04\" src=\"http:\/\/www.cafaitdesordre.com\/blog\/wp-content\/uploads\/capture-d_ecc81cran-2014-01-15-acc80-23-04-04-300x112.png\" alt=\"\" width=\"300\" height=\"112\" \/><\/a>En 2003, Edouard Mills-Affif, documentariste, \u00e9tait le premier \u00e0 t\u00e9moigner de la perc\u00e9e du Front national dans le bassin minier (Pas-de-Calais), une terre de gauche bless\u00e9e devenue un terrain de chasse id\u00e9al pour l\u2019extr\u00eame droite. Il y a dix ans, Au pays des Gueules noires: la fabrique du Front national (52\u2019) p\u00e9n\u00e9trait dans les coulisses du laboratoire de Steeve Briois et d\u00e9voilait la face cach\u00e9e de la strat\u00e9gie de \u00ab d\u00e9diabolisation \u00bb ch\u00e8re \u00e0 Marine Le Pen. Avec Bassin min\u00e9, il poursuit ce travail de d\u00e9cryptage, \u00e0 l\u2019occasion des prochaines \u00e9lections municipales, qui pourraient voir H\u00e9nin-Beaumont basculer du Parti socialiste vers le Front national. Le r\u00e9cit, sur une d\u00e9cennie, d\u2019une m\u00e9thodique conqu\u00eate politique.<\/p>\n<p>Avec ce film, nous d\u00e9sirons nous engager sur cette voix \u00e9troite, consistant \u00e0 \u00e9viter \u00e0 la fois les pi\u00e8ges du documentaire militant, du film de combat anti-FN, caricaturant les personnes film\u00e9es et diabolisant \u00ab l\u2019ennemi \u00bb, et les pi\u00e8ges de la chronique dite \u00abobjective\u00bb qui, \u00e0 trop vouloir respecter le principe de neutralit\u00e9, risque de basculer dans une complaisante empathie \u00e0 l\u2019\u00e9gard du Front national, en l\u2019absence de contrepoint et d\u2019un point de vue explicite.<\/p>\n<p>80 % du film est d\u00e9j\u00e0 \u00aben bo\u00eete\u00bb, les 20% restants d\u00e9pendent de vous ! Pour souscrire, allez sur le site : http:\/\/www.bassinmine.com\/soutenir\/<\/p>\n","protected":false},"excerpt":{"rendered":"<p>En 2003, Edouard Mills-Affif, documentariste, \u00e9tait le premier \u00e0 t\u00e9moigner de la perc\u00e9e du Front national dans le bassin minier (Pas-de-Calais), une terre de gauche bless\u00e9e devenue un terrain de chasse id\u00e9al pour l\u2019extr\u00eame droite. Il y a dix ans, Au pays des Gueules noires: la fabrique du Front national (52\u2019) p\u00e9n\u00e9trait dans les coulisses [&hellip;]<\/p>\n","protected":false},"author":1,"featured_media":7040,"comment_status":"open","ping_status":"open","sticky":false,"template":"","format":"standard","meta":[],"categories":[1],"tags":[204,365],"_links":{"self":[{"href":"http:\/\/cafaitdesordre.com\/blog\/wp-json\/wp\/v2\/posts\/6185"}],"collection":[{"href":"http:\/\/cafaitdesordre.com\/blog\/wp-json\/wp\/v2\/posts"}],"about":[{"href":"http:\/\/cafaitdesordre.com\/blog\/wp-json\/wp\/v2\/types\/post"}],"author":[{"embeddable":true,"href":"http:\/\/cafaitdesordre.com\/blog\/wp-json\/wp\/v2\/users\/1"}],"replies":[{"embeddable":true,"href":"http:\/\/cafaitdesordre.com\/blog\/wp-json\/wp\/v2\/comments?post=6185"}],"version-history":[{"count":1,"href":"http:\/\/cafaitdesordre.com\/blog\/wp-json\/wp\/v2\/posts\/6185\/revisions"}],"predecessor-version":[{"id":6767,"href":"http:\/\/cafaitdesordre.com\/blog\/wp-json\/wp\/v2\/posts\/6185\/revisions\/6767"}],"wp:featuredmedia":[{"embeddable":true,"href":"http:\/\/cafaitdesordre.com\/blog\/wp-json\/wp\/v2\/media\/7040"}],"wp:attachment":[{"href":"http:\/\/cafaitdesordre.com\/blog\/wp-json\/wp\/v2\/media?parent=6185"}],"wp:term":[{"taxonomy":"category","embeddable":true,"href":"http:\/\/cafaitdesordre.com\/blog\/wp-json\/wp\/v2\/categories?post=6185"},{"taxonomy":"post_tag","embeddable":true,"href":"http:\/\/cafaitdesordre.com\/blog\/wp-json\/wp\/v2\/tags?post=6185"}],"curies":[{"name":"wp","href":"https:\/\/api.w.org\/{rel}","templated":true}]}}