{"id":6003,"date":"2013-11-13T19:53:32","date_gmt":"2013-11-13T18:53:32","guid":{"rendered":"http:\/\/www.cafaitdesordre.com\/blog\/?p=6003"},"modified":"2014-05-10T15:22:17","modified_gmt":"2014-05-10T13:22:17","slug":"creve-la-mort","status":"publish","type":"post","link":"http:\/\/cafaitdesordre.com\/blog\/2013\/11\/creve-la-mort\/","title":{"rendered":"CREVE LA MORT ?"},"content":{"rendered":"<p><a href=\"http:\/\/www.cafaitdesordre.com\/blog\/wp-content\/uploads\/images28.jpg\"><img decoding=\"async\" loading=\"lazy\" class=\"alignleft size-thumbnail wp-image-6006\" title=\"images\" src=\"http:\/\/www.cafaitdesordre.com\/blog\/wp-content\/uploads\/images28-150x150.jpg\" alt=\"\" width=\"150\" height=\"150\" \/><\/a><\/p>\n<p class=\"MsoNormal\" style=\"mso-margin-top-alt: auto; mso-margin-bottom-alt: auto;\"><span style=\"font-size: 16.0pt; font-family: Times; mso-bidi-font-family: 'Times New Roman';\">Dans un salon de th\u00e9 lamin\u00e9 de Palavas-les-flots, sont assis autour d\u2019une table qui n\u2019a pas toujours \u00e9t\u00e9 bancale, Jean Dor, Philippe Labro et Tahar Ben Jelloun. Ils sont accompagn\u00e9s de deux ou trois chihuahuas qui ont pr\u00e9f\u00e9r\u00e9 gard\u00e9 l\u2019anonymat. Sourds et \u00e0 jamais en voie d\u2019aveuglement, ces honorables litt\u00e9rateurs ont accept\u00e9 de pr\u00e9sider le jury du prix Gaga attribu\u00e9 au plus mauvais roman de l\u2019ann\u00e9e. Malgr\u00e9 leur exp\u00e9rience tut\u00e9laire, ces messieurs sont bien embarrass\u00e9s. S\u2019ils se laissaient aller \u00e0 leur inclination naturelle pour la bonne litt\u00e9rature, ils pourraient sans vergogne d\u00e9cerner un prix collectif aux 99, 9% des romans \u00e9dit\u00e9s en langue fran\u00e7aise.<\/span><\/p>\n<p class=\"MsoNormal\" style=\"mso-margin-top-alt: auto; mso-margin-bottom-alt: auto;\"><span style=\"font-size: 16.0pt; font-family: Times; mso-bidi-font-family: 'Times New Roman';\">Quand l\u2019un d\u2019eux a une id\u00e9e de g\u00e9nie\u00a0: si l\u2019on attribuait le prix \u00e0 ce voyou de Jean-Pierre Enjalbert<span style=\"mso-spacerun: yes;\">\u00a0 <\/span>pour son dernier roman \u00ab\u00a0Prendre fin\u00a0\u00bb.<\/span><span style=\"font-size: 10.0pt; font-family: Times; mso-bidi-font-family: 'Times New Roman';\">\u00a0 <\/span><span style=\"font-size: 16.0pt; font-family: Times; mso-bidi-font-family: 'Times New Roman';\">Cet histrion p\u00e9taradant ne manque jamais une occasion de nous cracher \u00e0 la figure et pire, il le fait avec talent\u00a0! Alors qu\u2019il est loin d\u2019avoir notre notori\u00e9t\u00e9, il affiche un narcissisme presque aussi d\u00e9velopp\u00e9 que le n\u00f4tre\u00a0!<\/span><\/p>\n<p class=\"MsoNormal\" style=\"mso-margin-top-alt: auto; mso-margin-bottom-alt: auto;\"><span style=\"font-size: 16.0pt; font-family: Times; mso-bidi-font-family: 'Times New Roman';\">C\u2019est tr\u00e8s clairement un truand, un tra\u00eetre \u00e0 toute cause raisonnable, ayons l\u2019audace de le dire\u2026 un \u00e9crivain\u00a0!<\/span><\/p>\n<p class=\"MsoNormal\" style=\"mso-margin-top-alt: auto; mso-margin-bottom-alt: auto;\"><span style=\"font-size: 16.0pt; font-family: Times; mso-bidi-font-family: 'Times New Roman';\">C\u2019est abominable, d\u2019autant que nos femmes, nos ma\u00eetresses et leurs \u00e9mules provinciales reniflent avec d\u00e9lice les odeurs corporelles de ce jean-foutre burin\u00e9.<\/span><\/p>\n<p class=\"MsoNormal\" style=\"mso-margin-top-alt: auto; mso-margin-bottom-alt: auto;\"><span style=\"font-size: 16.0pt; font-family: Times; mso-bidi-font-family: 'Times New Roman';\">Justement, en lui attribuant le prix on tuerait dans l\u2019\u0153uf une r\u00e9putation qui ne peut que grandir. Imaginons une petite phrase assassine du genre\u00a0: \u00abAu soir de sa vie, ce scribe imp\u00e9nitent, sentant la camarde se rapprocher de ses visc\u00e8res fatigu\u00e9s, s\u2019allonge sur le sol pour \u00e9viter qu\u2019une \u00e2me trop charitable ne le fasse tomber. La panique existentielle de ce presque vieillard ne manque ni de gr\u00e2ce ni de grandeur. On trouvera facilement son livre dans toutes les bonnes maisons de retraite\u00a0!\u00a0\u00bb.<\/span><\/p>\n<p class=\"MsoNormal\" style=\"mso-margin-top-alt: auto; mso-margin-bottom-alt: auto;\"><span style=\"font-size: 10.0pt; font-family: Times; mso-bidi-font-family: 'Times New Roman';\">\u00a0<\/span><span style=\"font-size: 16.0pt; font-family: Times; mso-bidi-font-family: 'Times New Roman';\">Il serait peu aimable de dire que ces experts agr\u00e9\u00e9s aupr\u00e8s des tribunaux officiels de la litt\u00e9rature n\u2019ont, une fois de plus, rien compris. Sans doute est-il scandaleux qu\u2019en prenant de l\u2019\u00e2ge Jean-Pierre Enjalbert devienne de plus en plus insolent et radical. Il n\u2019a m\u00eame plus peur d\u2019avoir peur et b\u00e2tit une impossible fiction avec autant de verdeur et d\u2019app\u00e9tit qu\u2019il prend de plaisir \u00e0 m\u00e9langer les genres et \u00e0 \u00e9garer son lecteur.<span style=\"mso-spacerun: yes;\">\u00a0 <\/span>Rarement on aura lu r\u00e9cit plus pudique, soigneusement dissimul\u00e9 derri\u00e8re les diatribes d\u2019un matamore en verve. <span style=\"mso-spacerun: yes;\">\u00a0<\/span>Il faut avoir un s\u00e9rieux culot pour vouloir vivre sa mort et la raconter \u00e0 tous ceux qui ne se trouvent pas \u00e0 proximit\u00e9 ce jour-l\u00e0. <\/span><\/p>\n<p class=\"MsoNormal\" style=\"mso-margin-top-alt: auto; mso-margin-bottom-alt: auto;\"><span style=\"font-size: 10.0pt; font-family: Times; mso-bidi-font-family: 'Times New Roman';\">\u00a0<\/span><span style=\"font-size: 16.0pt; font-family: Times; mso-bidi-font-family: 'Times New Roman';\">Cet exercice impossible est litt\u00e9raire en diable. L\u2019auteur a l\u2019\u0153il aussi goguenard que la plume haute perch\u00e9e. Il aime le cul, les jolies femmes qui vont avec et voue un culte \u00e0 la culture et \u00e0 la litt\u00e9rature qui ne s\u00e9pare jamais la t\u00eate du ventre et des pieds. Entre deux lignes il pourrait aussi susurrer qu\u2019il n\u2019est nullement obs\u00e9d\u00e9 par la mort, il a le droit d\u2019\u00eatre de mauvaise foi. Il lui para\u00eet impossible de vivre sa vie au plus fort sans rendre gr\u00e2ce \u00e0 l\u2019impavide grande faucheuse. Comment sans limites, briser les conformismes, les tabous. Comment exalter la petite mort en supprimant la grande? <\/span><\/p>\n<p class=\"MsoNormal\" style=\"mso-margin-top-alt: auto; mso-margin-bottom-alt: auto;\"><span style=\"font-size: 10.0pt; font-family: Times; mso-bidi-font-family: 'Times New Roman';\">\u00a0<\/span><span style=\"font-size: 16.0pt; font-family: Times; mso-bidi-font-family: 'Times New Roman';\">Authentique libertin, toujours soucieux d\u2019\u00e9viter que les cons ne deviennent ses amis, il a bien d\u2019autres raisons de se m\u00e9fier de la mort. On sent bien que cette mise en sc\u00e8ne de la d\u00e9solation obligatoire ne convient pas \u00e0 un homme qui admire, Lichtenberg, Sade, Deleuze , Pierre Dac et bien d\u2019autres. Ceux qui enfournent ou ont enfourn\u00e9 un cat\u00e9chisme pr\u00e9m\u00e2ch\u00e9 dans leur musette, fut-il stalinien, lib\u00e9ral, chr\u00e9tien ou tout simplement cr\u00e9tin, agacent cet aventurier de la vie qui ne d\u00e9daigne pas rendre hommage \u00e0 son moi profond, mais qui s\u2019avoue incapable d\u2019accepter toute forme de non-pens\u00e9e collective st\u00e9r\u00e9otyp\u00e9e. Vivre c\u2019est aussi avoir la sagesse de faire le mort, de ne pas s\u2019abimer dans l\u2019esprit du temps. Mourir pourquoi pas, mais \u00e0 condition d\u2019inventer une fin diff\u00e9rente de toutes les autres, une fin dont la musique soit celle d\u2019un commencement offert \u00e0 tous les lecteurs dot\u00e9s de deux oreilles, un c\u0153ur et d\u2019un amour infini pour les beaux textes. Cr\u00e8ve la vie en forme de mort. Vive la litt\u00e9rature.<\/span><\/p>\n<p class=\"MsoNormal\" style=\"mso-margin-top-alt: auto; mso-margin-bottom-alt: auto;\"><span style=\"font-size: 10.0pt; font-family: Times; mso-bidi-font-family: 'Times New Roman';\">\u00a0<\/span><\/p>\n<p class=\"MsoNormal\" style=\"mso-margin-top-alt: auto; mso-margin-bottom-alt: auto;\"><strong style=\"mso-bidi-font-weight: normal;\"><span style=\"font-size: 14.0pt; font-family: Times; mso-bidi-font-family: 'Times New Roman';\">Prendre fin <\/span><\/strong><\/p>\n<p class=\"MsoNormal\" style=\"mso-margin-top-alt: auto; mso-margin-bottom-alt: auto;\"><strong style=\"mso-bidi-font-weight: normal;\"><span style=\"font-size: 14.0pt; font-family: Times; mso-bidi-font-family: 'Times New Roman';\">de Jean-Pierre Enjalbert<\/span><\/strong><\/p>\n<p class=\"MsoNormal\" style=\"mso-margin-top-alt: auto; mso-margin-bottom-alt: auto;\"><strong style=\"mso-bidi-font-weight: normal;\"><span style=\"font-size: 14.0pt; font-family: Times; mso-bidi-font-family: 'Times New Roman';\">Editions Belfond<\/span><\/strong><\/p>\n<p class=\"MsoNormal\" style=\"mso-margin-top-alt: auto; mso-margin-bottom-alt: auto;\"><span style=\"font-size: 10.0pt; font-family: Times; mso-bidi-font-family: 'Times New Roman';\">\u00a0<\/span><\/p>\n<p>&nbsp;<\/p>\n<p>&nbsp;<\/p>\n<p>&nbsp;<\/p>\n<p>&nbsp;<\/p>\n<p>&nbsp;<\/p>\n<p>&nbsp;<\/p>\n<p>&nbsp;<\/p>\n<p>&nbsp;<\/p>\n<p>&nbsp;<\/p>\n<p>&nbsp;<\/p>\n<p>&nbsp;<\/p>\n","protected":false},"excerpt":{"rendered":"<p>Dans un salon de th\u00e9 lamin\u00e9 de Palavas-les-flots, sont assis autour d\u2019une table qui n\u2019a pas toujours \u00e9t\u00e9 bancale, Jean Dor, Philippe Labro et Tahar Ben Jelloun. Ils sont accompagn\u00e9s de deux ou trois chihuahuas qui ont pr\u00e9f\u00e9r\u00e9 gard\u00e9 l\u2019anonymat. Sourds et \u00e0 jamais en voie d\u2019aveuglement, ces honorables litt\u00e9rateurs ont accept\u00e9 de pr\u00e9sider le [&hellip;]<\/p>\n","protected":false},"author":1,"featured_media":6831,"comment_status":"open","ping_status":"open","sticky":false,"template":"","format":"standard","meta":[],"categories":[1],"tags":[151,241,354],"_links":{"self":[{"href":"http:\/\/cafaitdesordre.com\/blog\/wp-json\/wp\/v2\/posts\/6003"}],"collection":[{"href":"http:\/\/cafaitdesordre.com\/blog\/wp-json\/wp\/v2\/posts"}],"about":[{"href":"http:\/\/cafaitdesordre.com\/blog\/wp-json\/wp\/v2\/types\/post"}],"author":[{"embeddable":true,"href":"http:\/\/cafaitdesordre.com\/blog\/wp-json\/wp\/v2\/users\/1"}],"replies":[{"embeddable":true,"href":"http:\/\/cafaitdesordre.com\/blog\/wp-json\/wp\/v2\/comments?post=6003"}],"version-history":[{"count":2,"href":"http:\/\/cafaitdesordre.com\/blog\/wp-json\/wp\/v2\/posts\/6003\/revisions"}],"predecessor-version":[{"id":6832,"href":"http:\/\/cafaitdesordre.com\/blog\/wp-json\/wp\/v2\/posts\/6003\/revisions\/6832"}],"wp:featuredmedia":[{"embeddable":true,"href":"http:\/\/cafaitdesordre.com\/blog\/wp-json\/wp\/v2\/media\/6831"}],"wp:attachment":[{"href":"http:\/\/cafaitdesordre.com\/blog\/wp-json\/wp\/v2\/media?parent=6003"}],"wp:term":[{"taxonomy":"category","embeddable":true,"href":"http:\/\/cafaitdesordre.com\/blog\/wp-json\/wp\/v2\/categories?post=6003"},{"taxonomy":"post_tag","embeddable":true,"href":"http:\/\/cafaitdesordre.com\/blog\/wp-json\/wp\/v2\/tags?post=6003"}],"curies":[{"name":"wp","href":"https:\/\/api.w.org\/{rel}","templated":true}]}}