{"id":5834,"date":"2013-12-12T17:57:42","date_gmt":"2013-12-12T16:57:42","guid":{"rendered":"http:\/\/www.cafaitdesordre.com\/blog\/?p=5834"},"modified":"2014-05-17T09:56:40","modified_gmt":"2014-05-17T07:56:40","slug":"le-10-decembre-a-creteil-les-mots-dassa-diarra-savaient-sur-quel-pied-danser","status":"publish","type":"post","link":"http:\/\/cafaitdesordre.com\/blog\/2013\/12\/le-10-decembre-a-creteil-les-mots-dassa-diarra-savaient-sur-quel-pied-danser\/","title":{"rendered":"Le 10 d\u00e9cembre  \u00e0 Cr\u00e9teil les mots d&rsquo;Assa Diarra savaient sur quel pied danser !"},"content":{"rendered":"<div id=\"attachment_5841\" style=\"width: 310px\" class=\"wp-caption alignleft\"><a href=\"http:\/\/www.cafaitdesordre.com\/blog\/wp-content\/uploads\/Pied9_blanc_noir1.jpg\"><img aria-describedby=\"caption-attachment-5841\" decoding=\"async\" loading=\"lazy\" class=\"size-medium wp-image-5841\" title=\"Pied9_blanc_ pied noir\" src=\"http:\/\/www.cafaitdesordre.com\/blog\/wp-content\/uploads\/Pied9_blanc_noir1-300x224.jpg\" alt=\"\" width=\"300\" height=\"224\" \/><\/a><p id=\"caption-attachment-5841\" class=\"wp-caption-text\">C&rsquo;est le pied !<\/p><\/div>\n<p>Le 10 D\u00e9cembre, Le magazine vivant, critique et po\u00e9tique \u00a0\u00bb Mardi \u00e7a fait d\u00e9sordre faisait son num\u00e9ro ( 14) \u00e0 Cr\u00e9teil au Centre Culturel MadeleineReb\u00e9rioux. Le public dense mais qui aurait \u00eatre beaucoup plus nombreux a applaudi des intervenants magnifiques. Les ateliers Danse de C\u00e9line Tringali et th\u00e9\u00e2tre de Denis Morin, juste formidables ,JC Guillebaud ouvrant lignes de forces\u00a0 d&rsquo;un optimisme sans concession, Thomas Hahn, tranquillement insolent, Benjamin Barou-crossman et son guitariste tous deux inspir\u00e9s par le Duende de Lorca, Hamed Bouzzine le conteur d&rsquo;\u00e2me, de coeur et de beaut\u00e9, Philippe Merlant assez audacieux pour remettre en cause sa pratique journalistique et la forme de son discours, Marie Perruchet capable de faire danser une salle en fin de soir\u00e9e. Mais la plus belle surprise est venue des jeunes reporters citoyens coordonn\u00e9s par Sabath Rahmani. L&rsquo;association\u00a0 Reporter citoyen fond\u00e9e par Philippe Merlant, La T\u00e9l\u00e9 Libre, L&rsquo;Ecole des m\u00e9tiers de l&rsquo;information afin de permettre aux jeunes des quartiers dits difficiles de pratiquer un journalisme non format\u00e9, produit un travail d&rsquo;une qualit\u00e9 et d&rsquo;une fra\u00eecheur sid\u00e9rantes. Am\u00e9d\u00e9e Anglade, d\u00e9ja un ancien de RC a r\u00e9alit\u00e9 une vid\u00e9o sur une le\u00e7on de tango donn\u00e9e par le ma\u00eetre JC Caron \u00e0 l&rsquo;\u00e9crivaine Belinda Cannone d&rsquo;une grande beaut\u00e9. Jean Philippe Bucher et Marius Caillol ont produit un micro-trottoir sur le th\u00e8me de la soir\u00e9e \u00ab\u00a0On ne sait plus tr\u00e8s bien sur quel pied danser \u00a0\u00bb aussi savoureux qu&rsquo;\u00e9clairant. Tous ceux qui pensent que les probl\u00e8mes de soci\u00e9t\u00e9 doivent \u00eatre \u00e9tudi\u00e9s avec gravit\u00e9 et expertise scientifique n&rsquo;ont pas entendu, h\u00e9las pour eux, Assa Diarra\u00a0 traiter \u00a0\u00bb On ne sait plus tr\u00e8s bien sur quel pied danser quand on est en couple mixte\u00a0\u00bb. La lucidit\u00e9, le charme, la po\u00e9sie \u00e9taient au rendez-vous. Ah ! tout de m\u00eame une petite note critique. Un des intervenants a regrett\u00e9 que Madeleine\u00a0 n&rsquo;ait pas mis \u00e0 leur disposition , une petite bouteille d&rsquo;eau pour s&rsquo;\u00e9claircir la gorge.Pour vous donner un aper\u00e7u de la soir\u00e9e vous trouverez ici le merveilleux texte d&rsquo;Assa Diarra et l&rsquo;\u00e9ditorial du magazine.<\/p>\n<p><strong>On ne sait plus tr\u00e8s bien sur quel pied danser quand on est en couple mixte !<\/strong><br \/>\nAlors, sur quel pied on danse quand on a trouv\u00e9 chaussure \u00e0 son pied Apr\u00e8s avoir fait des pieds et des mains pour s\u00e9duire l&rsquo;autre, voil\u00e0 que l&rsquo;on met sur pied un projet d&rsquo;avenir commun. On \u00e9vite dans ce cas de tra\u00eener des pieds et on envoie valser les pr\u00e9jug\u00e9s pour laisser l&rsquo;amour guider Mais, il faut \u00eatre ouvert\u00a0 et garder les pieds sur terre !<br \/>\nDans un couple mixte, la culture de l&rsquo;autre peut \u00eatre sujet de discorde !La diff\u00e9rence prend alors le pas et les concessions peuvent nous mettre au pied du mur. Certaines traditions sont prises au pied de la lettre et on coupe l&rsquo;herbe sous le pied de son conjoint.<br \/>\nApparemment, quand les chats ne sont pas l\u00e0 les souris dansent, mais n&#8217;emp\u00eache que sans l&rsquo;autre on danse comme un pied.<br \/>\nC&rsquo;est de pied ferme qu&rsquo;on prend alors des nouvelles r\u00e9solutions pour \u00e9viter de faire cavalier seul et surtout pour garder l&rsquo;\u00e9lu de notre c\u0153ur.<br \/>\nLes amoureux font un pied de nez aux pr\u00e9visions, qui ne leur laissaient que peu de chance. \u00c7a leur fera les pieds !<br \/>\nOn voyage, on apprend et on danse sur plusieurs rythmes ! Toujours sur nos deux pieds, pour \u00eatre en harmonie !<br \/>\nFinalement, \u00eatre en couple mixte, c&rsquo;est le pied !<\/p>\n<p><strong>Par Assa Diarra, reporter citoyen<\/strong><br \/>\nwww.reporter-citoyen.fr<\/p>\n<p>&nbsp;<\/p>\n<p class=\"MsoNormal\" style=\"line-height: 150%;\"><strong style=\"mso-bidi-font-weight: normal;\"><span style=\"font-size: 14.0pt; line-height: 150%; font-family: 'Helvetica Light';\"><span style=\"mso-spacerun: yes;\"><br \/>\n<\/span><\/span><\/strong><\/p>\n<p class=\"MsoNormal\" style=\"line-height: 150%;\"><strong style=\"mso-bidi-font-weight: normal;\"><span style=\"font-size: 9.0pt; line-height: 150%; font-family: 'Helvetica Light';\">Editorial du mardi 10 D\u00e9cembre 2013<\/span><\/strong><\/p>\n<p class=\"MsoNormal\" style=\"line-height: 150%;\"><span style=\"font-size: 14.0pt; line-height: 150%; font-family: 'Helvetica Light';\">\u00a0<\/span><\/p>\n<p class=\"MsoNormal\" style=\"line-height: 150%;\"><span style=\"font-family: 'Helvetica Light';\">Amis du d\u00e9sordre et des aventures improbables bonsoir. <\/span><\/p>\n<p class=\"MsoNormal\" style=\"line-height: 150%;\"><span style=\"font-family: 'Helvetica Light';\">Merci d\u2019\u00eatre l\u00e0, merci de nous donner l\u2019opportunit\u00e9 d\u2019\u00eatre ensemble.<\/span><\/p>\n<p class=\"MsoNormal\" style=\"line-height: 150%;\"><span style=\"font-family: 'Helvetica Light';\">Vous venez d\u2019applaudir les \u00e9l\u00e8ves de l\u2019atelier th\u00e9\u00e2tre de Denis Morin et de l\u2019atelier danse de C\u00e9line Tringali<span style=\"mso-spacerun: yes;\">\u00a0 <\/span>du centre Madeleine Reb\u00e9rioux.<\/span><\/p>\n<p class=\"MsoNormal\" style=\"line-height: 150%;\"><span style=\"font-family: 'Helvetica Light';\">Merci et bravo aux \u00e9l\u00e8ves comme aux ma\u00eetres.<\/span><\/p>\n<p class=\"MsoNormal\" style=\"line-height: 150%;\"><strong style=\"mso-bidi-font-weight: normal;\"><span style=\"font-family: Helvetica;\">U<\/span><\/strong><span style=\"font-family: 'Helvetica Light';\">n individu qui danse<span style=\"mso-spacerun: yes;\">\u00a0 <\/span>est un danseur ou une danseuse. Un individu qui pense est un penseur ou une penseuse. Heureusement entre la danseuse et la penseuse, il y<span style=\"mso-spacerun: yes;\">\u00a0 <\/span>la bande Velpeau qui panse elle aussi\u2026Elle panse nos blessures\u2026.<\/span><\/p>\n<p class=\"MsoNormal\" style=\"mso-pagination: none; mso-layout-grid-align: none; text-autospace: none;\"><span style=\"font-family: 'Helvetica Light';\">Patrice Ch\u00e9reau, St\u00e9phane Hessel \u00e9taient \u2013ils des danseurs, des penseurs\u00a0? <\/span><\/p>\n<p class=\"MsoNormal\" style=\"line-height: 150%;\"><span style=\"font-family: Helvetica;\">\u00a0C<\/span><span style=\"font-family: 'Helvetica Light';\">e que nous savons<span style=\"mso-spacerun: yes;\">\u00a0 <\/span>\u00e0 Marseille comme \u00e0 Cr\u00e9teil , c\u2019est que ces \u00eatres d\u2019une humanit\u00e9 et d\u2019une cr\u00e9ativit\u00e9 exceptionnelle, nous ont fait dans\u00e9 l\u2019\u00e2me, l\u2019imagination et le c\u0153ur.<\/span><\/p>\n<p class=\"MsoNormal\" style=\"line-height: 150%;\"><span style=\"font-family: 'Helvetica Light';\">Le 27 Mars 2012, nous \u00e9tions ici \u00e0 Cr\u00e9teil avec St\u00e9phane Hessel, Michel Butel et d\u2019autres amis pour traiter le th\u00e8me \u00ab\u00a0la politique trop vieille pour les jeunes\u00a0\u00bb<span style=\"mso-spacerun: yes;\">\u00a0 <\/span>Ce fut une soir\u00e9e d\u00e9licieuse, inoubliable. St\u00e9phane Hessel a redit ce soir l\u00e0 qu\u2019li attendait la mort avec gourmandise. Il a \u00e9t\u00e9 entendu le 27 F\u00e9vrier de cette ann\u00e9e. Merci \u00e0 cet homme g\u00e9n\u00e9reux du cadeau qu\u2019il nous a fait.<\/span><\/p>\n<p class=\"MsoNormal\" style=\"line-height: 150%;\"><strong style=\"mso-bidi-font-weight: normal;\"><span style=\"font-family: Helvetica;\">On ne sait plus tr\u00e8s bien sur quel pied danser\u00a0<\/span><\/strong><strong style=\"mso-bidi-font-weight: normal;\"><span style=\"font-family: 'Helvetica Light';\">?<\/span><\/strong><\/p>\n<p class=\"MsoNormal\" style=\"line-height: 150%;\"><span style=\"font-family: 'Helvetica Light';\">Qu\u2019est-ce que cela veut dire\u00a0? <\/span><\/p>\n<p class=\"MsoNormal\" style=\"line-height: 150%;\"><span style=\"font-family: 'Helvetica Light';\">On se prend les pieds dans le tapis\u2026<\/span><\/p>\n<p class=\"MsoNormal\" style=\"line-height: 150%;\"><span style=\"font-family: 'Helvetica Light';\">on n\u2019est plus \u00e0 pied d\u2019\u0153uvre, <\/span><\/p>\n<p class=\"MsoNormal\" style=\"line-height: 150%;\"><span style=\"font-family: 'Helvetica Light';\">ce n\u2019est pas le pied\u00a0?<\/span><\/p>\n<p class=\"MsoNormal\" style=\"line-height: 150%;\"><span style=\"font-family: 'Helvetica Light';\">En 2013, on a perdu des \u00eatres chers, La plan\u00e8te n\u2019en peut plus d\u2019\u00eatre maltrait\u00e9e, ses habitants non plus, on est \u00ab\u00a0grand corps malade\u00a0\u00bb plus souvent enfum\u00e9s qu\u2019inform\u00e9s, Nelson Mandela, le magnifique s\u2019est d\u00e9finitivement absent\u00e9 \u2026 <\/span><strong style=\"mso-bidi-font-weight: normal;\"><span style=\"font-family: Helvetica;\"><span style=\"mso-spacerun: yes;\">\u00a0<\/span><\/span><\/strong><span style=\"font-family: Helvetica;\">et<\/span><span style=\"font-family: 'Helvetica Light';\"> en plus on se mettrait \u00e0 genoux pour pleurer, se plaindre, se lamenter\u00a0? La tristesse est un luxe r\u00e9serv\u00e9 aux nantis et aux abrutis qui pr\u00e9f\u00e8rent mourir leur vie que prendre le risque de la vivre.On ne<span style=\"mso-spacerun: yes;\">\u00a0 <\/span>va tout de m\u00eame pas regretter les certitudes de la France collabo\/p\u00e9tainiste, on ne va pas regretter les certitudes du goulag stalinien, ni celles de l\u2019hyper capitalisme spoliateur. <\/span><\/p>\n<p class=\"MsoNormal\" style=\"line-height: 150%;\"><span style=\"font-family: Helvetica;\">Enfin<strong style=\"mso-bidi-font-weight: normal;\">\u00a0!<\/strong><\/span><span style=\"font-family: 'Helvetica Light';\"> on ne sait plus, <\/span><span style=\"font-family: Helvetica;\">enfin\u00a0<strong style=\"mso-bidi-font-weight: normal;\">! <\/strong><\/span><span style=\"font-family: 'Helvetica Light';\">on a des doutes,on a donc une chance de vivre dans un monde qui ne soit plus un monde d\u2019abrutis, de singes savants. On est tomb\u00e9 de haut. Et alors\u00a0! cela nous donne une chance de nous relever, d\u2019\u00eatre un peu plus solidaires et de rire ensemble de nos maladresses. Nous sommes des millions, voire des milliards dans cette position et c\u2019est tant mieux. Foin de tous les pr\u00eachi-pr\u00eacha nous sommes dans l\u2019obligation d\u2019inventer, d\u2019avoir de l\u2019imagination. Seuls les \u00e9quarris du cerveau pourraient s\u2019en plaindre. Doutons, questionnons sans mod\u00e9ration et d\u00e9battons joyeusement, Sortir du marasme et beaucoup moins difficile qu\u2019on peut le penser.<\/span><span style=\"font-family: Helvetica;\">Tenez <\/span><span style=\"font-family: 'Helvetica Light';\">pour commencer on peut tenter un exercice tr\u00e8s simple. Vous voyez ces 2 doigts, tr\u00e8s doucement vous les rapprochez de la partie la plus pr\u00e9hensible de votre individu et sans vergogne vous pincez\u2026.<\/span><\/p>\n<p class=\"MsoNormal\" style=\"line-height: 150%;\"><span style=\"font-family: 'Helvetica Light';\">Aye, Aye , n\u2019h\u00e9sitez pas, crions de concert. \u2026.<\/span><strong style=\"mso-bidi-font-weight: normal;\"><span style=\"font-family: Helvetica;\">Aye\u00a0!!!!! Aye\u00a0!!!!<\/span><\/strong><span style=\"font-family: 'Helvetica Light';\"><span style=\"mso-spacerun: yes;\">\u00a0 <\/span><\/span><strong style=\"mso-bidi-font-weight: normal;\"><span style=\"font-family: Helvetica;\">Aye\u00a0!!!<\/span><\/strong><span style=\"font-family: 'Helvetica Light';\"> Voil\u00e0 la douleur est partie\u2026<\/span><span style=\"font-family: Helvetica;\">Nous<\/span><span style=\"font-family: 'Helvetica Light';\">d\u00e9couvrons que nous avons un corps, c\u2019est consid\u00e9rable. J\u2019en connais beaucoup qui rangent leur t\u00eate dans l\u2019armoire du haut et le reste de leur body \u00e0 la cave. Cela ne facilite pas l\u2019\u00e9l\u00e9gance de la d\u00e9marche\u2026<span style=\"mso-spacerun: yes;\">\u00a0 <\/span>\u2026vous me suivez\u00a0!!!!<\/span><\/p>\n<p class=\"MsoNormal\" style=\"line-height: 150%;\"><span style=\"font-family: 'Helvetica Light';\">Ce soir on va essayer de faire autrement, on va essayer de penser avec les pieds\u2026le ventre, les jambes, ce soir on va essayer de faire danser la totalit\u00e9 de notre individu. La danse est beaut\u00e9, plaisirs, mais aussi sollicitation des neurones. \u00e9panouissement. En plus elle nous apprend \u00e0 jouer avec les contraires. La pure invention n\u2019existe pas. Pour que le neuf soit per\u00e7u par tous, il faut qu\u2019il y ait r\u00e9p\u00e9tition, inscription dans notre corps. Dominique Noguez \u00e9crit<span style=\"mso-spacerun: yes;\">\u00a0 <\/span>que la danse est d\u2019abord une lecture. Sur une autre rive,Alain Badiou ajoute \u00ab\u00a0<\/span><span style=\"font-family: 'Helvetica Light'; mso-bidi-font-family: 'Times New Roman';\">la danse est innocence, parce qu\u2019elle est<span style=\"mso-spacerun: yes;\">\u00a0 <\/span>corps d\u2019avant le corps. <\/span><\/p>\n<p class=\"MsoNormal\" style=\"line-height: 150%;\"><span style=\"font-family: 'Helvetica Light'; mso-bidi-font-family: 'Times New Roman';\">Elle est oubli, parce qu\u2019elle est un corps qui oublie son astreinte, son poids. Elle est commencement nouveau, parce que le geste dansant doit toujours \u00eatre comme s\u2019il inventait son propre commencement. Jeu, bien s\u00fbr, puisque la danse lib\u00e8re le corps de toute mimique sociale, de tout <\/span><span style=\"font-family: 'Helvetica Light';\">Il <\/span><span style=\"font-family: 'Helvetica Light'; mso-bidi-font-family: 'Times New Roman';\">s\u00e9rieux, de toute convenance.\u00a0\u00bb<\/span><\/p>\n<p class=\"MsoNormal\" style=\"line-height: 150%;\"><s><span style=\"font-family: Helvetica;\">Il<\/span><\/s><span style=\"font-family: 'Helvetica Light';\"> est temps de pratiquer la d\u00e9mocratie corporelle directe. Du bout de nos gros orteils \u00e0 la racine de nos cheveux nous allons trouver de quoi nous ressourcer, nous mettre en danger. Alors nos neurones charm\u00e9s par tant de gr\u00e2ce et de fraicheur feront des \u00e9tincelles, fabriqueront des \u00e9motions, des novations sid\u00e9rantes. Alors nous red\u00e9couvrirons une humanit\u00e9 en marche qui saura et ne saura pas sur quel pied danser.<\/span><\/p>\n<p class=\"MsoNormal\" style=\"line-height: 150%;\"><span style=\"font-family: 'Helvetica Light';\">Ce soir au centre Madeleine Reb\u00e9rioux, nous sommes heureux \u00e0 l\u2019id\u00e9e de gambader en votre compagnie. L\u2019\u00e9quipe de Mardi \u00e7a fait d\u00e9sordre vous souhaite une soir\u00e9e aussi douce que forte<span style=\"mso-spacerun: yes;\">\u00a0 <\/span>et joyeuse. ol\u00e9\u00a0!!! Ensemble on va bien s\u2019amuser.<\/span><\/p>\n<p class=\"MsoNormal\" style=\"line-height: 150%;\"><span style=\"font-family: 'Helvetica Light';\">Fran\u00e7ois Bernheim<\/span><\/p>\n<p class=\"MsoNormal\" style=\"line-height: 150%;\"><span style=\"font-family: 'Helvetica Light'; mso-bidi-font-family: 'Times New Roman';\">\u00a0<\/span><\/p>\n<p class=\"MsoNormal\" style=\"line-height: 150%;\"><span style=\"font-family: 'Helvetica Light'; mso-bidi-font-family: 'Times New Roman';\">\u00a0<\/span><\/p>\n","protected":false},"excerpt":{"rendered":"<p>Le 10 D\u00e9cembre, Le magazine vivant, critique et po\u00e9tique \u00a0\u00bb Mardi \u00e7a fait d\u00e9sordre faisait son num\u00e9ro ( 14) \u00e0 Cr\u00e9teil au Centre Culturel MadeleineReb\u00e9rioux. Le public dense mais qui aurait \u00eatre beaucoup plus nombreux a applaudi des intervenants magnifiques. Les ateliers Danse de C\u00e9line Tringali et th\u00e9\u00e2tre de Denis Morin, juste formidables ,JC Guillebaud [&hellip;]<\/p>\n","protected":false},"author":1,"featured_media":7092,"comment_status":"open","ping_status":"open","sticky":false,"template":"","format":"standard","meta":[],"categories":[1],"tags":[63,216,233,372],"_links":{"self":[{"href":"http:\/\/cafaitdesordre.com\/blog\/wp-json\/wp\/v2\/posts\/5834"}],"collection":[{"href":"http:\/\/cafaitdesordre.com\/blog\/wp-json\/wp\/v2\/posts"}],"about":[{"href":"http:\/\/cafaitdesordre.com\/blog\/wp-json\/wp\/v2\/types\/post"}],"author":[{"embeddable":true,"href":"http:\/\/cafaitdesordre.com\/blog\/wp-json\/wp\/v2\/users\/1"}],"replies":[{"embeddable":true,"href":"http:\/\/cafaitdesordre.com\/blog\/wp-json\/wp\/v2\/comments?post=5834"}],"version-history":[{"count":1,"href":"http:\/\/cafaitdesordre.com\/blog\/wp-json\/wp\/v2\/posts\/5834\/revisions"}],"predecessor-version":[{"id":7060,"href":"http:\/\/cafaitdesordre.com\/blog\/wp-json\/wp\/v2\/posts\/5834\/revisions\/7060"}],"wp:featuredmedia":[{"embeddable":true,"href":"http:\/\/cafaitdesordre.com\/blog\/wp-json\/wp\/v2\/media\/7092"}],"wp:attachment":[{"href":"http:\/\/cafaitdesordre.com\/blog\/wp-json\/wp\/v2\/media?parent=5834"}],"wp:term":[{"taxonomy":"category","embeddable":true,"href":"http:\/\/cafaitdesordre.com\/blog\/wp-json\/wp\/v2\/categories?post=5834"},{"taxonomy":"post_tag","embeddable":true,"href":"http:\/\/cafaitdesordre.com\/blog\/wp-json\/wp\/v2\/tags?post=5834"}],"curies":[{"name":"wp","href":"https:\/\/api.w.org\/{rel}","templated":true}]}}