{"id":5778,"date":"2013-11-28T12:50:12","date_gmt":"2013-11-28T11:50:12","guid":{"rendered":"http:\/\/www.cafaitdesordre.com\/blog\/?p=5778"},"modified":"2014-05-10T15:19:13","modified_gmt":"2014-05-10T13:19:13","slug":"alors-celine-et-finkielkraut-meme-combat","status":"publish","type":"post","link":"http:\/\/cafaitdesordre.com\/blog\/2013\/11\/alors-celine-et-finkielkraut-meme-combat\/","title":{"rendered":"Alors C\u00e9line et Finkielkraut m\u00eame combat ?"},"content":{"rendered":"<p>&nbsp;<\/p>\n<p class=\"MsoNormal\" style=\"margin-bottom: 12.0pt; mso-pagination: none; mso-layout-grid-align: none; text-autospace: none;\"><strong><span style=\"font-family: Helvetica;\">Un billet d&rsquo;humeur de Michel Dr\u00e9ano<\/span><\/strong><\/p>\n<p>&nbsp;<\/p>\n<p><span style=\"font-family: Helvetica; mso-bidi-font-family: Helvetica;\">\u00a0Ah\u00a0! mon cher Finkielkraut, voil\u00e0 que tu t\u2019y mets toi aussi \u00e0 piquer ta crise d\u2019urticaire d\u2019identit\u00e9\u00a0fran\u00e7aise. Je m\u2018\u00e9tonne que, toi l\u2019ashk\u00e9naze qui aimes tant Charles P\u00e9guy, tu ne sois pas, du coup, all\u00e9 plus loin encore, du c\u00f4t\u00e9 de chez Maurice Barr\u00e8s, en piochant dans \u00ab\u00a0la terre et les morts\u00a0\u00bb avec les x\u00e9nophobes de la fin du XIXe, laudateurs de notre glorieux pass\u00e9 de brachic\u00e9phales bruns.<\/span><\/p>\n<p class=\"MsoNormal\" style=\"margin-bottom: 12.0pt; mso-pagination: none; mso-layout-grid-align: none; text-autospace: none;\"><span style=\"font-family: Helvetica; mso-bidi-font-family: Helvetica;\">Tout cela finit quand m\u00eame par ressembler \u00e0 du radotage, du genre de celui qui \u00ab\u00a0rognonne\u00a0\u00bb\u00a0 afin de jouir de la d\u00e9testation de lui-m\u00eame. Bient\u00f4t nous allons entendre ce cher Alain F., adoub\u00e9 par France Culture, nous chanter \u00e0 l\u2019accord\u00e9on, d&rsquo;une voix \u00e9raill\u00e9e, le blues parigot: <em>\u00ab je te trouverai charogne un vilain soir, je te ferai dans les mires deux grands trous noirs\u2026\u00a0\u00bb,\u00a0<\/em>tel le vieux misanthrope Destouches, atrabilaire de Meudon \u00e0 l\u2019accent titi.\u00a0<\/span><\/p>\n<p>&nbsp;<\/p>\n<p class=\"MsoNormal\" style=\"margin-bottom: 12.0pt; mso-pagination: none; mso-layout-grid-align: none; text-autospace: none;\"><span style=\"font-family: Helvetica; mso-bidi-font-family: Helvetica;\">Alors C\u00e9line et Finkielkraut m\u00eame combat\u00a0? Je ne sais pas mais je sens bien que notre philosophe, trop largement m\u00e9diatis\u00e9, patauge en plein ressentiment et frise parfois le ridicule ! Mais bon sang ! Nous autres, Fran\u00e7ais blancs du XXI\u00e8me si\u00e8cle, de souche jud\u00e9o-chr\u00e9tienne, quand finirons nous par accepter que nous sommes le produit de migrations incessantes sur la longue dur\u00e9e\u00a0? Lesquelles se sont encore intensifi\u00e9es depuis la fin du XIX\u00e8me si\u00e8cle. Cela, nous l\u2019avons trop longtemps \u00a0sciemment ignor\u00e9. Nous sommes, apr\u00e8s les Etats-Unis, le pays occidental le plus riche d&rsquo;apports \u00e9trangers ! Et pourtant, apr\u00e8s plus de cent-cinquante ann\u00e9es de vagues migratoires, on en est encore \u00e0 exalter cette soi-disant \u00ab\u00a0identit\u00e9 fran\u00e7aise\u00a0\u00bb si riche de patrimoine et de valeur culturelle, en triant le bon grain de l&rsquo;ivraie. Alors que 25% des Fran\u00e7ais ont au moins un grand parent \u00e9tranger&#8230; Tout cela revient en fait \u00e0\u00a0parasiter\u00a0la confiance que nous pourrions et devrions avoir\u00a0aujourd&rsquo;hui\u00a0en notre capacit\u00e9 de surmonter les difficult\u00e9s d\u2019un monde individualiste, r\u00e9ifi\u00e9 par la finance globalis\u00e9e.<\/span><\/p>\n<p>&nbsp;<\/p>\n<p class=\"MsoNormal\" style=\"margin-bottom: 12.0pt; mso-pagination: none; mso-layout-grid-align: none; text-autospace: none;\"><span style=\"font-family: Helvetica; mso-bidi-font-family: Helvetica;\">S&rsquo;extasier d&rsquo;un c\u00f4t\u00e9 dev<a href=\"http:\/\/www.cafaitdesordre.com\/blog\/wp-content\/uploads\/auteur1.jpg\"><img decoding=\"async\" loading=\"lazy\" class=\"alignleft size-full wp-image-5779\" title=\"auteur\" src=\"http:\/\/www.cafaitdesordre.com\/blog\/wp-content\/uploads\/auteur1.jpg\" alt=\"\" width=\"120\" height=\"124\" \/><\/a>ant notre taux de f\u00e9condit\u00e9 \u00e0 2% et de l&rsquo;autre stigmatiser tant\u00f4t le gitan tant\u00f4t le maghr\u00e9bin, ca commence \u00e0 bien faire.\u00a0Et laisser penser que l&rsquo;islam de France est, de fait et par essence, \u00ab\u00a0inassimilable\u00a0\u00bb aux valeurs de n\u00f4tre r\u00e9publique, non merci. Cela casse le boulot de tous ceux qui,\u00a0dans les quartiers populaires,\u00a0se battent encore pour une la\u00efcit\u00e9 fluide et ouverte au d\u00e9bat. O\u00f9 les militants associatifs ont plus que jamais besoin de soutien moral et d&rsquo;armes intellectuelles afin de raisonner les jeunes et les moins jeunes, \u00ab\u00a0d\u00e9boussol\u00e9s\u00a0\u00bb par trois d\u00e9cennies de promesses non tenues d&rsquo;accroissement qualitatif et quantitatif du niveau effectif de la citoyennet\u00e9 fran\u00e7aise.\u00a0<\/span><\/p>\n<p>&nbsp;<\/p>\n<p class=\"MsoNormal\" style=\"margin-bottom: 12.0pt; mso-pagination: none; mso-layout-grid-align: none; text-autospace: none;\"><span style=\"font-family: Helvetica; mso-bidi-font-family: Helvetica;\">Le g\u00e9nial C\u00e9line, antis\u00e9mite notoire, a os\u00e9 \u00e9crire de notre pays qu\u2019il \u00e9tait fait \u00ab\u00a0<em>de ch\u00e2ssieux et de pucieux qui n\u2019ont jamais pu fuir plus loin\u00a0\u00bb.\u00a0<\/em>Il n\u2019a pas tort.<em>\u00a0<\/em>Ce grand \u00e9crivain, qui aura eu au moins le m\u00e9rite de lib\u00e9rer la force vitale de la langue parl\u00e9e par le petit peuple parisien du d\u00e9but du XXe si\u00e8cle en lui forgeant au passage (Choiseul) un formidable \u00e9crin litt\u00e9raire et musical, t\u00e9moigne pourtant ailleurs (dans\u00a0<em>Les beaux draps<\/em>) d\u2019une haine du juif en haillons et de l&rsquo;errant en violon.\u00a0Je sais, je sais, Louis-Ferdinand n&rsquo;\u00e9tait pas si jud\u00e9ophobe que cela en actes puisqu&rsquo;il aurait soi-disant prot\u00e9g\u00e9 une famille juive de voisins&#8230; On n&rsquo;en a jamais fini avec ce genre de propos. Et basta ! Vous allez me faire pleurer.\u00a0Bref, tout cela est bien compliqu\u00e9 quand l&rsquo;affect \u00ab\u00a0s&#8217;emm\u00eale\u00a0\u00bb. Et qu&rsquo;en plus, pour des raisons diff\u00e9rentes, je vous aime bien tous les deux !.\u00a0Finkielmu et Bardakraut dans la m\u00eame barque perc\u00e9e&#8230; Devinez qui tombe \u00e0 l&rsquo;eau le premier et qui sauve l&rsquo;autre&#8230;<\/span><\/p>\n<p>&nbsp;<\/p>\n<p class=\"MsoNormal\" style=\"mso-pagination: none; mso-layout-grid-align: none; text-autospace: none;\"><span style=\"font-family: Helvetica; mso-bidi-font-family: Helvetica;\">\u00a0<\/span><\/p>\n<p>&nbsp;<\/p>\n<p class=\"MsoNormal\"><span style=\"font-family: Helvetica; mso-bidi-font-family: Helvetica;\">&gt;<\/span><\/p>\n<p>&nbsp;<\/p>\n","protected":false},"excerpt":{"rendered":"<p>&nbsp; Un billet d&rsquo;humeur de Michel Dr\u00e9ano &nbsp; \u00a0Ah\u00a0! mon cher Finkielkraut, voil\u00e0 que tu t\u2019y mets toi aussi \u00e0 piquer ta crise d\u2019urticaire d\u2019identit\u00e9\u00a0fran\u00e7aise. Je m\u2018\u00e9tonne que, toi l\u2019ashk\u00e9naze qui aimes tant Charles P\u00e9guy, tu ne sois pas, du coup, all\u00e9 plus loin encore, du c\u00f4t\u00e9 de chez Maurice Barr\u00e8s, en piochant dans \u00ab\u00a0la [&hellip;]<\/p>\n","protected":false},"author":1,"featured_media":6829,"comment_status":"open","ping_status":"open","sticky":false,"template":"","format":"standard","meta":[],"categories":[1],"tags":[],"_links":{"self":[{"href":"http:\/\/cafaitdesordre.com\/blog\/wp-json\/wp\/v2\/posts\/5778"}],"collection":[{"href":"http:\/\/cafaitdesordre.com\/blog\/wp-json\/wp\/v2\/posts"}],"about":[{"href":"http:\/\/cafaitdesordre.com\/blog\/wp-json\/wp\/v2\/types\/post"}],"author":[{"embeddable":true,"href":"http:\/\/cafaitdesordre.com\/blog\/wp-json\/wp\/v2\/users\/1"}],"replies":[{"embeddable":true,"href":"http:\/\/cafaitdesordre.com\/blog\/wp-json\/wp\/v2\/comments?post=5778"}],"version-history":[{"count":1,"href":"http:\/\/cafaitdesordre.com\/blog\/wp-json\/wp\/v2\/posts\/5778\/revisions"}],"predecessor-version":[{"id":6830,"href":"http:\/\/cafaitdesordre.com\/blog\/wp-json\/wp\/v2\/posts\/5778\/revisions\/6830"}],"wp:featuredmedia":[{"embeddable":true,"href":"http:\/\/cafaitdesordre.com\/blog\/wp-json\/wp\/v2\/media\/6829"}],"wp:attachment":[{"href":"http:\/\/cafaitdesordre.com\/blog\/wp-json\/wp\/v2\/media?parent=5778"}],"wp:term":[{"taxonomy":"category","embeddable":true,"href":"http:\/\/cafaitdesordre.com\/blog\/wp-json\/wp\/v2\/categories?post=5778"},{"taxonomy":"post_tag","embeddable":true,"href":"http:\/\/cafaitdesordre.com\/blog\/wp-json\/wp\/v2\/tags?post=5778"}],"curies":[{"name":"wp","href":"https:\/\/api.w.org\/{rel}","templated":true}]}}