{"id":5493,"date":"2013-09-24T23:59:09","date_gmt":"2013-09-24T22:59:09","guid":{"rendered":"http:\/\/www.cafaitdesordre.com\/blog\/?p=5493"},"modified":"2014-05-14T00:16:22","modified_gmt":"2014-05-13T22:16:22","slug":"naissance-dun-pere","status":"publish","type":"post","link":"http:\/\/cafaitdesordre.com\/blog\/2013\/09\/naissance-dun-pere\/","title":{"rendered":"Naissance d\u2019un P\u00e8re"},"content":{"rendered":"<p class=\"MsoNormal\"><a href=\"http:\/\/www.cafaitdesordre.com\/blog\/wp-content\/uploads\/images16.jpg\"><img decoding=\"async\" loading=\"lazy\" class=\"alignleft size-full wp-image-5504\" title=\"images\" src=\"http:\/\/www.cafaitdesordre.com\/blog\/wp-content\/uploads\/images16.jpg\" alt=\"\" width=\"84\" height=\"128\" \/><\/a><\/p>\n<p class=\"MsoNormal\"><strong>Le don du passeur de Belinda Cannone\u00a0<\/strong>.<\/p>\n<p class=\"MsoNormal\">Nous sommes plus de sept milliards d\u2019individus \u00e0 la surface de la plan\u00e8te terre. Est-ce \u00e0 dire que nous repr\u00e9sentons autant de centres de d\u00e9cision et d\u2019intelligence<span style=\"mso-spacerun: yes;\">\u00a0 <\/span>autonomes\u00a0? Beaucoup d\u2019entre nous en sont persuad\u00e9s et consacrent en cons\u00e9quence une \u00e9nergie d\u00e9bordante \u00e0 vouloir identifier ce qui nous s\u00e9pare les uns des autres. Belinda Cannone essayiste, romanci\u00e8re, n\u2019appartient pas \u00e0 cette tribu. Elle vit dans une maison commune nomm\u00e9e humanit\u00e9. Ce qui pour elle caract\u00e9rise l\u2019humanit\u00e9 n\u2019est pas la s\u00e9paration, l\u2019obsession de l\u2019identification mais plut\u00f4t la relation. Ainsi on peut imaginer<span style=\"mso-spacerun: yes;\">\u00a0 <\/span>qu\u2019un homme ou une femme ne soient pas seulement d\u00e9finis par l\u2019enveloppe charnelle qui les s\u00e9pare, mais \u00e9galement par les flux d\u2019id\u00e9es, d\u2019\u00e9motions et de connaissances qu\u2019ils partagent. Belinda Cannone en \u00e9crivant \u00ab\u00a0Le don du passeur\u00a0\u00bb ne rend pas seulement justice \u00e0 un p\u00e8re aim\u00e9 et admir\u00e9. Sa reconnaissance de l\u2019autre est aussi connaissance de soi. Son investigation men\u00e9e \u00e0 son terme lui permet d\u2019\u00eatre elle m\u00eame et de se d\u00e9passer.Si le chemin suivi est exigeant, il n\u2019en est pas moins jubilatoire\u00a0\u00ab\u00a0Ce bonhomme qui m\u2019a aussi l\u00e9gu\u00e9 la joie, le d\u00e9sir d\u2019intensit\u00e9 et la passion de vivre\u00a0\u00bb. Ce p\u00e8re lui a appris la libert\u00e9, l\u2019\u00e9coute des autres. G\u00e9n\u00e9reux, infiniment sensible, du moindre narcissisme, il manifestait une attention au monde hors du commun.<span style=\"mso-spacerun: yes;\">\u00a0 <\/span>\u00ab\u00a0Celui qui, sans doute pour avoir gard\u00e9 en lui une si grande part d\u2019enfance, \u00e9tait un merveilleux p\u00e9dagogue\u00a0\u00bbMais cette force, cette intelligence qui \u00e9tait la sienne, on pourrait presque dire \u00ab\u00a0ce pouvoir\u00a0\u00bb qu\u2019il d\u00e9tenait, il ne pouvait en disposer que pour les autres. Pour lui m\u00eame, il n\u2019\u00e9tait que trouble, faiblesse, un \u00eatre perdu\u2026<\/p>\n<p class=\"MsoNormal\">Et c\u2019est ici que la notion de passeur prend une dimension aussi belle que tragique. Celui ou celle qui accomplit le rituel du passeur est litt\u00e9ralement travers\u00e9 par ce qu\u2019il apporte aux autres, en aucun cas, il a la possibilit\u00e9 de saisir \u00ab\u00a0le feu\u00a0\u00bb qui r\u00e9chauffera les membres de sa communaut\u00e9. Ce qui \u00e9meut au plus profond dans la d\u00e9marche de l\u2019auteure ce n\u2019est pas seulement sa g\u00e9n\u00e9rosit\u00e9 mais aussi la reconnaissance de sa propre fragilit\u00e9. Celui ou celle qui donne sans retenue, peut du jour au lendemain tomber, fracass\u00e9 par l\u2019incompr\u00e9hension des autres. A parcourir le monde au niveau d\u2019exigence et de libert\u00e9 enseign\u00e9es par ce p\u00e8re, on ne peut<span style=\"mso-spacerun: yes;\">\u00a0 <\/span>que souffrir tant l\u2019\u00e9cart est grand entre une plan\u00e8te \u00e0 feu et \u00e0 sang et un univers que des \u00eatres de puret\u00e9 peuvent imaginer. Le p\u00e8re de Belinda vivait sans garde fou. Celui qui donnait tout<span style=\"mso-spacerun: yes;\">\u00a0 <\/span>\u00e9tait solitaire. Pure \u00e9motion il \u00e9tait incapable de transiger. Elle, Belinda, enseigne, \u00e9crit. Elle est son p\u00e8re mais aussi autre. Peut \u00eatre quelqu\u2019un de mieux arm\u00e9 sans pour autant s\u2019\u00eatre construit la moindre carapace. Exigeante, incapable de faux semblants, refusant toute \u00e9criture brumeuse ou alibi, elle sait aussi qu\u2019elle est capable de tomber. Seul le mouvement de la vie, seule la prise de risque<span style=\"mso-spacerun: yes;\">\u00a0 <\/span>qu\u2019elle assume fi\u00e8rement, pourra l\u2019en emp\u00eacher. Belinda Cannone est d\u00e9cid\u00e9ment une belle personne.<\/p>\n<p class=\"MsoNormal\">\u00a0FB<\/p>\n<p class=\"MsoNormal\">\u00a0<strong style=\"mso-bidi-font-weight: normal;\">Belinda Cannone<\/strong><\/p>\n<p class=\"MsoNormal\">\u00a0<strong style=\"mso-bidi-font-weight: normal;\">Le don du passeur<\/strong><\/p>\n<p class=\"MsoNormal\">\u00a0<strong style=\"mso-bidi-font-weight: normal;\">Editions Stock<\/strong><\/p>\n<p class=\"MsoNormal\" style=\"mso-margin-top-alt: auto; mso-margin-bottom-alt: auto;\"><strong><span style=\"font-family: Times; mso-bidi-font-family: 'Times New Roman';\">\u00a0A lire sur le site Ardemment.com un\u00a0 entretien \u2013 de Claire Tencin avec\u00a0 <\/span><\/strong><strong><span style=\"font-family: Times; mso-bidi-font-family: 'Times New Roman';\">Belinda Cannone.<\/span><\/strong><\/p>\n<p class=\"MsoNormal\" style=\"mso-margin-top-alt: auto; mso-margin-bottom-alt: auto;\"><em><strong>extrait<\/strong><\/em><\/p>\n<p>&nbsp;<\/p>\n<p class=\"MsoNormal\" style=\"mso-margin-top-alt: auto; mso-margin-bottom-alt: auto;\"><span style=\"font-family: Times; mso-bidi-font-family: 'Times New Roman';\">\u00a0<strong>Depuis <em>La Chair du temps<\/em>, il me semble que tu t\u2019es engag\u00e9e dans une \u00e9criture plus intimiste que tu poursuis avec <em>Le Don du passeur <\/em>malgr\u00e9 les pr\u00e9cautions que tu prends au d\u00e9but de ce livre pour te d\u00e9fendre de parler de toi. S\u2019agit-il d\u2019un tournant d\u00e9finitif\u00a0? <\/strong><br \/>\nJ\u2019avais commenc\u00e9 \u00e0 \u00e9crire <em>Le Don du passeur<\/em> avant ce que j\u2019ai nomm\u00e9 \u00ab\u00a0journal extime\u00a0\u00bb, <em>La Chair du temps<\/em>, c\u2019est-\u00e0-dire avant le 11 mars 2011, date \u00e0 laquelle j\u2019ai d\u00e9couvert le cambriolage qui m\u2019a priv\u00e9e de tous mes documents personnels (journaux, correspondance, photos). J\u2019avais \u00e9crit ce journal sans \u00eatre s\u00fbre de vouloir le publier, d\u2019o\u00f9 ma facilit\u00e9 \u00e0 utiliser un \u00ab\u00a0Je\u00a0\u00bb qui, pour la premi\u00e8re fois, n\u2019\u00e9tait pas fictif. Mais ainsi, en le publiant finalement, je me suis autoris\u00e9 un certain rapport \u00e0 l\u2019\u00e9criture de soi, en me prenant en quelque sorte par surprise. Cependant, je ne crois pas avoir pris un tournant d\u00e9finitif\u00a0: j\u2019ai \u00e9prouv\u00e9 le besoin d\u2019\u00e9crire ce portrait de mon p\u00e8re, <em>Le Don du passeur<\/em>, mais, que je sache, il ne me semble pas que j\u2019aurai envie \u2013 ou besoin \u2013 de revenir \u00e0 ce type d\u2019\u00e9criture. Je n\u2019ai pas le sentiment d\u2019avoir ouvert une nouvelle veine mais simplement d\u2019avoir \u00e9crit sous la pression des circonstances (pour <em>La Chair du temps<\/em>), puis de la reconnaissance (pour <em>Le Don du passeur<\/em>). Ce seront peut-\u00eatre mes deux seuls r\u00e9cits. <\/span><\/p>\n<p>&nbsp;<\/p>\n<p>&nbsp;<\/p>\n<p class=\"MsoNormal\"><span style=\"mso-fareast-font-family: 'Times New Roman'; mso-bidi-font-family: 'Times New Roman';\"><br \/>\n<\/span><\/p>\n<p class=\"MsoNormal\"><span style=\"mso-fareast-font-family: 'Times New Roman'; mso-bidi-font-family: 'Times New Roman';\">\u00a0<\/span><\/p>\n<p class=\"MsoNormal\" style=\"mso-margin-top-alt: auto; mso-margin-bottom-alt: auto;\"><span style=\"font-family: Times; mso-bidi-font-family: 'Times New Roman';\"><br \/>\n<strong>Apr\u00e8s l\u2019\u00e9criture de <em>La<\/em> <em>Chair du temps<\/em>, as-tu envisag\u00e9 <em>Le Don du passeur<\/em> diff\u00e9remment\u00a0? <\/strong><br \/>\nOui, tr\u00e8s. Le journal extime avait coul\u00e9, chronologique et donc fluide, comme tout journal, tandis que je me suis beaucoup battue avec la forme du <em>Don du passeur<\/em>. A mi-chemin, en juillet 2012, j\u2019avais presque d\u00e9cid\u00e9 d\u2019arr\u00eater, car je n\u2019y arrivais pas\u00a0: je ne voulais pas parler de moi, seulement d\u2019un p\u00e8re, mais ce p\u00e8re \u00e9tait celui d\u2019un \u00e9crivain, lequel \u00e9tait en train d\u2019\u00e9crire un livre sur lui. Alors comment ne pas parler de cet \u00e9crivain\u00a0? C\u2019\u00e9tait impossible. Puis j\u2019ai d\u00e9couvert que ce qui m\u2019int\u00e9ressait, c\u2019\u00e9tait justement la transmission. Le projet initial \u00e9tait de peindre le \u00ab\u00a0type moral\u00a0\u00bb qu\u2019avait incarn\u00e9 mon p\u00e8re, mais en cours <\/span><\/p>\n<p class=\"MsoNormal\" style=\"mso-margin-top-alt: auto; mso-margin-bottom-alt: auto;\"><span style=\"font-family: Times; mso-bidi-font-family: 'Times New Roman';\">de route je me suis aper\u00e7ue que la question de ce qu\u2019il m\u2019avait donn\u00e9, son legs, m\u2019importait tout autant. Je me pr\u00e9sente depuis longtemps comme le \u00ab\u00a0bras arm\u00e9 d\u2019une plume\u00a0\u00bb de mon p\u00e8re. Tout ce que je suis, une grande part de ce que j\u2019\u00e9cris, r\u00e9sultent d\u2019une \u00e9laboration \u00e0 partir de quelques id\u00e9es, intuitions, suggestions originelles qui m\u2019ont \u00e9t\u00e9 transmises par mon p\u00e8re. Donc il fallait \u00e9voquer mon p\u00e8re, mais aussi moi, sa fille\u00a0: \u00e0 partir du moment o\u00f9 j\u2019ai admis de m\u2019inclure dans ce livre, il a trouv\u00e9 sa forme.<\/span><\/p>\n<p class=\"MsoNormal\" style=\"mso-margin-top-alt: auto; mso-margin-bottom-alt: auto;\"><span style=\"font-family: Times; mso-bidi-font-family: 'Times New Roman';\">.<em>&#8230;Suite de l&rsquo;entretien avec Belinda Cannone sur le site de Claire Tencin<\/em><br \/>\n<\/span><\/p>\n<p>\u00a0http:\/\/www.ardemment.com\/articles\/belinda-cannone-don-passeur-entretien.php<\/p>\n<p>www.ardemment.com<\/p>\n<p>&nbsp;<\/p>\n<p>&nbsp;<\/p>\n<p><em>\u00a0<\/em><\/p>\n<p class=\"MsoNormal\" style=\"mso-margin-top-alt: auto; mso-margin-bottom-alt: auto;\">\n","protected":false},"excerpt":{"rendered":"<p>Le don du passeur de Belinda Cannone\u00a0. Nous sommes plus de sept milliards d\u2019individus \u00e0 la surface de la plan\u00e8te terre. Est-ce \u00e0 dire que nous repr\u00e9sentons autant de centres de d\u00e9cision et d\u2019intelligence\u00a0 autonomes\u00a0? Beaucoup d\u2019entre nous en sont persuad\u00e9s et consacrent en cons\u00e9quence une \u00e9nergie d\u00e9bordante \u00e0 vouloir identifier ce qui nous s\u00e9pare [&hellip;]<\/p>\n","protected":false},"author":1,"featured_media":6999,"comment_status":"open","ping_status":"open","sticky":false,"template":"","format":"standard","meta":[],"categories":[1],"tags":[69,270],"_links":{"self":[{"href":"http:\/\/cafaitdesordre.com\/blog\/wp-json\/wp\/v2\/posts\/5493"}],"collection":[{"href":"http:\/\/cafaitdesordre.com\/blog\/wp-json\/wp\/v2\/posts"}],"about":[{"href":"http:\/\/cafaitdesordre.com\/blog\/wp-json\/wp\/v2\/types\/post"}],"author":[{"embeddable":true,"href":"http:\/\/cafaitdesordre.com\/blog\/wp-json\/wp\/v2\/users\/1"}],"replies":[{"embeddable":true,"href":"http:\/\/cafaitdesordre.com\/blog\/wp-json\/wp\/v2\/comments?post=5493"}],"version-history":[{"count":1,"href":"http:\/\/cafaitdesordre.com\/blog\/wp-json\/wp\/v2\/posts\/5493\/revisions"}],"predecessor-version":[{"id":7000,"href":"http:\/\/cafaitdesordre.com\/blog\/wp-json\/wp\/v2\/posts\/5493\/revisions\/7000"}],"wp:featuredmedia":[{"embeddable":true,"href":"http:\/\/cafaitdesordre.com\/blog\/wp-json\/wp\/v2\/media\/6999"}],"wp:attachment":[{"href":"http:\/\/cafaitdesordre.com\/blog\/wp-json\/wp\/v2\/media?parent=5493"}],"wp:term":[{"taxonomy":"category","embeddable":true,"href":"http:\/\/cafaitdesordre.com\/blog\/wp-json\/wp\/v2\/categories?post=5493"},{"taxonomy":"post_tag","embeddable":true,"href":"http:\/\/cafaitdesordre.com\/blog\/wp-json\/wp\/v2\/tags?post=5493"}],"curies":[{"name":"wp","href":"https:\/\/api.w.org\/{rel}","templated":true}]}}