{"id":5380,"date":"2013-09-12T07:50:10","date_gmt":"2013-09-12T06:50:10","guid":{"rendered":"http:\/\/www.cafaitdesordre.com\/blog\/?p=5380"},"modified":"2014-05-15T19:44:23","modified_gmt":"2014-05-15T17:44:23","slug":"ou-sont-passe-les-hommes-6","status":"publish","type":"post","link":"http:\/\/cafaitdesordre.com\/blog\/2013\/09\/ou-sont-passe-les-hommes-6\/","title":{"rendered":"O\u00f9 sont pass\u00e9 les hommes ?"},"content":{"rendered":"<p class=\"MsoNormal\"><span style=\"font-size: 14.0pt; font-family: 'Abadi MT Condensed Light';\">O\u00f9 sont pass\u00e9 les hommes\u00a0? Que peut attendre d\u2019eux une jeune femme en souffrance ?<\/span><\/p>\n<div id=\"attachment_5397\" style=\"width: 160px\" class=\"wp-caption alignleft\"><a href=\"http:\/\/www.cafaitdesordre.com\/blog\/wp-content\/uploads\/images10.jpg\"><img aria-describedby=\"caption-attachment-5397\" decoding=\"async\" loading=\"lazy\" class=\"size-thumbnail wp-image-5397\" title=\"images\" src=\"http:\/\/www.cafaitdesordre.com\/blog\/wp-content\/uploads\/images10-150x150.jpg\" alt=\"\" width=\"150\" height=\"150\" \/><\/a><p id=\"caption-attachment-5397\" class=\"wp-caption-text\">C. Catherine H\u00e9lie Gallimard<\/p><\/div>\n<p class=\"MsoNormal\"><span style=\"font-size: 14.0pt; font-family: 'Abadi MT Condensed Light';\">L\u2019un est parti loin. Au t\u00e9l\u00e9phone, dans ses lettres, Il lui parle d\u2019amour, de vivre ensemble dans un vrai appartement, loin des chambres d\u2019h\u00f4tel. L\u2019autre est bless\u00e9 et va sans doute partir. <span style=\"mso-spacerun: yes;\">\u00a0<\/span>Joubra, la narratrice vit dans un espace d\u2019incertitudes born\u00e9 par les insomnies, les songes et les temp\u00eates. Ce qui est fantastique dans \u00ab\u00a0Le r\u00eave de l\u2019autre\u00a0\u00bb le nouveau roman de Milena Hirsch, c\u2019est que toutes les angoisses, peurs et fantasmes qui <span style=\"mso-spacerun: yes;\">\u00a0<\/span>traversent son h\u00e9ro\u00efne, transforment de fond en comble le paysage <span style=\"mso-spacerun: yes;\">\u00a0<\/span>de la ville. Paris n\u2019est plus une capitale culturelle, une ville mus\u00e9e, mais un espace vibrant entre mer et d\u00e9sert o\u00f9 la force des vagues ne cesse de naufrager une jeune femme chass\u00e9e <span style=\"mso-spacerun: yes;\">\u00a0<\/span>de son avenir et de ses sentiments. Le rythme des phrases de Milena Hirsch donne une r\u00e9alit\u00e9 physique \u00e0 ce va et vient fracassant qui assomme les \u00eatres sensibles et les laisse inertes sur le rivage. A travers lambeaux de r\u00e9alit\u00e9 et de d\u00e9sir, un chemin d\u2019errance est esquiss\u00e9 au creux d\u2019 un monde somnambule.<\/span><\/p>\n<p class=\"MsoNormal\"><span style=\"font-size: 14.0pt; font-family: 'Abadi MT Condensed Light';\">La figure tut\u00e9laire d\u2019Albert Cossery, grand voyageur de l\u2019imaginaire<span style=\"mso-spacerun: yes;\">\u00a0 <\/span>qui occupa pendant 60 ans la chambre 58 de l\u2019h\u00f4tel de la Louisiane \u00e0 Paris <span style=\"mso-spacerun: yes;\">\u00a0<\/span>r\u00e8gne sur ce livre. Sa pr\u00e9sence discr\u00e8te et \u00e9nigmatique est celle de l\u2019infinie tendresse qu\u2019\u00e9prouvent les exil\u00e9s de la vie pour leurs semblables. Celui qui ne poss\u00e8de rien d\u2019autre que ce qu\u2019il a d\u00e9j\u00e0 v\u00e9cu est la g\u00e9n\u00e9rosit\u00e9 m\u00eame. Il est un phare <span style=\"mso-spacerun: yes;\">\u00a0<\/span>illuminant nos nuits incertaines. Voyageurs entre les lignes, voil\u00e0 un livre magnifique \u00e9crit \u00e0 votre intention.<\/span><\/p>\n<p class=\"MsoNormal\"><span style=\"font-size: 14.0pt; font-family: 'Abadi MT Condensed Light';\">\u00a0Fran\u00e7ois Bernheim<\/span><\/p>\n<p class=\"MsoNormal\"><span style=\"font-size: 14.0pt; font-family: 'Abadi MT Condensed Light';\">\u00a0<\/span><\/p>\n<p class=\"MsoNormal\"><strong style=\"mso-bidi-font-weight: normal;\"><span style=\"font-size: 14.0pt; font-family: 'Abadi MT Condensed Light';\">Le r\u00eave de l\u2019autre <\/span><\/strong><\/p>\n<p class=\"MsoNormal\"><strong style=\"mso-bidi-font-weight: normal;\"><span style=\"font-size: 14.0pt; font-family: 'Abadi MT Condensed Light';\">de Milena Hirsch<\/span><\/strong><\/p>\n<p class=\"MsoNormal\"><span style=\"font-size: 14.0pt; font-family: 'Abadi MT Condensed Light';\">Editions Jo\u00eblle Losfeld<\/span><\/p>\n<p>&nbsp;<\/p>\n<p>&nbsp;<\/p>\n<p>&nbsp;<\/p>\n<p>&nbsp;<\/p>\n<p>&nbsp;<\/p>\n<p>&nbsp;<\/p>\n<p>&nbsp;<\/p>\n<p>&nbsp;<\/p>\n<p>&nbsp;<\/p>\n<p>&nbsp;<\/p>\n","protected":false},"excerpt":{"rendered":"<p>O\u00f9 sont pass\u00e9 les hommes\u00a0? Que peut attendre d\u2019eux une jeune femme en souffrance ? L\u2019un est parti loin. Au t\u00e9l\u00e9phone, dans ses lettres, Il lui parle d\u2019amour, de vivre ensemble dans un vrai appartement, loin des chambres d\u2019h\u00f4tel. L\u2019autre est bless\u00e9 et va sans doute partir. \u00a0Joubra, la narratrice vit dans un espace d\u2019incertitudes [&hellip;]<\/p>\n","protected":false},"author":1,"featured_media":6943,"comment_status":"open","ping_status":"open","sticky":false,"template":"","format":"standard","meta":[],"categories":[1],"tags":[49,163,272,273,306],"_links":{"self":[{"href":"http:\/\/cafaitdesordre.com\/blog\/wp-json\/wp\/v2\/posts\/5380"}],"collection":[{"href":"http:\/\/cafaitdesordre.com\/blog\/wp-json\/wp\/v2\/posts"}],"about":[{"href":"http:\/\/cafaitdesordre.com\/blog\/wp-json\/wp\/v2\/types\/post"}],"author":[{"embeddable":true,"href":"http:\/\/cafaitdesordre.com\/blog\/wp-json\/wp\/v2\/users\/1"}],"replies":[{"embeddable":true,"href":"http:\/\/cafaitdesordre.com\/blog\/wp-json\/wp\/v2\/comments?post=5380"}],"version-history":[{"count":1,"href":"http:\/\/cafaitdesordre.com\/blog\/wp-json\/wp\/v2\/posts\/5380\/revisions"}],"predecessor-version":[{"id":7082,"href":"http:\/\/cafaitdesordre.com\/blog\/wp-json\/wp\/v2\/posts\/5380\/revisions\/7082"}],"wp:featuredmedia":[{"embeddable":true,"href":"http:\/\/cafaitdesordre.com\/blog\/wp-json\/wp\/v2\/media\/6943"}],"wp:attachment":[{"href":"http:\/\/cafaitdesordre.com\/blog\/wp-json\/wp\/v2\/media?parent=5380"}],"wp:term":[{"taxonomy":"category","embeddable":true,"href":"http:\/\/cafaitdesordre.com\/blog\/wp-json\/wp\/v2\/categories?post=5380"},{"taxonomy":"post_tag","embeddable":true,"href":"http:\/\/cafaitdesordre.com\/blog\/wp-json\/wp\/v2\/tags?post=5380"}],"curies":[{"name":"wp","href":"https:\/\/api.w.org\/{rel}","templated":true}]}}