{"id":5284,"date":"2013-09-19T11:08:17","date_gmt":"2013-09-19T10:08:17","guid":{"rendered":"http:\/\/www.cafaitdesordre.com\/blog\/?p=5284"},"modified":"2014-05-15T19:37:56","modified_gmt":"2014-05-15T17:37:56","slug":"lechappee-belle","status":"publish","type":"post","link":"http:\/\/cafaitdesordre.com\/blog\/2013\/09\/lechappee-belle\/","title":{"rendered":"L\u2019\u00e9chapp\u00e9e belle"},"content":{"rendered":"<p class=\"MsoNormal\" style=\"tab-stops: 63.8pt;\">\u00a0<span style=\"font-size: 14.0pt; font-family: 'Abadi MT Condensed Light';\">Suis-je autoris\u00e9 \u00e0 dire autre chose que le silence\u00a0? <span style=\"mso-spacerun: yes;\">\u00a0<\/span>Oui , car le silence est au bout du conte\u2026 Je pourrais balbutier quelques mots maladroits mais encore tendres pour dire ou<span style=\"mso-spacerun: yes;\">\u00a0 <\/span>chuchoter mon \u00e9merveillement face au livre \u00ab\u00a0<strong>Le parti pris des animaux\u00a0\u00bbde Jean- Christophe Bailly\u00a0\u00bb.<\/strong> Voil\u00e0 un ouvrage<span style=\"mso-spacerun: yes;\">\u00a0 <\/span>qui nous<\/span><\/p>\n<div id=\"attachment_5289\" style=\"width: 160px\" class=\"wp-caption alignleft\"><a href=\"http:\/\/www.cafaitdesordre.com\/blog\/wp-content\/uploads\/images7.jpg\"><img aria-describedby=\"caption-attachment-5289\" decoding=\"async\" loading=\"lazy\" class=\"size-thumbnail wp-image-5289\" title=\"images\" src=\"http:\/\/www.cafaitdesordre.com\/blog\/wp-content\/uploads\/images7-150x150.jpg\" alt=\"\" width=\"150\" height=\"150\" \/><\/a><p id=\"caption-attachment-5289\" class=\"wp-caption-text\">Jean-Christophe Bailly<\/p><\/div>\n<p class=\"MsoNormal\" style=\"tab-stops: 63.8pt;\"><span style=\"font-size: 14.0pt; font-family: 'Abadi MT Condensed Light';\">annonce que <span style=\"mso-spacerun: yes;\">\u00a0<\/span>nous avons un ventre, un c\u0153ur, une t\u00eate au bout des pieds et que ces organes entrent en interaction \u00e0 travers l\u2019exp\u00e9rience vivante qui est la n\u00f4tre. La n\u00f4tre c\u2019est \u00e0 dire celle de tous ceux qui vivent ,les animaux s\u00fbrement , les pierres pourquoi pas. Si l\u2019univers est langages, alors nous avons \u00e0 nous ouvrir au myst\u00e8re multiple des existants. Toute<span style=\"mso-spacerun: yes;\">\u00a0 <\/span>forme de vie est intelligence de la vie, il n\u2019est pas besoin d\u2019introduire une hi\u00e9rarchie. Il est plus int\u00e9ressant de s\u2019ouvrir de laisser respirer la vie. Parce que nous en avons invit\u00e9 un certain nombre dans nos maisons, nous croyons que les animaux sont proches de nous ou plut\u00f4t nous effor\u00e7ons de croire cela<span style=\"mso-spacerun: yes;\">\u00a0 <\/span>en en faisant des porte-parole serviles. Ou alors nous en servons comme poubelle. Nous consid\u00e9rons que ce qui n\u2019est pas tr\u00e8s beau, pas tr\u00e8s propre chez nous est notre animalit\u00e9. JCB r\u00e9cuse cette notion .Derri\u00e8re elle un double alibi, un double refus, celui de nous conna\u00eetre, celui de les conna\u00eetre. Ponge avait pris le parti des choses, Bailly celui des animaux. Ce qu\u2019il en dit donne le vertige. L\u2019animal, c\u2019est <span style=\"mso-spacerun: yes;\">\u00a0<\/span>l\u2019autre, presque l\u2019\u00e9tranger absolu, une connaissance impossible et c\u2019est justement cette impossibilit\u00e9 qui est f\u00e9conde. Elle nous oblige \u00e0 nous interroger sur ce qui nous \u00e9chappe. Au lieu de cultiver la d\u00e9solation, nous devrions en \u00eatre joyeux. Ce que dit, ce que pense un animal nous \u00e9chappe \u00e0 travers une diff\u00e9rence en forme d\u2019ab\u00eeme. Et si <span style=\"mso-spacerun: yes;\">\u00a0<\/span>le sens justement \u00e9tait l\u00e0 , dans cette \u00e9chapp\u00e9e. En marchant, en se promenant comme l\u2019auteur, on peut voir des oiseaux s\u2019envoler, on peut sans doute essayer de <span style=\"mso-spacerun: yes;\">\u00a0<\/span>ramper, bondir et tenter d\u2019avancer en sachant que l\u2019on ignore tout. Il y a dans ce grand petit livre une tentative joliment amorc\u00e9e de d\u00e9colonisation des esprits. Cessons d\u2019annexer, de classer, d\u2019enfermer\u00a0. JCB invente une d\u00e9marche qui serait au centre de la r\u00e9flexion et d\u2019une po\u00e9tique, une sorte d\u2019ignorance cognitive. Ainsi on a une petite id\u00e9e de ce qu\u2019apporte la lumi\u00e8re dans le trou minuscule o\u00f9 nous la faisons entrer. Entrer dans le parti pris des animaux, c\u2019est entrer dans un monde qui nous laisse stup\u00e9faits mais en mouvement. Le livre est compos\u00e9 d\u2019articles, c\u2019est \u00e0 dire de fragments \u00e9pars, de chemins en d\u00e9sordre. Il n\u2019y a pas de voie royale en dehors du plaisir de la d\u00e9couverte. Le lecteur pris par la main et l\u00e2ch\u00e9 avec bonheur dans l\u2019obscurit\u00e9 prend alors un immense plaisir \u00e0 imaginer la suite. Tout reste \u00e0 d\u00e9couvrir. Merci.<\/span><\/p>\n<p>&nbsp;<\/p>\n<p class=\"MsoNormal\" style=\"tab-stops: 63.8pt;\"><span style=\"font-size: 14.0pt; font-family: 'Abadi MT Condensed Light';\">Fran\u00e7ois Bernheim<\/span><\/p>\n<p>&nbsp;<\/p>\n<p class=\"MsoNormal\" style=\"tab-stops: 63.8pt;\"><span style=\"font-size: 14.0pt; font-family: 'Abadi MT Condensed Light';\">\u00a0<\/span><\/p>\n<p>&nbsp;<\/p>\n<p class=\"MsoNormal\" style=\"tab-stops: 63.8pt;\"><span style=\"font-size: 14.0pt; font-family: 'Abadi MT Condensed Light';\">\u00a0<\/span><\/p>\n<p>&nbsp;<\/p>\n<p class=\"MsoNormal\" style=\"tab-stops: 63.8pt;\"><strong style=\"mso-bidi-font-weight: normal;\"><span style=\"font-size: 14.0pt; font-family: 'Abadi MT Condensed Light';\">Le parti pris des animaux<\/span><\/strong><\/p>\n<p>&nbsp;<\/p>\n<p class=\"MsoNormal\" style=\"tab-stops: 63.8pt;\"><strong style=\"mso-bidi-font-weight: normal;\"><span style=\"font-size: 14.0pt; font-family: 'Abadi MT Condensed Light';\">de Jean Christophe Bailly<\/span><\/strong><\/p>\n<p>&nbsp;<\/p>\n<p class=\"MsoNormal\" style=\"tab-stops: 63.8pt;\"><span style=\"font-size: 14.0pt; font-family: 'Abadi MT Condensed Light';\">Editions Christian Bourgois<\/span><\/p>\n<p>&nbsp;<\/p>\n<p class=\"MsoNormal\" style=\"tab-stops: 63.8pt;\"><span style=\"font-size: 14.0pt; font-family: 'Abadi MT Condensed Light';\">\u00a0<\/span><\/p>\n<p>&nbsp;<\/p>\n<p class=\"MsoNormal\" style=\"tab-stops: 63.8pt;\"><em style=\"mso-bidi-font-style: normal;\"><span style=\"font-size: 14.0pt; font-family: 'Abadi MT Condensed Light';\">A signaler un tr\u00e8s bel article de Maurice Mourier sur ce livre <span style=\"mso-spacerun: yes;\">\u00a0<\/span>dans la Quinzaine litt\u00e9raire n\u00b01084 du 16 Mai dernier.<\/span><\/em><\/p>\n<p>&nbsp;<\/p>\n<p>&nbsp;<\/p>\n<p class=\"MsoNormal\" style=\"tab-stops: 63.8pt;\"><strong style=\"mso-bidi-font-weight: normal;\"><span style=\"font-size: 14.0pt; font-family: 'Abadi MT Condensed Light';\"><br \/>\n<\/span><\/strong><\/p>\n<p>&nbsp;<\/p>\n<p class=\"MsoNormal\" style=\"tab-stops: 63.8pt;\"><span style=\"font-size: 14.0pt; font-family: 'Abadi MT Condensed Light';\">\u00a0<\/span><\/p>\n<p>&nbsp;<\/p>\n<p class=\"MsoNormal\" style=\"tab-stops: 63.8pt;\"><span style=\"font-size: 14.0pt; font-family: 'Abadi MT Condensed Light';\">\u00a0<\/span><\/p>\n<p>&nbsp;<\/p>\n<p class=\"MsoNormal\" style=\"tab-stops: 63.8pt;\"><span style=\"font-size: 14.0pt; font-family: 'Abadi MT Condensed Light';\">\u00a0<\/span><\/p>\n<p>&nbsp;<\/p>\n<p class=\"MsoNormal\" style=\"tab-stops: 63.8pt;\"><strong style=\"mso-bidi-font-weight: normal;\"><span style=\"font-size: 14.0pt; font-family: 'Abadi MT Condensed Light';\">Le parti pris des animaux<\/span><\/strong><\/p>\n<p>&nbsp;<\/p>\n<p class=\"MsoNormal\" style=\"tab-stops: 63.8pt;\"><strong style=\"mso-bidi-font-weight: normal;\"><span style=\"font-size: 14.0pt; font-family: 'Abadi MT Condensed Light';\">de Jean Christophe Bailly<\/span><\/strong><\/p>\n<p>&nbsp;<\/p>\n<p class=\"MsoNormal\" style=\"tab-stops: 63.8pt;\"><span style=\"font-size: 14.0pt; font-family: 'Abadi MT Condensed Light';\">Editions Christian Bourgois<\/span><\/p>\n<p>&nbsp;<\/p>\n<p class=\"MsoNormal\" style=\"tab-stops: 63.8pt;\"><span style=\"font-size: 14.0pt; font-family: 'Abadi MT Condensed Light';\">\u00a0<\/span><\/p>\n<p>&nbsp;<\/p>\n<p class=\"MsoNormal\" style=\"tab-stops: 63.8pt;\"><em style=\"mso-bidi-font-style: normal;\"><span style=\"font-size: 14.0pt; font-family: 'Abadi MT Condensed Light';\">A signaler un tr\u00e8s bel article de Maurice Mourier sur ce livre <span style=\"mso-spacerun: yes;\">\u00a0<\/span>dans la Quinzaine litt\u00e9raire n\u00b01084 du 16 Mai dernier.<\/span><\/em><\/p>\n<p>&nbsp;<\/p>\n<p class=\"MsoNormal\"><span style=\"font-family: 'Abadi MT Condensed Light';\">\u00a0<\/span><\/p>\n<p>&nbsp;<\/p>\n","protected":false},"excerpt":{"rendered":"<p>\u00a0Suis-je autoris\u00e9 \u00e0 dire autre chose que le silence\u00a0? \u00a0Oui , car le silence est au bout du conte\u2026 Je pourrais balbutier quelques mots maladroits mais encore tendres pour dire ou\u00a0 chuchoter mon \u00e9merveillement face au livre \u00ab\u00a0Le parti pris des animaux\u00a0\u00bbde Jean- Christophe Bailly\u00a0\u00bb. Voil\u00e0 un ouvrage\u00a0 qui nous annonce que \u00a0nous avons un [&hellip;]<\/p>\n","protected":false},"author":1,"featured_media":6938,"comment_status":"open","ping_status":"open","sticky":false,"template":"","format":"video","meta":[],"categories":[1],"tags":[153,236,271],"_links":{"self":[{"href":"http:\/\/cafaitdesordre.com\/blog\/wp-json\/wp\/v2\/posts\/5284"}],"collection":[{"href":"http:\/\/cafaitdesordre.com\/blog\/wp-json\/wp\/v2\/posts"}],"about":[{"href":"http:\/\/cafaitdesordre.com\/blog\/wp-json\/wp\/v2\/types\/post"}],"author":[{"embeddable":true,"href":"http:\/\/cafaitdesordre.com\/blog\/wp-json\/wp\/v2\/users\/1"}],"replies":[{"embeddable":true,"href":"http:\/\/cafaitdesordre.com\/blog\/wp-json\/wp\/v2\/comments?post=5284"}],"version-history":[{"count":1,"href":"http:\/\/cafaitdesordre.com\/blog\/wp-json\/wp\/v2\/posts\/5284\/revisions"}],"predecessor-version":[{"id":7081,"href":"http:\/\/cafaitdesordre.com\/blog\/wp-json\/wp\/v2\/posts\/5284\/revisions\/7081"}],"wp:featuredmedia":[{"embeddable":true,"href":"http:\/\/cafaitdesordre.com\/blog\/wp-json\/wp\/v2\/media\/6938"}],"wp:attachment":[{"href":"http:\/\/cafaitdesordre.com\/blog\/wp-json\/wp\/v2\/media?parent=5284"}],"wp:term":[{"taxonomy":"category","embeddable":true,"href":"http:\/\/cafaitdesordre.com\/blog\/wp-json\/wp\/v2\/categories?post=5284"},{"taxonomy":"post_tag","embeddable":true,"href":"http:\/\/cafaitdesordre.com\/blog\/wp-json\/wp\/v2\/tags?post=5284"}],"curies":[{"name":"wp","href":"https:\/\/api.w.org\/{rel}","templated":true}]}}