{"id":5100,"date":"2013-02-27T11:48:31","date_gmt":"2013-02-27T10:48:31","guid":{"rendered":"http:\/\/www.cafaitdesordre.com\/blog\/?p=5100"},"modified":"2014-05-18T00:08:40","modified_gmt":"2014-05-17T22:08:40","slug":"lumieres-de-pointe-noire-dalain-mabanckou","status":"publish","type":"post","link":"http:\/\/cafaitdesordre.com\/blog\/2013\/02\/lumieres-de-pointe-noire-dalain-mabanckou\/","title":{"rendered":"Lumi\u00e8res de Pointe-Noire d&rsquo;Alain Mabanckou"},"content":{"rendered":"<p><strong>Lumi\u00e8res de Pointe -Noire d&rsquo;Alain Mabanckou<\/strong><\/p>\n<p>Editions le Seuil\u00a0\u00a0 &#8212;&#8212;&#8212;&#8212;&#8211;<\/p>\n<p>Un grand livre est\u00a0 in\u00e9puisable. Ceux qui voient dans \u00ab\u00a0Lumi\u00e8res de Pointe-Noire\u00a0\u00bb \u00a0un vibrant hommage \u00e0 \u00ab\u00a0maman Pauline\u00a0\u00bb la m\u00e8re de l\u2019auteur, ainsi qu\u2019aux\u00a0 personnages\u00a0 hauts en couleur qui gravitent autour d\u2019elle, ont mille fois raison. D\u2019autant que dans ce pays, le Congo se sont les femmes qui organisent l\u2019univers et donnent donc la possibilit\u00e9 de raconter des histoires. Ici les femmes sont donc ici cr\u00e9atrices de mythologie. Avant m\u00eame que le livre ne commence, notre univers de r\u00e9f\u00e9rence se met \u00e0 chavirer.<\/p>\n<p>Derni\u00e8re ligne du texte figurant en exergue\u00a0: \u00ab\u00a0 Un gamin va na\u00eetre jadis\u00a0\u00bb O\u00f9 est-on dans le pass\u00e9, le futur\u00a0? on ne sait plus .<\/p>\n<p>Premi\u00e8re ligne du premier chapitre intitul\u00e9 la femme aux miracles<\/p>\n<p>\u00ab\u00a0 j\u2019ai longtemps laiss\u00e9 croire que ma m\u00e8re \u00e9tait encore vivante\u00a0\u00bb<\/p>\n<p>la premi\u00e8re pierre de l\u2019\u00e9difice est d\u2019une force peu commune. Elle exprime sans d\u00e9tour la blessure ressentie et la difficult\u00e9 \u00e0 faire son deuil, mais au del\u00e0, les phrases pr\u00e9cit\u00e9es t\u00e9moignent d\u2019une relation au temps tr\u00e8s sp\u00e9cifique. Alain Mabanckou de retour au pays apr\u00e8s vingt trois ans d\u2019absence ne va pas \u00e9crire une nouvelle recherche du temps perdu couleur d\u2019Afrique. Dans une culture d\u00e9j\u00e0 occidentalis\u00e9e mais qui reste encore tr\u00e8s vivante, le pass\u00e9, le pr\u00e9sent et le futur improvisent une gigue d\u2019une vigueur peu banale. Ce catapultage r\u00e9unit. Il est cr\u00e9ateur d\u2019osmose, d\u2019\u00e9nergie au temps pr\u00e9sent. D\u2019o\u00f9 le charme d\u2019un r\u00e9cit \u00a0chahut\u00e9 dans son contenu mais totalement apais\u00e9 dans son \u00e9criture. Alors qu\u2019Alain Mabanckou vivant entre la France et les Etats Unis prend sur lui de quitter un continent o\u00f9 tout est organis\u00e9, s\u00e9par\u00e9, \u00e0 la seule fin de rendre justice au monde de son enfance. Son entreprise est aussi\u00a0 violente pour lui m\u00eame que protectrice pour ceux qu\u2019il d\u00e9crit.<\/p>\n<p>Qu\u2019il s\u2019agisse de sa grand m\u00e8re, de sa m\u00e8re qui lisait le journal \u00e0 l\u2019envers soit disant pour savoir s\u2019il serait capable de la d\u00e9busquer, ou encore de son p\u00e8re, r\u00e9ceptionniste dans un h\u00f4tel, ou de son oncle, tous ces personnages populaires ne sont ni \u00a0plus ni moins que les h\u00e9ros d\u2019une humanit\u00e9 transcend\u00e9e par la proximit\u00e9 bienveillante des uns aux autres.<\/p>\n<p>Bien s\u00fbr il peut en \u00eatre autrement. Un jour, son p\u00e8re est menac\u00e9 par un importun dans l\u2019exercice l\u00e9gitime de son imp\u00e9rium. Une exp\u00e9dition punitive est organis\u00e9e pour le r\u00e9tablir dans le juste exercice de ses fonctions.<\/p>\n<p>Celui qui a r\u00e9ussi gr\u00e2ce \u00e0 l\u2019abn\u00e9gation de sa m\u00e8re et la truculence de son peuple \u00e0 devenir \u00e9crivain doit acquitter sa dette. Tous les cousins, fr\u00e8res et s\u0153urs d\u2019un autre lit qui r\u00e9clament leur petite enveloppe le savent bien. Ce harc\u00e8lement ne manque pas d\u2019irriter l\u2019auteur, mais en m\u00eame temps, on sent que l\u00e0 aussi rien n\u2019est s\u00e9par\u00e9\u00a0: \u00e9motions, mythologie ,argent, histoires de vie, aucun faux semblant ne les dissimule \u00e0 la vue de chacun.<\/p>\n<p>Comment rendre compte de ce monde l\u00e0 si puissant et fragile \u00e0 la fois\u00a0?\u00a0 En s\u2019exprimant avec la plus grande pudeur et un \u00a0souci exemplaire de v\u00e9racit\u00e9 \u00a0certes, mais aussi en ayant l\u2019audace de savoir mentir, car sans fiction comment approcher la v\u00e9rit\u00e9 po\u00e9tique du monde\u00a0?<\/p>\n<p>F.Bernheim<\/p>\n<p>&nbsp;<\/p>\n<p>&nbsp;<\/p>\n","protected":false},"excerpt":{"rendered":"<p>Lumi\u00e8res de Pointe -Noire d&rsquo;Alain Mabanckou Editions le Seuil\u00a0\u00a0 &#8212;&#8212;&#8212;&#8212;&#8211; Un grand livre est\u00a0 in\u00e9puisable. Ceux qui voient dans \u00ab\u00a0Lumi\u00e8res de Pointe-Noire\u00a0\u00bb \u00a0un vibrant hommage \u00e0 \u00ab\u00a0maman Pauline\u00a0\u00bb la m\u00e8re de l\u2019auteur, ainsi qu\u2019aux\u00a0 personnages\u00a0 hauts en couleur qui gravitent autour d\u2019elle, ont mille fois raison. D\u2019autant que dans ce pays, le Congo se sont [&hellip;]<\/p>\n","protected":false},"author":1,"featured_media":7140,"comment_status":"open","ping_status":"open","sticky":false,"template":"","format":"standard","meta":[],"categories":[1],"tags":[46,125,283],"_links":{"self":[{"href":"http:\/\/cafaitdesordre.com\/blog\/wp-json\/wp\/v2\/posts\/5100"}],"collection":[{"href":"http:\/\/cafaitdesordre.com\/blog\/wp-json\/wp\/v2\/posts"}],"about":[{"href":"http:\/\/cafaitdesordre.com\/blog\/wp-json\/wp\/v2\/types\/post"}],"author":[{"embeddable":true,"href":"http:\/\/cafaitdesordre.com\/blog\/wp-json\/wp\/v2\/users\/1"}],"replies":[{"embeddable":true,"href":"http:\/\/cafaitdesordre.com\/blog\/wp-json\/wp\/v2\/comments?post=5100"}],"version-history":[{"count":1,"href":"http:\/\/cafaitdesordre.com\/blog\/wp-json\/wp\/v2\/posts\/5100\/revisions"}],"predecessor-version":[{"id":7139,"href":"http:\/\/cafaitdesordre.com\/blog\/wp-json\/wp\/v2\/posts\/5100\/revisions\/7139"}],"wp:featuredmedia":[{"embeddable":true,"href":"http:\/\/cafaitdesordre.com\/blog\/wp-json\/wp\/v2\/media\/7140"}],"wp:attachment":[{"href":"http:\/\/cafaitdesordre.com\/blog\/wp-json\/wp\/v2\/media?parent=5100"}],"wp:term":[{"taxonomy":"category","embeddable":true,"href":"http:\/\/cafaitdesordre.com\/blog\/wp-json\/wp\/v2\/categories?post=5100"},{"taxonomy":"post_tag","embeddable":true,"href":"http:\/\/cafaitdesordre.com\/blog\/wp-json\/wp\/v2\/tags?post=5100"}],"curies":[{"name":"wp","href":"https:\/\/api.w.org\/{rel}","templated":true}]}}