{"id":4247,"date":"2012-04-06T17:33:53","date_gmt":"2012-04-06T16:33:53","guid":{"rendered":"http:\/\/www.cafaitdesordre.com\/blog\/?p=4247"},"modified":"2012-04-06T17:33:53","modified_gmt":"2012-04-06T16:33:53","slug":"il-semble-bien-que-lon-ait-besoin-du-peuple-pour-defendre-les-interets-du-peuple","status":"publish","type":"post","link":"http:\/\/cafaitdesordre.com\/blog\/2012\/04\/il-semble-bien-que-lon-ait-besoin-du-peuple-pour-defendre-les-interets-du-peuple\/","title":{"rendered":"Il semble bien que l&rsquo;on ait besoin du peuple pour d\u00e9fendre les int\u00e9r\u00eats du peuple !"},"content":{"rendered":"<p><strong>Plaidoyer pour une gauche populaire<\/strong><\/p>\n<p><strong>Sous la direction de Laurent Baumel et Fran\u00e7ois Kalfon<\/strong><\/p>\n<p><strong>Textes de Laurent Bouvet, Philippe Guibert, Christophe Guilluy, Remy\u00a0 Lefebvre, Alain Mergier , Camille Peugny \u00a0\u2013 prix\u00a0: 10 \u20ac<\/strong><\/p>\n<p>Ne Comptez surtout pas sur moi pour vous r\u00e9sumer en 20 \u00a0lignes ou plus le contenu de ce livre de 114 pages, format poche. Il est beaucoup trop important\u00a0 pour cela. Je pr\u00e9f\u00e8re \u00e9noncer \u00a0en quelques points \u00a0les premi\u00e8res r\u00e9flexions que suscitent\u00a0 cet ouvrage:<\/p>\n<p>1\/Certains peuvent penser \u00eatre de gauche sans avoir \u00e0 d\u00e9fendre les int\u00e9r\u00eats\u00a0 des cat\u00e9gories populaires. Cela n\u2019est pas nouveau, mais ce qui l\u2019est c\u2019est la mise en avant officielle de cette strat\u00e9gie. A qui la fondation Terra Nova ,think tank proche du PS a-t-elle servi de poisson pilote\u00a0?<\/p>\n<p>R\u00e9trospectivement ,il semble bien que des ann\u00e9es plus prosp\u00e8res ou moins dures aient permis au PS de cultiver un progressisme r\u00e9pondant \u00a0essentiellement\u00a0 aux aspirations des classes moyennes montantes qui habitent toutes au centre des villes. A ce stade la droitisation de la soci\u00e9t\u00e9 fran\u00e7aise face \u00e0 la crise est ni plus ni moins qu\u2019un alibi. Les \u00e9lites politiques progressistes ont\u00a0 abandonn\u00e9 \u00a0une large partie des classes populaires \u00e0 leur triste sort.<\/p>\n<p>2\/ Cet abandon contre nature n\u2019est plus possible . Il n\u2019a jamais \u00e9t\u00e9 souhaitable, mais\u00a0 face \u00e0 la crise il devient une h\u00e9r\u00e9sie. Comme l\u2019\u00e9crit Alain Mergier\u00a0 \u00ab\u00a0une partie de la soci\u00e9t\u00e9 a l\u2019impression qu\u2019elle fait marche arri\u00e8re parce que l\u2019autre fait marche avant\u00a0\u00bb \u00a0\u00a0\u00a0Non seulement la gauche qui ne d\u00e9fend pas les int\u00e9r\u00eats du peuple n\u2019est plus de gauche mais \u00a0elle pourrait le disputer en cr\u00e9tinisme \u00e0 la droite dite la plus b\u00eate du monde. Les informations et analyses de ce livre d\u00e9montrent bien que c\u2019est sur une ligne de classe ne refusant pas le conflit, que la gauche ouvriers+ employ\u00e9s + classes moyennes peut l\u2019emporter si elle a un projet ambitieux et solidaire ( comme la r\u00e9volution de l\u2019\u00e9cole voir le texte de Camille Peugny \u00a0\u00a0)<\/p>\n<p>3\/ des ann\u00e9es de renoncement , sans travail de fond pourraient nous faire oublier une \u00e9quation tr\u00e8s simple\u00a0: les ouvriers + les employ\u00e9s sont 60% de la population fran\u00e7aise.\u00a0 Cette v\u00e9rit\u00e9 basique ou plut\u00f4t son oubli donne la mesure des \u00a0pr\u00e9jug\u00e9s en cours.<\/p>\n<p>4\/Grosso modo un parti politique s\u2019informe de 2 fa\u00e7ons\u00a0:<\/p>\n<p>a\/ sa composition sociale constitue un bouillon de culture pour son projet politique. Contrairement \u00e0 celui de 81 ,lePS \u00a0des ann\u00e9es 2000 ne \u00a0sait plus ce que c\u2019est qu\u2019un ouvrier, ces derniers ne sont plus au PS\u00a0.<\/p>\n<p>b\/ Les \u00e9tudes faite par le parti ou des sociologues proches permettent de pallier en partie \u00a0ce manque. La situation est int\u00e9ressante puisque la fondation capitularde est proche du PS et les directeurs du pr\u00e9sent ouvrage sont des responsables du PS. C\u2019est donc \u00e0 \u00a0\u00a0la direction de ce parti comme \u00e0 son candidat de trancher, sachant que ce choix comme le souligne R\u00e9mi Lefebvre est un pr\u00e9alable et pas encore une strat\u00e9gie.<\/p>\n<p>5\/ La crise ne permet pas de faux fuyants. la gauche semble avoir fait des progr\u00e8s du c\u00f4t\u00e9 de la prise en compte de l\u2019ins\u00e9curit\u00e9 et du sentiment d\u2019ins\u00e9curit\u00e9. Tant mieux. Esp\u00e9rons qu\u2019\u00e0 \u00a0la lumi\u00e8re de ce livre ses principaux responsables comprendront que la lutte des classes est d\u2019autant plus r\u00e9elle que les classes moyennes ont progressivement appris \u00a0que chacun peut \u00eatre jet\u00e9, \u00ab\u00a0d\u00e9class\u00e9\u00a0\u00bb du jour au lendemain. Le peuple est quantitativement en progression. Ce n\u2019est pas une tr\u00e8s bonne nouvelle.<\/p>\n<p>6\/le rejet de la politique du pr\u00e9sident des riches n\u2019est pas en soi une strat\u00e9gie. Sauf \u00e0 penser comme Terra Nova \u00a0que la client\u00e8le populaire qui vote front national n\u2019est pas r\u00e9cup\u00e9rable . La violence faite aux classes populaires est trop forte pour se contenter de vilipender le fond\u00e9 de pouvoir de l\u2019oligarchie. Les classes dominantes \u00e9tranglent doublement le peuple , d\u2019abord en l\u2019appauvrissant en le pr\u00e9carisant ensuite en lui interdisant de se penser collectivement comme une classe.<\/p>\n<p>7\/ Pour la premi\u00e8re fois en France un ouvrage de vulgarisation donne \u00a0\u00a0informations tr\u00e8s claire sur la nouvelle spatialisation de la lutte des classes. Qui habite les\u00a0 espaces ruraux\u00a0? En\u00a0 grande partie les ouvriers et les employ\u00e9s. Au-del\u00e0 des banlieues et des quartiers dits difficiles le p\u00e9ri \u2013urbain abrite un nouveau prol\u00e9tariat.<\/p>\n<p>8\/ Les fran\u00e7ais seraient paralys\u00e9s par la crise et par \u00a0la propagande \u00a0de la droite\u00a0? L\u2019\u00e9tude de la Fondation Jean Jaur\u00e8s analys\u00e9e par Philippe Guibert d\u00e9montre qu\u2019il n\u2019en est rien. Ils sont plut\u00f4t\u00a0 ass\u00e9ch\u00e9s par le silence de la gauche. Leur individualisme est un pis aller pour faire face \u00e0 l\u2019incertitude de leur situation. Ils ne r\u00e9agissent pas comme des victimes sans ressort, mais faute de mieux ils se d\u00e9brouillent. Ils ont du talent, du dynamisme et le prouvent. Faute de mieux ils l\u00e9gitiment ainsi leur individualisme.<\/p>\n<p>9\/ Les r\u00e9sultats \u00e9lectoraux obtenus ces derni\u00e8res ann\u00e9es d\u00e9montrent\u00a0 bien qu\u2019\u00e0 ne cultiver que les nouvelles \u00e9lites et populations culturellement avanc\u00e9es,\u00a0 la gauche risque fort de devenir le parti des grandes et moyennes villes \u00a0de France.\u00a0 Ne pas abandonner le pouvoir d\u2019\u00e9tat, ni surtout une esp\u00e9rance de changement social suppose, sans le moindre extr\u00e9misme, du courage, du \u00a0travail, une grande capacit\u00e9 \u00e0 convaincre\u00a0 et \u00e0 imaginer de nouvelles solidarit\u00e9s.<\/p>\n<p>10\/ Selon la place que l\u2019on occupe on peut \u00eatre l\u00e9g\u00e8rement optimiste. \u00ab\u00a0Plaidoyer \u00a0pour une gauche populaire\u00a0\u00bb constitue un outil de d\u00e9verrouillage efficace. Il ne surtout pas se demander si le peuple peut entendre ce qui est dit dans ce livre. Il faut plut\u00f4t se donner les moyen<em>s <\/em>pour \u00a0que les \u00e9lites \u00e0 la t\u00eate de la gauche \u00a0entendent le peuple. Il y a urgence, sinon c\u2019est une partie de plus en plus importante du pays qui fera s\u00e9cession soit en s\u2019abstenant soit en rejoignant le FN\u00a0.<\/p>\n<p>D\u00e9battre, faire pression sur les responsables, consid\u00e9rer que le conflit est porteur d\u2019avenir est aujourd\u2019hui indispensable. Le peuple est souvent plus m\u00fbr que ses dirigeants . D\u2019autant que la crise lui a plus appris que bons nombre de sessions de formation. Au travail\u00a0!<\/p>\n","protected":false},"excerpt":{"rendered":"<p>Plaidoyer pour une gauche populaire Sous la direction de Laurent Baumel et Fran\u00e7ois Kalfon Textes de Laurent Bouvet, Philippe Guibert, Christophe Guilluy, Remy\u00a0 Lefebvre, Alain Mergier , Camille Peugny \u00a0\u2013 prix\u00a0: 10 \u20ac Ne Comptez surtout pas sur moi pour vous r\u00e9sumer en 20 \u00a0lignes ou plus le contenu de ce livre de 114 pages, [&hellip;]<\/p>\n","protected":false},"author":1,"featured_media":0,"comment_status":"open","ping_status":"open","sticky":false,"template":"","format":"standard","meta":[],"categories":[1],"tags":[],"_links":{"self":[{"href":"http:\/\/cafaitdesordre.com\/blog\/wp-json\/wp\/v2\/posts\/4247"}],"collection":[{"href":"http:\/\/cafaitdesordre.com\/blog\/wp-json\/wp\/v2\/posts"}],"about":[{"href":"http:\/\/cafaitdesordre.com\/blog\/wp-json\/wp\/v2\/types\/post"}],"author":[{"embeddable":true,"href":"http:\/\/cafaitdesordre.com\/blog\/wp-json\/wp\/v2\/users\/1"}],"replies":[{"embeddable":true,"href":"http:\/\/cafaitdesordre.com\/blog\/wp-json\/wp\/v2\/comments?post=4247"}],"version-history":[{"count":0,"href":"http:\/\/cafaitdesordre.com\/blog\/wp-json\/wp\/v2\/posts\/4247\/revisions"}],"wp:attachment":[{"href":"http:\/\/cafaitdesordre.com\/blog\/wp-json\/wp\/v2\/media?parent=4247"}],"wp:term":[{"taxonomy":"category","embeddable":true,"href":"http:\/\/cafaitdesordre.com\/blog\/wp-json\/wp\/v2\/categories?post=4247"},{"taxonomy":"post_tag","embeddable":true,"href":"http:\/\/cafaitdesordre.com\/blog\/wp-json\/wp\/v2\/tags?post=4247"}],"curies":[{"name":"wp","href":"https:\/\/api.w.org\/{rel}","templated":true}]}}