{"id":3800,"date":"2011-04-13T19:28:01","date_gmt":"2011-04-13T18:28:01","guid":{"rendered":"http:\/\/www.cafaitdesordre.com\/blog\/?p=3800"},"modified":"2011-04-13T19:28:01","modified_gmt":"2011-04-13T18:28:01","slug":"lhistoire-des-musulmans-de-france-racontee-par-le-cimetiere-musulman-de-bobigny-30-avril","status":"publish","type":"post","link":"http:\/\/cafaitdesordre.com\/blog\/2011\/04\/lhistoire-des-musulmans-de-france-racontee-par-le-cimetiere-musulman-de-bobigny-30-avril\/","title":{"rendered":"L&rsquo;histoire des musulmans de France racont\u00e9e par le cimeti\u00e8re musulman de Bobigny.  30 avril"},"content":{"rendered":"<p>Pour l\u2019inhumation des musulmans d\u00e9c\u00e9d\u00e9s \u00e0 l\u2019h\u00f4pital Franco Musulman en 1937, par d\u00e9rogation \u00e0 la la\u00efcit\u00e9 des cimeti\u00e8res publics, s\u2019ouvre \u00e0 Bobigny un cimeti\u00e8re destin\u00e9 \u00e0 accueillir exclusivement des musulmans, non sans mal.<br \/>\n<a rel=\"attachment wp-att-3801\" href=\"http:\/\/www.cafaitdesordre.com\/blog\/?attachment_id=3801\"><img decoding=\"async\" loading=\"lazy\" class=\"alignleft size-full wp-image-3801\" title=\"du-cimetiere-musulman-a-leglise-saint-andre\" src=\"http:\/\/www.cafaitdesordre.com\/blog\/wp-content\/uploads\/du-cimetiere-musulman-a-leglise-saint-andre.jpg\" alt=\"\" width=\"300\" height=\"300\" \/><\/a><br \/>\nLa pr\u00e9fecture de la Seine ent\u00e9rine le projet dont les frais d\u2019am\u00e9nagement et la gestion sont imput\u00e9s \u00e0 l\u2019h\u00f4pital franco-musulman.<br \/>\nConstruit par l\u2019architecte Crevel, il est inaugur\u00e9 en 1937 et doit pouvoir accueillir entre 5 et 6000 s\u00e9pultures. Les s\u00e9pultures les plus anciennes sont marqu\u00e9es par une st\u00e8le relev\u00e9e, \u00e0 m\u00eame le sol.<\/p>\n<p>Un carr\u00e9 militaire abrite une s\u00e9rie de tombes de soldats musulmans dont certains sont cit\u00e9s \u00ab Morts pour la France \u00bb notamment lors de la Lib\u00e9ration de Paris en 1944.<\/p>\n<p>L\u2019\u00e9volution des s\u00e9pultures, la diversit\u00e9 de leurs origines dans le temps est repr\u00e9sentative de l\u2019\u00e9volution de l\u2019histoire de l\u2019immigration.<\/p>\n<p>En outre, au d\u00e9tour d\u2019une all\u00e9e, on y rencontre la s\u00e9pulture du champion El Ouafi, de la princesse Selma, et de bien d\u2019autres personnalit\u00e9s. Nous partons \u00e0 la rencontre d\u2019une histoire peu connue, que le soixante dixi\u00e8me anniversaire du cimeti\u00e8re et la r\u00e9novation du carr\u00e9 militaire, et le film \u00ab Indig\u00e8nes \u00bb ont valoris\u00e9.<\/p>\n<p>Eglise St Andr\u00e9  En bois et en b\u00e9ton, c\u2019est un b\u00e2timent assez inhabituel qui se distingue par la fl\u00e8che qui lui tient lieu de clocher. \u00c0 l\u2019int\u00e9rieur, la chaleur du bois, de la charpente et des statues s\u2019oppose au d\u00e9nuement des murs. R\u00e9solument contemporain, cet \u00e9difice religieux abrite quelques pi\u00e8ces d\u2019\u00e9poque qui ont surv\u00e9cu \u00e0 la destruction des anciennes \u00e9glises : une statue en bois dor\u00e9 de Saint-Andr\u00e9 sculpt\u00e9e vers 1760, une autre de Saint-Fiacre, patron des mara\u00eechers, datant de 1850 ainsi qu\u2019un b\u00e9nitier du XVIIIe taill\u00e9 dans un bloc de marbre.<\/p>\n<p><strong>Rendez-vous<\/strong> : A l&rsquo;arr\u00eat de bus rue de la Gare \u00e0 <strong>14h15<\/strong> ou au parking du cimeti\u00e8re chemin des Vignes \u00e0 14h30<br \/>\nAcc\u00e8s : M\u00e9tro Ligne5 Pablo Picasso, bus 134, 234<\/p>\n<p>Inscription obligatoire<br \/>\nEntr\u00e9e : 4 euros<br \/>\nPour le tarif adh\u00e9rent de l&rsquo;OTSI, s&rsquo;inscrire directement aupr\u00e8s de l&rsquo;Office de Tourisme Tel : 01 48 30 83 29 ou par Mel : otsi@ville-bobigny.fr<\/p>\n<p>Cr\u00e9dit photo : CERHBB<\/p>\n","protected":false},"excerpt":{"rendered":"<p>Pour l\u2019inhumation des musulmans d\u00e9c\u00e9d\u00e9s \u00e0 l\u2019h\u00f4pital Franco Musulman en 1937, par d\u00e9rogation \u00e0 la la\u00efcit\u00e9 des cimeti\u00e8res publics, s\u2019ouvre \u00e0 Bobigny un cimeti\u00e8re destin\u00e9 \u00e0 accueillir exclusivement des musulmans, non sans mal. La pr\u00e9fecture de la Seine ent\u00e9rine le projet dont les frais d\u2019am\u00e9nagement et la gestion sont imput\u00e9s \u00e0 l\u2019h\u00f4pital franco-musulman. Construit par [&hellip;]<\/p>\n","protected":false},"author":1,"featured_media":0,"comment_status":"open","ping_status":"open","sticky":false,"template":"","format":"standard","meta":[],"categories":[1],"tags":[],"_links":{"self":[{"href":"http:\/\/cafaitdesordre.com\/blog\/wp-json\/wp\/v2\/posts\/3800"}],"collection":[{"href":"http:\/\/cafaitdesordre.com\/blog\/wp-json\/wp\/v2\/posts"}],"about":[{"href":"http:\/\/cafaitdesordre.com\/blog\/wp-json\/wp\/v2\/types\/post"}],"author":[{"embeddable":true,"href":"http:\/\/cafaitdesordre.com\/blog\/wp-json\/wp\/v2\/users\/1"}],"replies":[{"embeddable":true,"href":"http:\/\/cafaitdesordre.com\/blog\/wp-json\/wp\/v2\/comments?post=3800"}],"version-history":[{"count":0,"href":"http:\/\/cafaitdesordre.com\/blog\/wp-json\/wp\/v2\/posts\/3800\/revisions"}],"wp:attachment":[{"href":"http:\/\/cafaitdesordre.com\/blog\/wp-json\/wp\/v2\/media?parent=3800"}],"wp:term":[{"taxonomy":"category","embeddable":true,"href":"http:\/\/cafaitdesordre.com\/blog\/wp-json\/wp\/v2\/categories?post=3800"},{"taxonomy":"post_tag","embeddable":true,"href":"http:\/\/cafaitdesordre.com\/blog\/wp-json\/wp\/v2\/tags?post=3800"}],"curies":[{"name":"wp","href":"https:\/\/api.w.org\/{rel}","templated":true}]}}