{"id":3794,"date":"2011-04-13T19:21:01","date_gmt":"2011-04-13T18:21:01","guid":{"rendered":"http:\/\/www.cafaitdesordre.com\/blog\/?p=3794"},"modified":"2011-04-13T19:21:01","modified_gmt":"2011-04-13T18:21:01","slug":"visite-de-la-cite-jardin-de-stains-le-16-avril","status":"publish","type":"post","link":"http:\/\/cafaitdesordre.com\/blog\/2011\/04\/visite-de-la-cite-jardin-de-stains-le-16-avril\/","title":{"rendered":"Visite de la cit\u00e9-jardin de Stains le 16 avril"},"content":{"rendered":"<p>La cit\u00e9-jardin fut construite dans les ann\u00e9es 1930 afin de loger dignement les ouvriers. Vous d\u00e9couvrirez un ensemble de logements collectifs et individuels, des espaces verts priv\u00e9s et publics, des \u00e9quipements publics, tout cela construit \u00e0 l&#8217;emplacement de l&rsquo;ancien ch\u00e2teau de Stains.<br \/>\n<a href=\"http:\/\/www.cafaitdesordre.com\/blog\/?attachment_id=3795\" rel=\"attachment wp-att-3795\"><img decoding=\"async\" loading=\"lazy\" src=\"http:\/\/www.cafaitdesordre.com\/blog\/wp-content\/uploads\/visite-de-la-cite-jardin-de-stains.jpg\" alt=\"\" title=\"visite-de-la-cite-jardin-de-stains\" width=\"300\" height=\"300\" class=\"alignleft size-full wp-image-3795\" \/><\/a><br \/>\nA 14h30, une balade urbano-champ\u00eatre vous m\u00e8nera \u00e0 travers cette cit\u00e9 des ann\u00e9es 1930 m\u00ealant habitat, nature et \u00e9quipements dans un projet social fort. Vous d\u00e9couvrirez \u00e9galement un nouveau lieu : \u00ab\u00a0M\u00e9moires de cit\u00e9-jardin\u00a0\u00bb o\u00f9 l&rsquo;on retrace l&rsquo;histoire des cit\u00e9s-jardins et du logement social, \u00e0 travers l&rsquo;exemple de celle de Stains, patrimoine remarquable tant par sa qualit\u00e9 architecturale que son traitement paysager et l&rsquo;esprit des habitants. Propos\u00e9 par M\u00e9moires de Cit\u00e9-jardin.<\/p>\n<p>6euros, tarif r\u00e9duit : 4 euros avec Inscriptions indispensables aupr\u00e8s de l&rsquo;Office de Tourisme de Saint-Denis Plaine Commune &#8211; T\u00e9l. : 01 55 870 870 ou par mail : infos@saint-denis-tourisme.com<\/p>\n<p>Gratuit pour les &#8211; 16 ans et les Stanois.<\/p>\n<p>Rendez-vous : Espace M\u00e9moires de Cit\u00e9-Jardin (28, avenue Paul-Vaillant-Couturier STAINS).<\/p>\n","protected":false},"excerpt":{"rendered":"<p>La cit\u00e9-jardin fut construite dans les ann\u00e9es 1930 afin de loger dignement les ouvriers. Vous d\u00e9couvrirez un ensemble de logements collectifs et individuels, des espaces verts priv\u00e9s et publics, des \u00e9quipements publics, tout cela construit \u00e0 l&#8217;emplacement de l&rsquo;ancien ch\u00e2teau de Stains. A 14h30, une balade urbano-champ\u00eatre vous m\u00e8nera \u00e0 travers cette cit\u00e9 des ann\u00e9es [&hellip;]<\/p>\n","protected":false},"author":1,"featured_media":0,"comment_status":"open","ping_status":"open","sticky":false,"template":"","format":"standard","meta":[],"categories":[1],"tags":[],"_links":{"self":[{"href":"http:\/\/cafaitdesordre.com\/blog\/wp-json\/wp\/v2\/posts\/3794"}],"collection":[{"href":"http:\/\/cafaitdesordre.com\/blog\/wp-json\/wp\/v2\/posts"}],"about":[{"href":"http:\/\/cafaitdesordre.com\/blog\/wp-json\/wp\/v2\/types\/post"}],"author":[{"embeddable":true,"href":"http:\/\/cafaitdesordre.com\/blog\/wp-json\/wp\/v2\/users\/1"}],"replies":[{"embeddable":true,"href":"http:\/\/cafaitdesordre.com\/blog\/wp-json\/wp\/v2\/comments?post=3794"}],"version-history":[{"count":0,"href":"http:\/\/cafaitdesordre.com\/blog\/wp-json\/wp\/v2\/posts\/3794\/revisions"}],"wp:attachment":[{"href":"http:\/\/cafaitdesordre.com\/blog\/wp-json\/wp\/v2\/media?parent=3794"}],"wp:term":[{"taxonomy":"category","embeddable":true,"href":"http:\/\/cafaitdesordre.com\/blog\/wp-json\/wp\/v2\/categories?post=3794"},{"taxonomy":"post_tag","embeddable":true,"href":"http:\/\/cafaitdesordre.com\/blog\/wp-json\/wp\/v2\/tags?post=3794"}],"curies":[{"name":"wp","href":"https:\/\/api.w.org\/{rel}","templated":true}]}}