{"id":3537,"date":"2011-01-19T18:41:35","date_gmt":"2011-01-19T17:41:35","guid":{"rendered":"http:\/\/www.cafaitdesordre.com\/blog\/?p=3537"},"modified":"2011-01-19T18:41:35","modified_gmt":"2011-01-19T17:41:35","slug":"attention-droit-dasile-en-danger","status":"publish","type":"post","link":"http:\/\/cafaitdesordre.com\/blog\/2011\/01\/attention-droit-dasile-en-danger\/","title":{"rendered":"Attention Droit d\u2019asile en danger."},"content":{"rendered":"<p>L<strong>a Coordination fran\u00e7aise pour le droit d\u2019asile (CFDA) appelle les s\u00e9natrices et les s\u00e9nateurs \u00e0 ne pas oublier la libert\u00e9 fondamentale qu\u2019est le droit d\u2019asile lorsqu\u2019ils examineront le projet de loi relatif \u00e0 l\u2019Immigration, l\u2019Int\u00e9gration et la nationalit\u00e9 \u00e0 partir du 1er f\u00e9vrier 2011.<\/strong><\/p>\n<p><strong>La CFDA<\/strong> <strong>s\u2019inqui\u00e8te en particulier de plusieurs dispositions du projet qui rendent ce droit moins effectif<\/strong> :<\/p>\n<ul>\n<li>la      possibilit\u00e9 de l\u2019extension des \u00ab\u00a0zones d\u2019attente sp\u00e9ciales\u00a0\u00bb aux      points d\u2019arriv\u00e9e pour des groupes de dix \u00e9trangers permettra de cr\u00e9er de      telles zones et d\u2019y placer des demandeurs d\u2019asile alors qu\u2019ils se trouvent      d\u00e9j\u00e0 sur le territoire\u00a0; la proc\u00e9dure d\u00e9rogatoire \u00e0 la fronti\u00e8re qui      leur sera appliqu\u00e9e ne leur garantit pas un examen \u00e9quitable. Le projet de      loi ne mentionne pas de circonstances exceptionnelles pour appliquer cette      disposition.<\/li>\n<\/ul>\n<ul>\n<li>la      cr\u00e9ation de l\u2019interdiction de retour du territoire fran\u00e7ais d\u2019une dur\u00e9e      pouvant aller jusqu\u2019\u00e0 cinq ans, risque, malgr\u00e9 les modifications      introduites par la      Commission des lois du S\u00e9nat, d\u2019interdire l\u2019acc\u00e8s au      territoire ou \u00e0 la proc\u00e9dure d\u2019asile de personnes qui souhaitent formuler      une demande d\u2019asile en raison de nouvelles craintes de pers\u00e9cutions.<\/li>\n<\/ul>\n<ul>\n<li>la      pr\u00e9cision donn\u00e9e pour l\u2019application de la proc\u00e9dure prioritaire lorsque le      pr\u00e9fet consid\u00e8re que \u00ab\u00a0le demandeur dissimule son identit\u00e9, sa      nationalit\u00e9, sa provenance ou son lieu de provenance\u00a0\u00bb risque      d\u2019accroitre encore le nombre de ces proc\u00e9dures, privant ainsi des      demandeurs d\u2019acc\u00e8s aux conditions d\u2019accueil et de recours suspensif devant      la Cour      nationale du droit d\u2019asile (CNDA)<\/li>\n<\/ul>\n<ul>\n<li>l\u2019exclusion      de demandeurs d\u2019asile sollicitant le r\u00e9examen du b\u00e9n\u00e9fice de l\u2019aide      juridictionnelle \u00e0 la      CNDA et la possibilit\u00e9 pour la      Cour de tenir des audiences par visio-conf\u00e9rence &#8211; non      seulement en Outre-mer mais aussi en m\u00e9tropole &#8211; risquent d\u2019instaurer une      proc\u00e9dure \u00e0 deux vitesses.<\/li>\n<\/ul>\n<p>La CFDA regrette \u00e9galement que le projet de loi ne pr\u00e9voie pas un recours suspensif \u00e0 la CNDA dans les proc\u00e9dures dites \u00ab\u00a0prioritaires\u00a0\u00bb, ni un recours effectif dans les proc\u00e9dures de transferts li\u00e9s au r\u00e8glement Dublin, alors que la Cour Europ\u00e9enne des droits de l\u2019Homme vient de sommer les Etats membres de l\u2019Union europ\u00e9enne de le faire. ( Voir <a href=\"http:\/\/cmiskp.echr.coe.int\/tkp197\/view.asp?action=html&amp;documentId=880340&amp;portal=hbkm&amp;source=externalbydocnumber&amp;table=F69A27FD8FB86142BF01C1166DEA398649\">la d\u00e9cision du 21\u00a0janvier 2011<\/a>)<\/p>\n<p>Enfin, alors que s\u00e9vit une crise sans pr\u00e9c\u00e9dent de l\u2019accueil des demandeurs d\u2019asile et que les juridictions administratives ne cessent de condamner l\u2019Etat, le projet de loi ne pr\u00e9voit aucune mesure l\u00e9gislative pour se mettre en conformit\u00e9 avec la directive europ\u00e9enne sur l\u2019accueil.<\/p>\n<p>La CFDA rappelle ses <a href=\"http:\/\/cfda.rezo.net\/10%20points.html\">dix conditions minimales<\/a> pour que le droit d\u2019asile soit r\u00e9el et sa note \u00e0 l\u2019attention des membres du S\u00e9nat \u00ab\u00a0<a href=\"http:\/\/cfda.rezo.net\/loi%20asile\/Analyse%20CFDA%20PJL2010%20SENAT.pdf\">N\u2019oubliez pas le droit d\u2019asile<\/a> \u00bb.<\/p>\n<p>Le 31 janvier 2011<\/p>\n<p><strong><em>La Coordination<\/em><\/strong> <strong><em>fran\u00e7aise pour le droit d\u2019asile<\/em><\/strong><em> rassemble les organisations suivantes\u00a0:<br \/>\nACAT France (Action des chr\u00e9tiens pour l\u2019abolition de la torture), Amnesty International &#8211; France, APSR (Association d\u2019accueil aux m\u00e9decins et personnels de sant\u00e9 r\u00e9fugi\u00e9s en France), ARDHIS, Association Primo Levi (soins et soutien aux personnes victimes de la torture et de la violence politique), CAAR (Comit\u00e9 d\u2019Aide aux R\u00e9fugi\u00e9s), CASP (Centre d\u2019action sociale protestant), Cimade (Service oecum\u00e9nique d\u2019entraide), Comede (Comit\u00e9 m\u00e9dical pour les exil\u00e9s), Dom\u2019Asile, ELENA (R\u00e9seau d\u2019avocats pour le droit d\u2019asile), FASTI (F\u00e9d\u00e9ration des associations de soutien aux travailleurs immigr\u00e9s), GAS (Groupe accueil solidarit\u00e9), GISTI (Groupe d\u2019information et de soutien des immigr\u00e9s), LDH (Ligue des droits de l\u2019homme), M\u00e9decins du Monde, MRAP (Mouvement contre le racisme et pour l\u2019amiti\u00e9 entre les peuples), Secours Catholique (Caritas France), SNPM (Service National de la Pastorale des Migrants). La repr\u00e9sentation du Haut Commissariat pour les R\u00e9fugi\u00e9s en France et la Croix Rouge Fran\u00e7aise sont associ\u00e9s aux travaux de la CFDA<\/em><\/p>\n<h4>Vous pouvez retrouver ce communiqu\u00e9 sur le site<br \/>\n<a href=\"http:\/\/cfda.rezo.net\/\">http:\/\/cfda.rezo.net<\/a><\/h4>\n","protected":false},"excerpt":{"rendered":"<p>La Coordination fran\u00e7aise pour le droit d\u2019asile (CFDA) appelle les s\u00e9natrices et les s\u00e9nateurs \u00e0 ne pas oublier la libert\u00e9 fondamentale qu\u2019est le droit d\u2019asile lorsqu\u2019ils examineront le projet de loi relatif \u00e0 l\u2019Immigration, l\u2019Int\u00e9gration et la nationalit\u00e9 \u00e0 partir du 1er f\u00e9vrier 2011. La CFDA s\u2019inqui\u00e8te en particulier de plusieurs dispositions du projet qui [&hellip;]<\/p>\n","protected":false},"author":1,"featured_media":0,"comment_status":"open","ping_status":"open","sticky":false,"template":"","format":"standard","meta":[],"categories":[1],"tags":[],"_links":{"self":[{"href":"http:\/\/cafaitdesordre.com\/blog\/wp-json\/wp\/v2\/posts\/3537"}],"collection":[{"href":"http:\/\/cafaitdesordre.com\/blog\/wp-json\/wp\/v2\/posts"}],"about":[{"href":"http:\/\/cafaitdesordre.com\/blog\/wp-json\/wp\/v2\/types\/post"}],"author":[{"embeddable":true,"href":"http:\/\/cafaitdesordre.com\/blog\/wp-json\/wp\/v2\/users\/1"}],"replies":[{"embeddable":true,"href":"http:\/\/cafaitdesordre.com\/blog\/wp-json\/wp\/v2\/comments?post=3537"}],"version-history":[{"count":0,"href":"http:\/\/cafaitdesordre.com\/blog\/wp-json\/wp\/v2\/posts\/3537\/revisions"}],"wp:attachment":[{"href":"http:\/\/cafaitdesordre.com\/blog\/wp-json\/wp\/v2\/media?parent=3537"}],"wp:term":[{"taxonomy":"category","embeddable":true,"href":"http:\/\/cafaitdesordre.com\/blog\/wp-json\/wp\/v2\/categories?post=3537"},{"taxonomy":"post_tag","embeddable":true,"href":"http:\/\/cafaitdesordre.com\/blog\/wp-json\/wp\/v2\/tags?post=3537"}],"curies":[{"name":"wp","href":"https:\/\/api.w.org\/{rel}","templated":true}]}}