{"id":2455,"date":"2010-05-26T21:34:10","date_gmt":"2010-05-26T20:34:10","guid":{"rendered":"http:\/\/www.cafaitdesordre.com\/blog\/?p=2455"},"modified":"2010-05-26T21:34:10","modified_gmt":"2010-05-26T20:34:10","slug":"vers-une-societe-sans-art-et-sans-culture","status":"publish","type":"post","link":"http:\/\/cafaitdesordre.com\/blog\/2010\/05\/vers-une-societe-sans-art-et-sans-culture\/","title":{"rendered":"Vers une soci\u00e9t\u00e9 sans art et sans culture ?"},"content":{"rendered":"<p>Vers une soci\u00e9t\u00e9 sans art et sans culture ? Ca se discute<br \/>\nPar Jean-Pierre Thibaudat<br \/>\nLundi 31 mai , 20h30au Th\u00e9\u00e2tre G\u00e9rard Philippe de Saint Denis.<\/p>\n<p>Va -t-on, doucement mais s\u00fbrement, vers une soci\u00e9t\u00e9 sans art et sans culture ? C&rsquo;est la question que pose la revue \u00ab <strong>Cassandre\/ hors champ<\/strong> \u00bb. Vaste sujet travaill\u00e9 par l&rsquo;urgence d&rsquo;une d\u00e9gradation en cours. Un questionnement sur lequel s&rsquo;exprimeront, lors d&rsquo;une r\u00e9union publique, quelques uns des signataires de l&rsquo;appel lanc\u00e9 dans les colonnes de la revue et titr\u00e9 \u00ab Impossible absence \u00bb.<br \/>\nParmi mes intervenants : le compositeur Nicolas Frize, l&rsquo;architecte Patrick Bouchain, le paysagiste Gilles Cl\u00e9ment , le metteur en sc\u00e8ne et acteur Bernard Bloch, le sociologue travaillant sur les publics Emmanuel \u00c9this, le chor\u00e9graphe Bernardo Montet , le directeur du th\u00e9\u00e2tre Toursky Richard Martin. Et bien d&rsquo;autres.<br \/>\nT\u00e9moignages film\u00e9s de Bernard Stiegler (philosophe), Roland Gori (initiateur de l&rsquo;Appel des appels), Julien Blaine (po\u00e8te-performer), Marie-Jos\u00e9 Mondzain (philosophe), Fabien Delisle (cin\u00e9aste, \u00ab La reprise culturelle \u00bb).<br \/>\nLundi 31 mai , 20h30au Th\u00e9\u00e2tre G\u00e9rard Philippe de Saint Denis.<\/p>\n","protected":false},"excerpt":{"rendered":"<p>Vers une soci\u00e9t\u00e9 sans art et sans culture ? Ca se discute Par Jean-Pierre Thibaudat Lundi 31 mai , 20h30au Th\u00e9\u00e2tre G\u00e9rard Philippe de Saint Denis. Va -t-on, doucement mais s\u00fbrement, vers une soci\u00e9t\u00e9 sans art et sans culture ? C&rsquo;est la question que pose la revue \u00ab Cassandre\/ hors champ \u00bb. Vaste sujet travaill\u00e9 [&hellip;]<\/p>\n","protected":false},"author":1,"featured_media":0,"comment_status":"open","ping_status":"open","sticky":false,"template":"","format":"standard","meta":[],"categories":[1],"tags":[],"_links":{"self":[{"href":"http:\/\/cafaitdesordre.com\/blog\/wp-json\/wp\/v2\/posts\/2455"}],"collection":[{"href":"http:\/\/cafaitdesordre.com\/blog\/wp-json\/wp\/v2\/posts"}],"about":[{"href":"http:\/\/cafaitdesordre.com\/blog\/wp-json\/wp\/v2\/types\/post"}],"author":[{"embeddable":true,"href":"http:\/\/cafaitdesordre.com\/blog\/wp-json\/wp\/v2\/users\/1"}],"replies":[{"embeddable":true,"href":"http:\/\/cafaitdesordre.com\/blog\/wp-json\/wp\/v2\/comments?post=2455"}],"version-history":[{"count":0,"href":"http:\/\/cafaitdesordre.com\/blog\/wp-json\/wp\/v2\/posts\/2455\/revisions"}],"wp:attachment":[{"href":"http:\/\/cafaitdesordre.com\/blog\/wp-json\/wp\/v2\/media?parent=2455"}],"wp:term":[{"taxonomy":"category","embeddable":true,"href":"http:\/\/cafaitdesordre.com\/blog\/wp-json\/wp\/v2\/categories?post=2455"},{"taxonomy":"post_tag","embeddable":true,"href":"http:\/\/cafaitdesordre.com\/blog\/wp-json\/wp\/v2\/tags?post=2455"}],"curies":[{"name":"wp","href":"https:\/\/api.w.org\/{rel}","templated":true}]}}