{"id":2100,"date":"2010-04-03T11:02:32","date_gmt":"2010-04-03T10:02:32","guid":{"rendered":"http:\/\/www.cafaitdesordre.com\/blog\/?p=2100"},"modified":"2010-04-03T11:02:32","modified_gmt":"2010-04-03T10:02:32","slug":"cest-surement-de-la-faute-des-etrangers-si-la-france-ne-va-pas-bien","status":"publish","type":"post","link":"http:\/\/cafaitdesordre.com\/blog\/2010\/04\/cest-surement-de-la-faute-des-etrangers-si-la-france-ne-va-pas-bien\/","title":{"rendered":"C&rsquo;est s\u00fbrement de la faute des \u00e9trangers si la France ne va pas bien!"},"content":{"rendered":"<p><strong>Nouveau projet de loi liberticide sur l&rsquo;immigration<\/strong><\/p>\n<p style=\"text-align: left;\">Sous  couvert de conformer le droit fran\u00e7ais des \u00e9trangers \u00e0 trois directives  europ\u00e9ennes, le gouvernement a adopt\u00e9 le 31\u00a0mars 2010 un nouveau \u00ab\u00a0projet de loi  relatif \u00e0 l\u2019immigration, \u00e0 l\u2019int\u00e9gration et \u00e0 la nationalit\u00e9\u00a0\u00bb (le sixi\u00e8me  depuis 2002).Derri\u00e8re la technicit\u00e9 du texte se cachent des  dispositions qui portent une atteinte grave aux droits des migrants.Du seul fait de leur arriv\u00e9e, les \u00e9trangers d\u00e9pourvus de  documents, m\u00eame demandeurs d\u2019asile, se trouveront ipso facto en zone d\u2019attente,  c\u2019est-\u00e0-dire enferm\u00e9s et priv\u00e9s de l\u2019essentiel de leurs droits.de la fauteLa cr\u00e9ation de l\u2019\u00ab\u00a0interdiction de retour\u00a0\u00bb, qui pourra  frapper tout \u00e9tranger en situation irr\u00e9guli\u00e8re, institue un v\u00e9ritable  bannissement des territoires fran\u00e7ais et europ\u00e9e n.  Conjoints de Fran\u00e7ais, travailleurs, r\u00e9sidents en France depuis  de longues ann\u00e9es y seront expos\u00e9s.<\/p>\n<p>En portant la dur\u00e9e de la r\u00e9tention \u00e0 45\u00a0jours, en  repoussant l\u2019intervention du juge des libert\u00e9s, en r\u00e9duisant son pouvoir de  contr\u00f4le, le gouvernement banalise l\u2019enfermement des \u00e9trangers et organise  l\u2019impunit\u00e9 de l\u2019administratio n.<\/p>\n<p>De multiples obstacles r\u00e9duisent le droit d\u2019asile \u00e0 une  peau de chagri n. De plus en plus de pers\u00e9cut\u00e9s en qu\u00eate de la protection  de la France  verront leur demande examin\u00e9e de mani\u00e8re exp\u00e9ditive.<\/p>\n<p>Ainsi, avec ce projet, le gouvernement tourne-t-il le  dos \u00e0 la devise de la R\u00e9publique \u2026<\/p>\n<p>1er avril 2010<\/p>\n<p><strong><strong>Premiers signataires\u00a0: <\/strong><\/strong><strong><br \/>\n<strong><strong>ACAT-France,  Avocats  pour la  d\u00e9fense des droits des \u00e9trangers, Amnesty International   (France), ANAFE, FASTI,  F\u00e9d\u00e9ration SUD Education, FSU, F\u00e9d\u00e9ration des   Tunisiens pour une citoyennet\u00e9 des  deux rives, GISTI, la Cimade  , LDH,   MRAP, RESF, R\u00e9seau chr\u00e9tien \u2013 Immigr\u00e9s, Secours  catholique, Syndicat   des avocats de France, Syndicat de la magistrature, UNEF\u2026<\/strong><\/strong><\/strong><\/p>\n<p><strong><strong><br \/>\n<\/strong><\/strong><strong><strong><strong> <\/strong><\/strong><\/strong><\/p>\n","protected":false},"excerpt":{"rendered":"<p>Nouveau projet de loi liberticide sur l&rsquo;immigration Sous couvert de conformer le droit fran\u00e7ais des \u00e9trangers \u00e0 trois directives europ\u00e9ennes, le gouvernement a adopt\u00e9 le 31\u00a0mars 2010 un nouveau \u00ab\u00a0projet de loi relatif \u00e0 l\u2019immigration, \u00e0 l\u2019int\u00e9gration et \u00e0 la nationalit\u00e9\u00a0\u00bb (le sixi\u00e8me depuis 2002).Derri\u00e8re la technicit\u00e9 du texte se cachent des dispositions qui portent [&hellip;]<\/p>\n","protected":false},"author":1,"featured_media":0,"comment_status":"open","ping_status":"open","sticky":false,"template":"","format":"standard","meta":[],"categories":[1],"tags":[],"_links":{"self":[{"href":"http:\/\/cafaitdesordre.com\/blog\/wp-json\/wp\/v2\/posts\/2100"}],"collection":[{"href":"http:\/\/cafaitdesordre.com\/blog\/wp-json\/wp\/v2\/posts"}],"about":[{"href":"http:\/\/cafaitdesordre.com\/blog\/wp-json\/wp\/v2\/types\/post"}],"author":[{"embeddable":true,"href":"http:\/\/cafaitdesordre.com\/blog\/wp-json\/wp\/v2\/users\/1"}],"replies":[{"embeddable":true,"href":"http:\/\/cafaitdesordre.com\/blog\/wp-json\/wp\/v2\/comments?post=2100"}],"version-history":[{"count":0,"href":"http:\/\/cafaitdesordre.com\/blog\/wp-json\/wp\/v2\/posts\/2100\/revisions"}],"wp:attachment":[{"href":"http:\/\/cafaitdesordre.com\/blog\/wp-json\/wp\/v2\/media?parent=2100"}],"wp:term":[{"taxonomy":"category","embeddable":true,"href":"http:\/\/cafaitdesordre.com\/blog\/wp-json\/wp\/v2\/categories?post=2100"},{"taxonomy":"post_tag","embeddable":true,"href":"http:\/\/cafaitdesordre.com\/blog\/wp-json\/wp\/v2\/tags?post=2100"}],"curies":[{"name":"wp","href":"https:\/\/api.w.org\/{rel}","templated":true}]}}