{"id":1309,"date":"2010-01-16T11:46:51","date_gmt":"2010-01-16T10:46:51","guid":{"rendered":"http:\/\/www.cafaitdesordre.com\/blog\/?p=1309"},"modified":"2010-01-16T11:46:51","modified_gmt":"2010-01-16T10:46:51","slug":"de-la-surete-a-la-securite-entretien-avec-gilles-sainati","status":"publish","type":"post","link":"http:\/\/cafaitdesordre.com\/blog\/2010\/01\/de-la-surete-a-la-securite-entretien-avec-gilles-sainati\/","title":{"rendered":"De la s\u00fbret\u00e9 \u00e0 la s\u00e9curit\u00e9. Entretien avec Gilles Sainati"},"content":{"rendered":"<p><strong>S\u00e9curit\u00e9 : pi\u00e8ces \u00e0 r\u00e9flexion 3<\/strong><\/p>\n<p>Gilles Sainati est magistrat \u2013 membre du Syndicat de la magistrature et auteur de plusieurs ouvrages et articles sur le probl\u00e8me de la s\u00e9curit\u00e9( voir pi\u00e8ces \u00e0 r\u00e9flexion 1 Revue Internationale des livres et des id\u00e9es Mai\/Juin 2008 sur le blog )<\/p>\n<p><em>Y- a -il a travers toutes les mesures, nouveaux dispositifs dits de s\u00e9curit\u00e9 une entorse \u00e0 l\u2019\u00e9tat de droit\u00a0?<\/em><\/p>\n<p>Gilles Sainati<\/p>\n<p>Il y a plus qu\u2019une entorse. On s\u2019\u00e9loigne de l\u2019\u00e9tat de droit d\u00e9fini par la d\u00e9claration des droits de l\u2019homme et la constitution. On passe d\u2019une conception de la s\u00fbret\u00e9 o\u00f9 l\u2019\u00e9tat\u00a0 garantit des droits contre l\u2019arbitraire aux citoyens ( concernant m\u00eame sa propre action ) Par exemple droit \u00e0 un proc\u00e8s \u00e9quitable ,d\u00e9bat contradictoire, etc \u00e0 une conception de la s\u00e9curit\u00e9 qui va \u00e0 l\u2019encontre du maintien des libert\u00e9s individuelles et de la protection de la vie priv\u00e9e.<\/p>\n<p><em>Quelle relation peut \u2013on \u00e9tablir entre la crise \u00e9conomique, la pr\u00e9carisation croissante du plus grand nombre et les mesures s\u00e9curitaires\u00a0?<\/em><\/p>\n<p>&#8211; On pourrait dire que devant des probl\u00e8mes \u00e9conomiques et sociaux importants l\u2019\u00e9tat et la classe dirigeante se donnent le pouvoir d\u2019encadrer la population. Mais l\u2019analyse reste<\/p>\n<p>un peu rudimentaire. Du fait des p\u00e9rils \u00e9conomiques, \u00e9nerg\u00e9tiques, \u00e9cologiques , il y a d\u00e9sagr\u00e9gation de la politique sociale, l\u2019\u00e9tat garantit les infrastructures existantes et les syst\u00e8mes de domination qui y sont int\u00e9gr\u00e9s. L\u2019\u00e9tat social disparait. On passe de la s\u00e9curit\u00e9 sociale \u00e0 la s\u00e9curit\u00e9 civile.<\/p>\n<p><em>A court terme l\u2019efficacit\u00e9 des mesures et nouvelles lois n\u2019est-elle pas plus id\u00e9ologique que factuelle\u00a0?<\/em><\/p>\n<p>Certes. L\u2019approche des probl\u00e8mes en terme scientiste et technologique donne une apparence de v\u00e9rit\u00e9, tr\u00e8s difficile \u00e0 combattre. C\u2019est tr\u00e8s complexe et ce discours comme dans le cas de la grippe se veut indiscutable. Il y a une \u00e9pid\u00e9mie, des vaccins pour la combattre et rien \u00e0 faire d\u2019autre ou \u00e0 dire. Cette id\u00e9ologie est totalisante. Dans le process s\u00e9curitaire la fascination pour la technologie joue un r\u00f4le important. \u00a0Dans une approche technocratique certains r\u00eavent d\u2019une machine qui pourrait bien r\u00e9pondre \u00e0 tous ces d\u00e9fis.<\/p>\n<p><em>Comment expliquer le peu de r\u00e9pondant de la gauche\u00a0?<\/em><\/p>\n<p>La gauche productiviste partage en partie une vision s\u00e9curitaire. Beaucoup ne comprennent pas qu\u2019il faudrait changer de r\u00e9f\u00e9rentiel. On arrive au bout d\u2019un mod\u00e8le de croissance. Et ce n\u2019est parce que la croissance pourrait repartir que les difficult\u00e9s \u00a0s\u2019aplaniraient, car c\u2019est la croissance m\u00eame qui g\u00e9n\u00e8re la d\u00e9sagr\u00e9gation sociale. Les analyses alternatives sont d\u2019autant plus difficiles \u00e0 partager quand les difficult\u00e9s augmentent, car chacun peut vouloir se raccrocher au peu qu\u2019il a.<\/p>\n<p>Certains disent que la s\u00e9curit\u00e9 n\u2019est pas un probl\u00e8me, mais une solution pour des gouvernements qui se veulent efficaces( ou se donner l\u2019image de l\u2019efficacit\u00e9) . Mais \u00e0 terme le mod\u00e8le s\u00e9curitaire va laisser voir son impuissance. Les citoyens commencent \u00e0 en prendre conscience. Mais dans l\u2019intervalle beaucoup de d\u00e9g\u00e2ts risquent d\u2019\u00eatre commis et la dispersion des forces d\u00e9mocratiques et progressistes est inqui\u00e9tante.<\/p>\n","protected":false},"excerpt":{"rendered":"<p>S\u00e9curit\u00e9 : pi\u00e8ces \u00e0 r\u00e9flexion 3 Gilles Sainati est magistrat \u2013 membre du Syndicat de la magistrature et auteur de plusieurs ouvrages et articles sur le probl\u00e8me de la s\u00e9curit\u00e9( voir pi\u00e8ces \u00e0 r\u00e9flexion 1 Revue Internationale des livres et des id\u00e9es Mai\/Juin 2008 sur le blog ) Y- a -il a travers toutes les [&hellip;]<\/p>\n","protected":false},"author":1,"featured_media":0,"comment_status":"open","ping_status":"open","sticky":false,"template":"","format":"standard","meta":[],"categories":[1],"tags":[],"_links":{"self":[{"href":"http:\/\/cafaitdesordre.com\/blog\/wp-json\/wp\/v2\/posts\/1309"}],"collection":[{"href":"http:\/\/cafaitdesordre.com\/blog\/wp-json\/wp\/v2\/posts"}],"about":[{"href":"http:\/\/cafaitdesordre.com\/blog\/wp-json\/wp\/v2\/types\/post"}],"author":[{"embeddable":true,"href":"http:\/\/cafaitdesordre.com\/blog\/wp-json\/wp\/v2\/users\/1"}],"replies":[{"embeddable":true,"href":"http:\/\/cafaitdesordre.com\/blog\/wp-json\/wp\/v2\/comments?post=1309"}],"version-history":[{"count":0,"href":"http:\/\/cafaitdesordre.com\/blog\/wp-json\/wp\/v2\/posts\/1309\/revisions"}],"wp:attachment":[{"href":"http:\/\/cafaitdesordre.com\/blog\/wp-json\/wp\/v2\/media?parent=1309"}],"wp:term":[{"taxonomy":"category","embeddable":true,"href":"http:\/\/cafaitdesordre.com\/blog\/wp-json\/wp\/v2\/categories?post=1309"},{"taxonomy":"post_tag","embeddable":true,"href":"http:\/\/cafaitdesordre.com\/blog\/wp-json\/wp\/v2\/tags?post=1309"}],"curies":[{"name":"wp","href":"https:\/\/api.w.org\/{rel}","templated":true}]}}