{"id":1168,"date":"2010-01-04T16:46:53","date_gmt":"2010-01-04T15:46:53","guid":{"rendered":"http:\/\/www.cafaitdesordre.com\/blog\/?p=1168"},"modified":"2010-01-04T16:46:53","modified_gmt":"2010-01-04T15:46:53","slug":"zone-de-non-droit","status":"publish","type":"post","link":"http:\/\/cafaitdesordre.com\/blog\/2010\/01\/zone-de-non-droit\/","title":{"rendered":"Zone de non droit"},"content":{"rendered":"<p><strong>Prison pour \u00e9trangers de Vincennes, dimanche 3 janvier 2010<\/strong><\/p>\n<p>( communiqu\u00e9 par la liste Zpajol * )<\/p>\n<p>Nous appelons les retenus au lendemain du rassemblement qui a eu lieu<br \/>\ndevant le centre, pour savoir comment \u00e7a s&rsquo;est pass\u00e9 pour eux. L&rsquo;enjeu<br \/>\nde ces appels, c&rsquo;est \u00e0 la fois de cr\u00e9er un lien entre l&rsquo;int\u00e9rieur et<br \/>\nl&rsquo;ext\u00e9rieur, d&rsquo;exprimer notre solidarit\u00e9, et permettre aux retenus de<br \/>\nraconter ce qu&rsquo;ils vivent \u00e0 l&rsquo;int\u00e9rieur&#8230;<br \/>\nAujourd&rsquo;hui, le retenu avec qui nous sommes en contact, nous parle de la<br \/>\nn\u00e9cessit\u00e9 de s&rsquo;organiser collectivement mais aussi des difficult\u00e9s<br \/>\nmultiples pour y parvenir.<\/p>\n<p>\u00ab\u00a0On a entendu la manifestation, on a boug\u00e9 aussi de notre c\u00f4t\u00e9, on a<br \/>\ncri\u00e9 \u00ab\u00a0Libert\u00e9, libert\u00e9\u00a0\u00bb. On a essay\u00e9 de g\u00eaner un peu la police. Mais,<br \/>\nbon, c&rsquo;est pas facile de se mobiliser \u00e0 l&rsquo;int\u00e9rieur, les moyens d&rsquo;action<br \/>\nsont limit\u00e9s et puis, les gens ne sont pas politis\u00e9s. Les nouveaux, ils<br \/>\nne savent pas ce que c&rsquo;est que l&rsquo;action collective. Il y a des gens qui<br \/>\ndisent que \u00e7a ne sert \u00e0 rien. Pourtant, j&rsquo;essaye de dire qu&rsquo;il faut se<br \/>\nmobiliser, s&rsquo;organiser, manifester. On peut se rassembler et manifester.<br \/>\nIl faut lutter tout de suite m\u00eame s&rsquo;il n&rsquo;y a pas de r\u00e9sultats.<\/p>\n<p>Ici les tentatives de suicides sont courantes. On voit des choses<br \/>\nhorribles. Hier encore, il y a une personne qui a essay\u00e9 de se suicider.<br \/>\nJe crois qu&rsquo;il a aval\u00e9 des trucs. Les policiers l&rsquo;ont menott\u00e9 alors<br \/>\nqu&rsquo;il \u00e9tait inconscient, il avait les yeux r\u00e9vuls\u00e9s.<\/p>\n<p>En ce moment, il y a 3 \u00e0 4 expulsions par jour et le m\u00eame nombre de<br \/>\npersonnes qui arrivent. Ils ne laissent pas de place vide. Le centre est<br \/>\ntoujours plein. Il y a plusieurs personnes qui ont refus\u00e9 l&#8217;embarquement<br \/>\net qui ont \u00e9t\u00e9 ramen\u00e9es au centre. D&rsquo;autres sont expuls\u00e9es de force,<br \/>\nmenott\u00e9es. Et puis, il y aussi des personnes qui sont l\u00e0 depuis plus de<br \/>\n32 jours. Un monsieur en est \u00e0 son 38e jour. Ils le gardent parce qu&rsquo;il<br \/>\na refus\u00e9 de voir son consul [alg\u00e9rien]. Il est dans le centre depuis le<br \/>\n26 novembre et le 28 d\u00e9cembre, ils l&rsquo;ont mis en garde-\u00e0-vue 24h puis<br \/>\nrenvoy\u00e9 au centre.\u00a0\u00bb<\/p>\n<p>* La liste zpajol, cr\u00e9\u00e9e par Fil en juillet 96, est d\u00e9di\u00e9e aux informations et aux d\u00e9bats sur les mouvements de sans papiers, en France et dans le monde, aux questions d\u2019immigration et d\u2019asile et \u00e0 la libert\u00e9 de circulation. Elle est associ\u00e9e au site pajol, cr\u00e9\u00e9 \u00e0 la m\u00eame \u00e9poque par Marc Chemillier.<\/p>\n<p>Elle n\u2019est pas l\u2019\u00e9manation d\u2019un groupe, d\u2019une association ou d\u2019un parti. La liste et le site associ\u00e9 sont des facilit\u00e9s techniques (espace disque, logiciels de gestion de la liste et du site) mises \u00e0 disposition de ceux qui s\u2019int\u00e9ressent et\/ou participent aux mouvements de sans papiers, par quelques <strong>b\u00e9n\u00e9voles<\/strong> qui ne repr\u00e9sentent personne (et surtout pas les associations dont ils ou elles peuvent \u00eatre membres)\u00a0: <strong>ni la liste ni le site ne sont l\u2019\u00e9manation d\u2019une quelconque \u00ab\u00a0ligne\u00a0\u00bb<\/strong>.<\/p>\n<p>Pour joindre le(s) gestionnaire(s) de la liste\u00a0: envoyer un mail \u00e0 <a href=\"mailto:zpajol-owner@rezo.net\">zpajol-owner@rezo.net<\/a><\/p>\n","protected":false},"excerpt":{"rendered":"<p>Prison pour \u00e9trangers de Vincennes, dimanche 3 janvier 2010 ( communiqu\u00e9 par la liste Zpajol * ) Nous appelons les retenus au lendemain du rassemblement qui a eu lieu devant le centre, pour savoir comment \u00e7a s&rsquo;est pass\u00e9 pour eux. L&rsquo;enjeu de ces appels, c&rsquo;est \u00e0 la fois de cr\u00e9er un lien entre l&rsquo;int\u00e9rieur et [&hellip;]<\/p>\n","protected":false},"author":1,"featured_media":0,"comment_status":"open","ping_status":"open","sticky":false,"template":"","format":"standard","meta":[],"categories":[1],"tags":[],"_links":{"self":[{"href":"http:\/\/cafaitdesordre.com\/blog\/wp-json\/wp\/v2\/posts\/1168"}],"collection":[{"href":"http:\/\/cafaitdesordre.com\/blog\/wp-json\/wp\/v2\/posts"}],"about":[{"href":"http:\/\/cafaitdesordre.com\/blog\/wp-json\/wp\/v2\/types\/post"}],"author":[{"embeddable":true,"href":"http:\/\/cafaitdesordre.com\/blog\/wp-json\/wp\/v2\/users\/1"}],"replies":[{"embeddable":true,"href":"http:\/\/cafaitdesordre.com\/blog\/wp-json\/wp\/v2\/comments?post=1168"}],"version-history":[{"count":0,"href":"http:\/\/cafaitdesordre.com\/blog\/wp-json\/wp\/v2\/posts\/1168\/revisions"}],"wp:attachment":[{"href":"http:\/\/cafaitdesordre.com\/blog\/wp-json\/wp\/v2\/media?parent=1168"}],"wp:term":[{"taxonomy":"category","embeddable":true,"href":"http:\/\/cafaitdesordre.com\/blog\/wp-json\/wp\/v2\/categories?post=1168"},{"taxonomy":"post_tag","embeddable":true,"href":"http:\/\/cafaitdesordre.com\/blog\/wp-json\/wp\/v2\/tags?post=1168"}],"curies":[{"name":"wp","href":"https:\/\/api.w.org\/{rel}","templated":true}]}}