{"id":10973,"date":"2019-08-07T12:14:57","date_gmt":"2019-08-07T10:14:57","guid":{"rendered":"http:\/\/cafaitdesordre.com\/blog\/?p=10973"},"modified":"2019-10-09T14:54:00","modified_gmt":"2019-10-09T12:54:00","slug":"colere-jaune","status":"publish","type":"post","link":"http:\/\/cafaitdesordre.com\/blog\/2019\/08\/colere-jaune\/","title":{"rendered":"Col\u00e8re jaune"},"content":{"rendered":"<p><strong>\u00a0<\/strong><\/p>\n<p>Olga, Nelly et Sylvie habitent toutes les trois le Val d&rsquo;Oise. Olga dans un pavillon pr\u00e8s de Cergy, Nelly \u00e0 proximit\u00e9 d&rsquo;Eaubonne, Sylvie pr\u00e8s de Pontoise. La premi\u00e8re est cadre dans le secteur informatique, La deuxi\u00e8me est chef de projet informatique, la troisi\u00e8me \u00e9tait photographe. Elle a ensuite dirig\u00e9 une unit\u00e9 d&rsquo;impression offset. Les trois sont m\u00e8res de famille et n&rsquo;ont jamais \u00e9t\u00e9 engag\u00e9es ou proches d&rsquo;un parti politique.\u00a0 Pourquoi d\u00e8s d\u00e9but novembre 2018 se sont-elles reconnues dans le mouvement des gilets jaunes?<\/p>\n<p><strong><u>Une m\u00eame col\u00e8re<\/u><\/strong><\/p>\n<p>Tr\u00e8s vite elles ont compris que le mouvement exprimait leur col\u00e8re face aux injustices, aux \u00ab\u00a0les mensonges d&rsquo;\u00e9tat\u00a0\u00bb, au m\u00e9pris pour les gens de peu. Pour la premi\u00e8re fois elles se sont reconnues dans un collectif.<\/p>\n<p><strong><u>Olga<\/u><\/strong><\/p>\n<p>Divorc\u00e9e m\u00e8re de trois enfants, Olga ne supportait plus la mont\u00e9e des prix non justifi\u00e9e de l&rsquo;\u00e9lectricit\u00e9, de l&rsquo;eau et de tout. Elle poss\u00e9dait une voiture Diesel. On l&rsquo;a persuad\u00e9e que les filtres \u00e0 particules \u00a0\u00e9taient la panac\u00e9e universelle avant qu&rsquo;elle ne comprenne qu&rsquo;ils ne fonctionnaient pas sur les vieux moteurs Diesel. On lui a fait comprendre que le Diesel \u00e9tait un mauvais choix, que l&rsquo;avenir \u00e9cologique est \u00e0 l&rsquo;\u00e9lectrique&#8230; mensonge. Sans doute fallait-il faire tourner l&rsquo;industrie automobile\u00a0? Elle sent la col\u00e8re monter sur les r\u00e9seaux sociaux. Ce combat sera le sien. Premi\u00e8re urgence se regrouper l\u00e0 o\u00f9 l&rsquo;on habite. Elle rencontre Laeticia Deval. Jour apr\u00e8s jour, de caf\u00e9 en rond- point le mouvement prend forme dans le Val d&rsquo;Oise. Ces femmes d\u00e9ploient une \u00e9nergie dont elles ne soup\u00e7onnaient pas la puissance, Elles ont mis toutes leurs qualit\u00e9s, leur savoir-faire au service d&rsquo;un\u00a0 mouvement qui est le leur. Face \u00e0 la violence exerc\u00e9e \u00e0 l&rsquo;encontre du peuple, elles opposent une conviction calme. Jusqu&rsquo;\u00e0 maintenant on ne leur donnait pas la parole, alors elles l&rsquo;ont prise, et ceux qui parlent d&rsquo;essoufflement n&rsquo;ont pas compris \u00a0que ces nouveaux agitateurs ont enfin trouv\u00e9 une coh\u00e9rence entre la t\u00eate et le coeur. Ils sont \u00ab\u00a0vert\u00e9br\u00e9s\u00a0\u00bb au del\u00e0 de toute forme de posture.<\/p>\n<p>&nbsp;<\/p>\n<p><strong><u>Nelly <\/u><\/strong><\/p>\n<p>Elle est retrait\u00e9e, toujours en activit\u00e9 apr\u00e8s 42 ann\u00e9es de travail. Elle a eu deux enfants. Comme elle le dit pudiquement, il lui reste une fille de 26 ans au RSA, qui est toujours \u00e0 sa charge. Cette derni\u00e8re a une formation d&rsquo;esth\u00e9ticienne mais n&rsquo;a pas trouv\u00e9 d\u2019 emploi fixe, on l&rsquo;a alors orient\u00e9e vers la fili\u00e8re m\u00e9canique compl\u00e8tement bouch\u00e9e&#8230;<\/p>\n<p>De reconversions, en petits boulots sous-pay\u00e9s, Mc Do et autres,\u00a0 Nelly s&rsquo;est dit\u00a0:\u00a0\u00abma fille\u00a0n&rsquo;a pas d&rsquo;avenir dans la soci\u00e9t\u00e9 actuelle\u00bb.<\/p>\n<p>L&rsquo;augmentation de la taxe Diesel a\u00a0 fait d\u00e9border le vase. Sa col\u00e8re a\u00a0 alors explos\u00e9. Comment a-t-on oser soutenir qu\u2019il s\u2019agit d\u2019une taxe pour la plan\u00e8te, alors que seulement 20% ont \u00e9t\u00e9 allou\u00e9s au budget climat. Nelly a \u00e9t\u00e9 a toutes les manifestations, tant pour protester contre les mensonges d&rsquo;\u00e9tat, que pour sa fille. Pourquoi\u00a0 faut-il que ce soient toujours les m\u00eames\u00a0 qui soient tax\u00e9s et pas les gros pollueurs?<\/p>\n<p>\u00ab\u00a0 Donc j&rsquo;ai d\u00e9cid\u00e9 de me battre, de faire la r\u00e9volution\u00a0\u00bb. Elle a fait 68 et n&rsquo;a jamais \u00e9t\u00e9 encart\u00e9e. Macron nous a trait\u00e9 d&rsquo;ignares. Elle -et ce n&rsquo;est pas la seule- est Bac + 5. Avant, elle avait sa vie, ses enfants \u00e0 \u00e9lever, son travail, sa soci\u00e9t\u00e9, pas le temps pour autre chose. \u00ab\u00a0 On nous avait lobotomis\u00e9. On faisait confiance\u00bb. Le sort r\u00e9serv\u00e9 \u00e0 sa fille lui a ouvert les yeux. Avenir bouch\u00e9.<\/p>\n<p><strong><u>\u00a0<\/u><\/strong><\/p>\n<p><strong><u>Sylvie<\/u><\/strong><\/p>\n<p>Comme bon nombre de ses amis, elle pensait \u00ab\u00a0la France ce n&rsquo;est pas pour nous\u00bb. Nous avions envie de quitter ce pays. Ce qui se passe \u00e9tait pr\u00e9visible.<\/p>\n<p>C&rsquo;\u00e9tait l&rsquo;objet de nombreuses conversations. Certains sont partis et ne reviendront plus en France. Nelly n&rsquo;est pas pr\u00e9par\u00e9e \u00e0 cela, elle ne parle aucune \u00a0langue \u00e9trang\u00e8re. Elle n&rsquo;a jamais eu de sympathie pour un parti mais lit les journaux des deux bords. Rien n&rsquo;\u00e9tait \u00e0 la mesure de ce qu&rsquo;elle pouvait esp\u00e9rer.<\/p>\n<p>\u00ab\u00a0Que les citoyens soient \u00e0 m\u00eame de d\u00e9cider d&rsquo;un certain nombre de choses. Que l&rsquo;on respecte le peuple. Que l&rsquo;on ait des possibilit\u00e9s d&rsquo;\u00e9voluer en fonction des capacit\u00e9s que l&rsquo;on a\u00a0 et que l&rsquo;on ne soit pas mis en situation d&rsquo;\u00e9chec scolaire, que l&rsquo;\u00e9ducation nationale ne fabrique pas des moutons, qu&rsquo;elle cherche plut\u00f4t \u00e0 ouvrir l&rsquo;esprit\u00bb. Aux Etats Unis le syst\u00e8me d&rsquo;\u00e9ducation est beaucoup plus ouvert. Il a fallu seulement trois mois \u00e0 une de ses ni\u00e8ces habitant Brooklyn pour maitriser la langue anglaise, elle a ensuite pu suivre des cours \u00e0 l&rsquo;universit\u00e9.<\/p>\n<p>Ici, dit-elle \u00abnotre classe sociale n\u2019aurait pas permis qu\u2019elle aille \u00e0 la fac\u00bb. Quand Sylvie a eu connaissance de l\u2019existence des gilets jaunes, elle a compris\u00a0 que le mouvement \u00e9tait celui qu\u2019elle attendait.<\/p>\n<p>&nbsp;<\/p>\n<p><strong><u>Au commencement\u2026<\/u><\/strong><\/p>\n<p><strong>\u00a0<\/strong><\/p>\n<p>Au commencement le 17 Novembre 2018, date de la premi\u00e8re manifestation parisienne<strong>. <\/strong>Deux inspirateurs<strong>,<\/strong> organisateurs\u00a0: Eric Drouet, Priscilla Ludosky. Ce 17 Novembre est une date fondatrice. Pour la premi\u00e8re fois des femmes et des hommes dont la col\u00e8re, parfois \u00e0 leur insu, grondait dans le ventre depuis des ann\u00e9es, se sont mutuellement reconnus, rassembl\u00e9s.\u00a0Ce 17 Novembre est tout simplement le d\u00e9but de l&rsquo;histoire de ceux qui n\u2019avaient pas droit \u00e0 avoir une histoire. Miracle\u00a0? Certainement <img decoding=\"async\" loading=\"lazy\" class=\"alignleft size-medium wp-image-9591\" src=\"http:\/\/cafaitdesordre.com\/blog\/wp-content\/uploads\/2016\/06\/NOUS1-300x246.jpg\" alt=\"\" width=\"300\" height=\"246\" srcset=\"http:\/\/cafaitdesordre.com\/blog\/wp-content\/uploads\/2016\/06\/NOUS1-300x246.jpg 300w, http:\/\/cafaitdesordre.com\/blog\/wp-content\/uploads\/2016\/06\/NOUS1-768x630.jpg 768w, http:\/\/cafaitdesordre.com\/blog\/wp-content\/uploads\/2016\/06\/NOUS1-1029x844.jpg 1029w, http:\/\/cafaitdesordre.com\/blog\/wp-content\/uploads\/2016\/06\/NOUS1-330x270.jpg 330w\" sizes=\"(max-width: 300px) 100vw, 300px\" \/>pas. Conjonction extraordinaire oui\u00a0: le peuple de ce pays existe. Il existe m\u00eame si fort qu\u2019il est capable de donner naissance \u00e0 un acteur collectif porteur de la r\u00e9volte populaire. La chape de plomb que le m\u00e9pris des puissants et des \u00e9lites pensantes a construit et que la plupart des experts autoris\u00e9s pensaient insubmersible vole alors en \u00e9clat. Quelle que soit l\u2019issue du mouvement, ceux qui l\u2019ont v\u00e9cu n\u2019oublieront jamais\u00a0 ce moment vertigineux o\u00f9 la fatalit\u00e9 d\u2019une soumission\u00a0 s\u2019\u00e9croule pour laisser la place \u00e0 une \u00e9nergie collective vibrante qui dit\u00a0: oui c\u2019est possible. Le peuple a toute l\u00e9gitimit\u00e9 \u00e0 d\u00e9cider de son propre sort. Malgr\u00e9 le m\u00e9pris d\u00e9vers\u00e9 sur lui le peuple existe, rel\u00e8ve la t\u00eate. Pire, il pourrait m\u00eame \u00eatre fier de lui, de ses enfants. Le 17 Novembre, d\u00e9but d\u2019un mythe\u00a0? Oui, au sens d\u2019une appropriation, d\u2019une l\u00e9gitimit\u00e9 retrouv\u00e9e dans la joie et l\u2019\u00e9nergie d\u2019une naissance face \u00e0 la brutalit\u00e9 de la r\u00e9pression.<\/p>\n<p>&nbsp;<\/p>\n<p><strong><u>Plut\u00f4t la d\u00e9mocratie que la politique\u2026<\/u><\/strong><\/p>\n<p>Le mouvement prend naissance dans une France fractur\u00e9e, \u00e9coeur\u00e9e, sans autre projet politique que le maintien au pouvoir de ceux qui de droite ou de gauche gouvernent ce pays. Election apr\u00e8s \u00e9lection ils s\u2019acharnent \u00e0 \u00a0d\u00e9montrer que l\u2019extr\u00eame droite qu\u2019ils contribuent \u00e0 faire grandir, serait une catastrophe pour le pays. M\u00eame si beaucoup des \u00e9lecteurs du Rassemblement national se reconnaissent dans le mouvement, ce dernier ne se reconnait pas dans Le Rassemblement national.<\/p>\n<p>Au-del\u00e0 des clivages partisans il faut remettre en avant l\u2019int\u00e9r\u00eat g\u00e9n\u00e9ral dont les citoyens sont porteurs. Les citoyens contribuables sont les v\u00e9ritables propri\u00e9taires de la chose publique. Pour que les \u00e9lus respectent leur mandat, il importe qu\u2019ils puissent \u00eatre contr\u00f4l\u00e9s.<\/p>\n<p>Ainsi les gilets jaunes demandent\u00a0:<\/p>\n<p>Que le vote blanc soit reconnu et qu\u2019une \u00e9lection puisse \u00eatre annul\u00e9e si les votes blancs l\u2019emportent sur les votes d\u2019adh\u00e9sion.<\/p>\n<p>Que le RIC r\u00e9f\u00e9rendum d\u2019initiative populaire permette aux citoyens sur un sujet primordial de d\u00e9cider de leur sort. Le RIC a \u00e9t\u00e9 exp\u00e9riment\u00e9 dans d\u2019autres pays que la France, notamment en Californie.<\/p>\n<p>Contre-exemple significatif\u00a0: le cas ADP. 25 d\u00e9put\u00e9s sur 47 pr\u00e9sents ont vot\u00e9 pour la privatisation de l\u2019a\u00e9roport. Sursaut politique 197 d\u00e9put\u00e9s de gauche comme de droite ( minimum requis 185) ont vot\u00e9 pour la tenue d\u2019un RIP, r\u00e9f\u00e9rendum d\u2019initiative partag\u00e9e. Pour obtenir gain de cause il faut que plus de 4700000 citoyens se d\u00e9clarent en faveur du r\u00e9f\u00e9rendum. A croire que la voix de quelques \u00e9lus p\u00e8se beaucoup plus lourd que celle des citoyens ordinaires.<\/p>\n<p>Que fait une entreprise \u00a0quand elle juge que le travail d\u2019un salari\u00e9 n\u2019est pas satisfaisant\u00a0? Elle le licencie. Pourquoi en serait-il autrement avec ceux qui sont les repr\u00e9sentants du peuple. Ils sont locataires et non propri\u00e9taires de la France. Donc, ils doivent pouvoir \u00eatre r\u00e9voqu\u00e9s dans le respect des proc\u00e9dures en place. La d\u00e9mocratie a besoin de garde- fous. Le peuple \u00e9lit ses repr\u00e9sentants sur un programme, c\u2019est au peuple souverain de juger s\u2019ils ont ou non bien fait le travail. Le peuple a un \u00a0pouvoir de d\u00e9cision. Il le d\u00e9l\u00e8gue a ses repr\u00e9sentants. En aucun cas il doit s\u2019en dessaisir.<\/p>\n<p>Peu de partis politiques sont venus \u00e0 la rencontre des gilets jaune, ainsi le Rassemblement national et la France insoumise qui, elle, a eu le m\u00e9rite de d\u00e9poser une demande de RIC \u00e0 l\u2019assembl\u00e9e nationale. La gauche a eu \u00e0 deux reprises la possibilit\u00e9 de mettre en place de r\u00e9els changements, elle ne l\u2019a pas fait. Quant \u00e0 l\u2019extr\u00eame droite, mes interlocutrices d\u00e9noncent le fonds de commerce raciste et x\u00e9nophobe que l\u2019ex Front National n\u2019a jamais reni\u00e9.<\/p>\n<p>La gauche avait pour elle la d\u00e9fense d\u2019un service public de qualit\u00e9. Il est fondamental que tout le monde puisse se soigner, \u00eatre \u00e9duqu\u00e9 et se d\u00e9placer. La couleur politique des uns ou des autres est moins importante que le programme qu\u2019ils veulent appliquer.<\/p>\n<p>&nbsp;<\/p>\n<p><strong><u>Une universit\u00e9 populaire en action<\/u><\/strong><\/p>\n<p>Semaine apr\u00e8s semaine, manifestation apr\u00e8s manifestation, le mouvement\u00a0 a fait la une des m\u00e9dias. Ces dernier n\u2019ont pas manqu\u00e9 de mettre en avant la convivialit\u00e9 \u00a0des ronds \u2013points, puis la violence inacceptable d\u2019une minorit\u00e9\u00a0 d\u2019extr\u00e9mistes. Ensuite il a \u00e9t\u00e9 question de l\u2019essoufflement\u00a0 du mouvement plus que de son \u00e9tonnante long\u00e9vit\u00e9 face \u00e0 une r\u00e9pression d\u2019une brutalit\u00e9 aussi sauvage qu\u2019in\u00e9dite. Mais quels sont les m\u00e9dias grand public qui se sont donn\u00e9 la peine de mettre en avant l\u2019extraordinaire travail d\u2019information et d\u2019explicitation des enjeux que le mouvement a mis sur pied\u00a0?<\/p>\n<p>Olga, Sylvie, Nelly ont plong\u00e9 dans les textes, dans les projets de lois. A travers \u00ab\u00a0Le vrai d\u00e9bat\u00a0\u00bb ont \u00e9t\u00e9 mises sur pied des assembl\u00e9es g\u00e9n\u00e9rales dans chaque r\u00e9gion. Les Gilets jaunes ont d\u00e9cortiqu\u00e9 l\u2019actuelle constitution \u00e9mis plus de 25\u00a0000 propositions retravaill\u00e9es \u00e0 chaque \u00e9tape d\u2019un processus ouvert \u00e0 tous. Pour que les citoyens soient \u00e0 m\u00eame de d\u00e9cider, ils faut qu\u2019ils prennent la mesure des enjeux sous-tendant chaque d\u00e9cision.<\/p>\n<p>Dans une d\u00e9mocratie ce travail est primordial. Il paraitrait normal que ceux qui font profession d\u2019informer jugent utile de le faire. Les m\u00e9dias ne le font pas. Pourquoi\u00a0? Les mauvais esprits diront que le maintien du statu \u2013 quo est leur objectif num\u00e9ro 1.Mes interlocutrices soulignent que d\u00e9put\u00e9s \u00a0\u00e0 l\u2019assembl\u00e9e nationale ne font le plus souvent qu\u2019ent\u00e9riner les d\u00e9cisions prises par les commissions. Le mouvement lui travaille diff\u00e9remment. A partir d\u2019une id\u00e9e \u00e9mise, une commission est charg\u00e9e d\u2019en \u00e9tudier l\u2019int\u00e9r\u00eat et les diverses modalit\u00e9s possibles, ensuite c\u2019est l\u2019assembl\u00e9e g\u00e9n\u00e9rale qui prendra, en connaissance de cause, une d\u00e9cision. Chantal Jouanno, avant de d\u00e9missionner \u00a0du \u00ab\u00a0grand d\u00e9bat\u00a0\u00bb organis\u00e9 par le gouvernement, avait ouvertement appr\u00e9ci\u00e9 la qualit\u00e9 et le s\u00e9rieux du travail effectu\u00e9 au sein du\u00a0\u00bb Vrai d\u00e9bat\u00a0\u00bb. Est-il possible qu\u2019un mouvement populaire, \u00e0 rebrousse -poil de l\u2019image populiste qu\u2019il est de bon ton de lui coller, soit aussi soucieux de m\u00e9thode, donc de rigueur en s\u2019attachant \u00e0 \u00e9clairer les soubassements de toute information\u00a0? Les gilets jaunes sont conscients de leur diversit\u00e9 et admettent parfaitement que les motivations des uns et des autres ne sont pas les m\u00eames.<\/p>\n<p>La France des grands centres urbains n\u2019aime ni ne consid\u00e8re ses cit\u00e9s de banlieue ni sa p\u00e9riph\u00e9rie. Cette derni\u00e8re vit dans un entre- deux\u00a0 sur des territoires dits p\u00e9ri- urbains, le plus souvent\u00a0 dans des pavillons, l\u00e0 o\u00f9 il est quasiment impossible de se passer d\u2019une voiture, l\u00e0 o\u00f9 les services publics sont le plus souvent aux abonn\u00e9s absents. Cette France l\u00e0 est ignor\u00e9e, elle n\u2019existe pas. La France des cit\u00e9s de banlieue est caricatur\u00e9e, rejet\u00e9e, d\u00e9test\u00e9e, celle de la p\u00e9riph\u00e9rie est hors soci\u00e9t\u00e9.<\/p>\n<p>Les gilets ne sont ni des m\u00e9cr\u00e9ants, ni des Zorros, juste des \u00eatres humains\u00a0 qui ont pris conscience de leur existence \u00e0 travers la rencontre, l\u2019\u00e9change, la convivialit\u00e9. Il suffit d\u2019\u00e9changer\u00a0 quelques instants avec Olga, Nelly, Sylvie pour imaginer la force de cette renaissance. A c\u00f4t\u00e9 de la n\u00e9cessaire col\u00e8re prend place la joie, celle de vibrer \u00e0 l\u2019unisson comme celle de pouvoir s\u2019engueuler, parler et m\u00eame \u00eatre \u00e9cout\u00e9&#8230; sans oublier le bonheur d\u2019avoir retrouv\u00e9 une famille.<\/p>\n<p>Dans le royaume de France l\u2019humanit\u00e9 locale existe enfin. La puissance du mouvement collectif redonne \u00e0 chacun une l\u00e9gitimit\u00e9 qui lui manquait cruellement. Ces femmes, ces hommes, pas plus que d\u2019autres, ne sont pas des anges. Mais ils se sont cr\u00e9\u00e9 un espace de reconnaissance o\u00f9 la g\u00e9n\u00e9rosit\u00e9, la solidarit\u00e9 peuvent s\u2019exercer. Pour rendre service, pour venir en aide \u00e0 qui en a besoin, il faut avoir le sentiment d\u2019exister, d\u2019\u00eatre respect\u00e9 par ses pairs \u00e0 d\u00e9faut de l\u2019\u00eatre par les \u00e9lites en place. \u00ab\u00a0 Si on a gagn\u00e9 quelque chose disent-elles ont a au moins gagn\u00e9 \u00e7a\u00a0\u00bb<\/p>\n<p>L\u2019existence des r\u00e9seaux sociaux a de toute \u00e9vidence grandement contribu\u00e9 \u00e0 l\u2019\u00e9mergence du mouvement, mais les uns et les autres ont conscience qu\u2019une partie non n\u00e9gligeable du pays n\u2019a pas acc\u00e8s aux r\u00e9seaux. Il faut donc aller \u00e0 la rencontre des citoyens pratiquer l\u2019information de proximit\u00e9 dans la rue, sur les plages, partout o\u00f9 c\u2019est possible. Apr\u00e8s les manifestations de rue, les interventions sur autoroute , il faudra apr\u00e8s l\u2019\u00e9t\u00e9, inventer autre chose. Les gilets jaunes s\u2019y emploient.<\/p>\n<p>&nbsp;<\/p>\n<p><strong><u>Pourquoi cet article, pourquoi s\u2019int\u00e9resser au gilets jaunes\u00a0?<\/u><\/strong><\/p>\n<p><strong><u>\u00a0<\/u><\/strong>La mont\u00e9e de l\u2019extr\u00eame droite remonte aux ann\u00e9es 80. D\u00e9j\u00e0 les gouvernants de l\u2019\u00e9poque, ainsi Fran\u00e7ois Mitterrand,\u00a0 avaient compris quel profit ils pouvaient en tirer. Face \u00e0 une droite fid\u00e8le \u00e0 elle-m\u00eame et \u00e0 une gauche plut\u00f4t \u00e0 droite, que pouvait faire le peuple, sinon d\u00e9sesp\u00e9rer de la politique. Un lent et mortif\u00e8re processus d\u2019implosion \u00e9tait en place. La r\u00e9volte des gilets jaunes a d\u00e9j\u00e0 d\u00e9montr\u00e9 que cette descente aux enfers n\u2019\u00e9tait pas in\u00e9luctable. Le peuple s\u2019est autoris\u00e9 \u00e0 prendre la parole. Cette audace pour ne pas dire cette outrecuidance ne peut \u00eatre du go\u00fbt de tout le monde. Comment est-il possible que ceux qui vivent dans la contrainte quotidienne, que ceux qui subissent le m\u00e9pris des \u00e9lites puissent se mettre en mouvement, r\u00e9fl\u00e9chir, tenter m\u00eame de penser l\u2019avenir\u00a0?<\/p>\n<p>Une question mal pos\u00e9e ne peut entrainer que de mauvaises r\u00e9ponses.<\/p>\n<p>A contrario il faut constater que la division du travail qui veut qu\u2019il y ait des t\u00eates pensantes d\u2019un c\u00f4t\u00e9 et d\u2019humbles ex\u00e9cutants de l\u2019autre a vol\u00e9 en \u00e9clat. Le paradoxe veut que ceux qui subissent soient \u00e0 la fois plus vivants et plus experts que les technocrates et intellectuels ( pas tous) qui ne connaissent que la r\u00e9alit\u00e9 de leur tribu.<\/p>\n<p>Le mouvement des gilets jaunes prouve que la vie m\u00eame tr\u00e8s abim\u00e9e peut toujours se r\u00e9veiller. Quand on a la chance de vivre cette p\u00e9riode moins que dr\u00f4le par ailleurs, on ne peut, \u00e0 moins d\u2019\u00eatre totalement lobotomis\u00e9, qu\u2019encourager ceux que le pouvoir esp\u00e8re d\u00e9finitivement casser. L\u2019avenir radieux n\u2019est plus \u00e0 l\u2019ordre du jour, on sait seulement que les humains s\u2019ils se sentent respect\u00e9s et quelque peu acteurs de leur vie, sont capables de se d\u00e9passer. La d\u00e9mocratie aurait beaucoup \u00e0 y gagner.<\/p>\n<p>&nbsp;<\/p>\n<p>Fran\u00e7ois Bernheim<\/p>\n<p>&nbsp;<\/p>\n<p>&nbsp;<\/p>\n<p><em>En dehors des nombreuses pages tenues par des groupes r\u00e9gionaux sur Facebook. Deux sites sont \u00e0 visiter en priorit\u00e9\u00a0: Le Vrai d\u00e9bat et La ligne jaune.<\/em><\/p>\n<p>&nbsp;<\/p>\n<p><em>\u00a0<\/em><\/p>\n<p>&nbsp;<\/p>\n<p><a href=\"http:\/\/www.le\"><em>www.le<\/em><\/a><em> vrai-debat.fr ou <\/em><a href=\"http:\/\/www.le\"><em>www.le<\/em><\/a><em> vrai-debat.fr\u00a0\/syntheses<\/em><\/p>\n<p><em>\u00a0<\/em><\/p>\n<p><em>La ligne jaune \u2013 www.lalignejaune.fr<\/em><\/p>\n<p><em>\u00a0<\/em><\/p>\n<p><em>\u00a0<\/em><\/p>\n<p><em>\u00a0<\/em><\/p>\n<p>&nbsp;<\/p>\n<p>&nbsp;<\/p>\n<p>&nbsp;<\/p>\n<p>&nbsp;<\/p>\n<p>&nbsp;<\/p>\n<p>&nbsp;<\/p>\n<p><strong>\u00a0<\/strong><\/p>\n","protected":false},"excerpt":{"rendered":"<p>\u00a0 Olga, Nelly et Sylvie habitent toutes les trois le Val d&rsquo;Oise. Olga dans un pavillon pr\u00e8s de Cergy, Nelly \u00e0 proximit\u00e9 d&rsquo;Eaubonne, Sylvie pr\u00e8s de Pontoise. La premi\u00e8re est cadre dans le secteur informatique, La deuxi\u00e8me est chef de projet informatique, la troisi\u00e8me \u00e9tait photographe. Elle a ensuite dirig\u00e9 une unit\u00e9 d&rsquo;impression offset. Les [&hellip;]<\/p>\n","protected":false},"author":1,"featured_media":10975,"comment_status":"open","ping_status":"open","sticky":false,"template":"","format":"standard","meta":[],"categories":[1],"tags":[],"_links":{"self":[{"href":"http:\/\/cafaitdesordre.com\/blog\/wp-json\/wp\/v2\/posts\/10973"}],"collection":[{"href":"http:\/\/cafaitdesordre.com\/blog\/wp-json\/wp\/v2\/posts"}],"about":[{"href":"http:\/\/cafaitdesordre.com\/blog\/wp-json\/wp\/v2\/types\/post"}],"author":[{"embeddable":true,"href":"http:\/\/cafaitdesordre.com\/blog\/wp-json\/wp\/v2\/users\/1"}],"replies":[{"embeddable":true,"href":"http:\/\/cafaitdesordre.com\/blog\/wp-json\/wp\/v2\/comments?post=10973"}],"version-history":[{"count":3,"href":"http:\/\/cafaitdesordre.com\/blog\/wp-json\/wp\/v2\/posts\/10973\/revisions"}],"predecessor-version":[{"id":10978,"href":"http:\/\/cafaitdesordre.com\/blog\/wp-json\/wp\/v2\/posts\/10973\/revisions\/10978"}],"wp:featuredmedia":[{"embeddable":true,"href":"http:\/\/cafaitdesordre.com\/blog\/wp-json\/wp\/v2\/media\/10975"}],"wp:attachment":[{"href":"http:\/\/cafaitdesordre.com\/blog\/wp-json\/wp\/v2\/media?parent=10973"}],"wp:term":[{"taxonomy":"category","embeddable":true,"href":"http:\/\/cafaitdesordre.com\/blog\/wp-json\/wp\/v2\/categories?post=10973"},{"taxonomy":"post_tag","embeddable":true,"href":"http:\/\/cafaitdesordre.com\/blog\/wp-json\/wp\/v2\/tags?post=10973"}],"curies":[{"name":"wp","href":"https:\/\/api.w.org\/{rel}","templated":true}]}}