{"id":10784,"date":"2019-01-07T00:17:06","date_gmt":"2019-01-06T23:17:06","guid":{"rendered":"http:\/\/cafaitdesordre.com\/blog\/?p=10784"},"modified":"2019-08-27T17:07:04","modified_gmt":"2019-08-27T15:07:04","slug":"m-le-maudit","status":"publish","type":"post","link":"http:\/\/cafaitdesordre.com\/blog\/2019\/01\/m-le-maudit\/","title":{"rendered":"M le M\u00e9pris du peuple"},"content":{"rendered":"<p><strong>\u00a0<\/strong><\/p>\n<p><strong>M comme masque<\/strong><\/p>\n<p>&nbsp;<\/p>\n<p><strong>M comme m\u00e9pris<\/strong><\/p>\n<p><strong>\u00a0<\/strong><\/p>\n<p><strong>comme manipulation<\/strong><\/p>\n<p>&nbsp;<\/p>\n<p><strong>comme monarque<\/strong><\/p>\n<p><strong>\u00a0<\/strong><\/p>\n<p><strong>comme massacre<\/strong><\/p>\n<p>&nbsp;<\/p>\n<p><strong>M comme Macron ?<br \/>\n<\/strong><\/p>\n<p>&nbsp;<\/p>\n<p>&nbsp;<\/p>\n<p>&nbsp;<\/p>\n<p>Les analystes politiques vous le diront peut- \u00eatre mieux que moi, ceux qui gouvernent la France aujourd&rsquo;hui ont le triste privil\u00e8ge de cumuler une inexp\u00e9rience politique in\u00e9dite et un m\u00e9pris du populaire qui risque bien, dans les semaines \u00e0 venir, de vouloir \u00e9craser, laminer ceux qui du fond des territoires tentent de faire \u00e9merger, quelques soient leurs exc\u00e8s, un renouveau d\u00e9mocratique et populaire de nos pratiques et institutions.<\/p>\n<p>Le monarque qui est \u00e0 t\u00eate de notre pays entend bien aller jusqu&rsquo;au bout des r\u00e9formes oligarchiques que ses commanditaires priv\u00e9s entendent mettre en place. La d\u00e9consid\u00e9ration du pouvoir est une gifle\u00a0 que les manants vont devoir payer. Beaucoup d&rsquo;entre nous ont vot\u00e9 Macron au deuxi\u00e8me tour de l&rsquo;\u00e9lection pr\u00e9sidentielle pour \u00e9viter le pire. Aujourd&rsquo;hui nous savons\u00a0 que le monarque r\u00e9publicain\u00a0 nous m\u00e8ne droit au pire, pour la simple et unique raison que la remise en cause des modes de partage du g\u00e2teau au profit des puissants lui est insupportable. Si aux c\u00f4t\u00e9s des gilets jaunes aucune force politique ne se l\u00e8ve pour\u00a0 n\u00e9gocier une nouvelle justice \u00e9conomique, sociale, culturelle et politique, si nous ne sommes pas capables\u00a0 de construire une nouvelle l\u00e9gitimit\u00e9 \u00a0autorisant tout un chacun \u00e0 se sentir respect\u00e9 tant dans son \u00e9go que dans ses moyens de subsistance, alors nous serons\u00a0 submerg\u00e9s.<\/p>\n<p>A ce titre les prochaines \u00e9lections europ\u00e9ennes pourraient bien \u00eatre d\u00e9cisives.<\/p>\n<p>Le pire n&rsquo;est jamais certain. Paradoxalement le \u00ab\u00a0climat\u00a0\u00bb actuel pourrait bien aussi \u00eatre favorable \u00e0 notre \u00e9mancipation. La distance qui s\u00e9pare le pire d&rsquo;un renouveau possible est t\u00e9nue. M parle avec un m\u00e9pris assum\u00e9 des foules haineuses, Alain Souchon lui chante \u00ab\u00a0foule sentimentale\u00a0\u00bb Votons Souchon!<\/p>\n<p>&nbsp;<\/p>\n<p>F Bernheim<\/p>\n<p>M le Maudit\u00a0 est un chef d&rsquo;oeuvre du cin\u00e9ma\u00a0 allemand r\u00e9alis\u00e9 par Fritz Lang en1931<\/p>\n<p>&nbsp;<\/p>\n<p>&nbsp;<\/p>\n<p>&nbsp;<\/p>\n","protected":false},"excerpt":{"rendered":"<p>\u00a0 M comme masque &nbsp; M comme m\u00e9pris \u00a0 comme manipulation &nbsp; comme monarque \u00a0 comme massacre &nbsp; M comme Macron ? &nbsp; &nbsp; &nbsp; Les analystes politiques vous le diront peut- \u00eatre mieux que moi, ceux qui gouvernent la France aujourd&rsquo;hui ont le triste privil\u00e8ge de cumuler une inexp\u00e9rience politique in\u00e9dite et un m\u00e9pris [&hellip;]<\/p>\n","protected":false},"author":1,"featured_media":10785,"comment_status":"open","ping_status":"open","sticky":false,"template":"","format":"standard","meta":[],"categories":[705,718,698,702],"tags":[1530,1531,1148,553,1532],"_links":{"self":[{"href":"http:\/\/cafaitdesordre.com\/blog\/wp-json\/wp\/v2\/posts\/10784"}],"collection":[{"href":"http:\/\/cafaitdesordre.com\/blog\/wp-json\/wp\/v2\/posts"}],"about":[{"href":"http:\/\/cafaitdesordre.com\/blog\/wp-json\/wp\/v2\/types\/post"}],"author":[{"embeddable":true,"href":"http:\/\/cafaitdesordre.com\/blog\/wp-json\/wp\/v2\/users\/1"}],"replies":[{"embeddable":true,"href":"http:\/\/cafaitdesordre.com\/blog\/wp-json\/wp\/v2\/comments?post=10784"}],"version-history":[{"count":10,"href":"http:\/\/cafaitdesordre.com\/blog\/wp-json\/wp\/v2\/posts\/10784\/revisions"}],"predecessor-version":[{"id":10795,"href":"http:\/\/cafaitdesordre.com\/blog\/wp-json\/wp\/v2\/posts\/10784\/revisions\/10795"}],"wp:featuredmedia":[{"embeddable":true,"href":"http:\/\/cafaitdesordre.com\/blog\/wp-json\/wp\/v2\/media\/10785"}],"wp:attachment":[{"href":"http:\/\/cafaitdesordre.com\/blog\/wp-json\/wp\/v2\/media?parent=10784"}],"wp:term":[{"taxonomy":"category","embeddable":true,"href":"http:\/\/cafaitdesordre.com\/blog\/wp-json\/wp\/v2\/categories?post=10784"},{"taxonomy":"post_tag","embeddable":true,"href":"http:\/\/cafaitdesordre.com\/blog\/wp-json\/wp\/v2\/tags?post=10784"}],"curies":[{"name":"wp","href":"https:\/\/api.w.org\/{rel}","templated":true}]}}