{"id":10527,"date":"2018-06-20T12:17:15","date_gmt":"2018-06-20T10:17:15","guid":{"rendered":"http:\/\/cafaitdesordre.com\/blog\/?p=10527"},"modified":"2018-07-07T20:54:42","modified_gmt":"2018-07-07T18:54:42","slug":"exiles-le-chemin-de-lecole","status":"publish","type":"post","link":"http:\/\/cafaitdesordre.com\/blog\/2018\/06\/exiles-le-chemin-de-lecole\/","title":{"rendered":"Exil\u00e9s : le chemin de l\u2019\u00e9cole"},"content":{"rendered":"<p>Ils sont un demi million \u00e0 \u00eatre en \u00e2ge d\u2019\u00eatre scolaris\u00e9s et moins de la moiti\u00e9 le sont. Ces enfants et ces jeunes ont fui la guerre en Syrie et sont r\u00e9fugi\u00e9s au Liban. <a href=\"http:\/\/www.editionsicietla.com\/catalog\/reinventer-lecole-enquete-aupres-des-enfants-refugies-au-liban\/\" target=\"_blank\" rel=\"noopener\"><em>R\u00e9inventer l\u2019\u00e9cole, enqu\u00eate aupr\u00e8s des enfants r\u00e9fugi\u00e9s au Liban<\/em><\/a>, co\u00e9dit\u00e9 par les <a href=\"http:\/\/www.editionsicietla.com\" target=\"_blank\" rel=\"noopener\">\u00e9ditions Ici&amp;L\u00e0<\/a> et l\u2019<a href=\"https:\/\/www.francophonie.org\" target=\"_blank\" rel=\"noopener\">Organisation internationale de la francophonie (OIF)<\/a>, attire l\u2019attention sur leur situation difficile.<\/p>\n<p>\u00ab\u00a0<em>De nombreux obstacles emp\u00eachent ces enfants d\u2019aller \u00e0 l\u2019\u00e9cole\u00a0: la guerre, l\u2019exil, les probl\u00e8mes d\u2019ordre psychologique, le travail des enfants, les mariages pr\u00e9coces, le manque de moyens financiers pour les transports, l\u2019\u00e9loignement g\u00e9ographique par rapport aux \u00e9coles\u2026<\/em>\u00a0\u00bb, explique en pr\u00e9ambule Youma Fall, directrice Langue fran\u00e7aise, Culture et Diversit\u00e9s \u00e0 l\u2019OIF. \u00ab\u00a0<em>Mais il y a aussi la barri\u00e8re linguistique. L\u2019enseignement dans les \u00e9coles pubiques au Liban est bilingue, arabe et fran\u00e7ais\/anglais. Et la non ma\u00eetrise de cette deuxi\u00e8me langue conduit l\u2019enfant \u00e0 d\u00e9crocher d\u2019autant plus facilement de l\u2019\u00e9cole.<\/em>\u00a0\u00bb<\/p>\n<p><strong><em>Reportage po\u00e9tique<\/em><\/strong><\/p>\n<p>Marion Coudert, \u00e9crivaine et fondatrice \u00e0 Bordeaux des <a href=\"http:\/\/www.editionsicietla.com\" target=\"_blank\" rel=\"noopener\">\u00e9ditions Ici&amp;L\u00e0<\/a>, propose un \u00ab\u00a0<em>reportage po\u00e9tique<\/em>\u00a0\u00bb sur cette question sensible. Elle t\u00e9moigne dans un texte plein de finesse de la mis\u00e8re d\u2019un petit vendeur de roses par un jour de pluie, de l\u2019activit\u00e9 de la soci\u00e9t\u00e9 civile \u00e0 Aley, dans la plaine de la Bekaa, dans les banlieues sud de Beyrouth, capte les moments d\u2019enfance qui survivent \u00e0 l\u2019\u00e9preuve.<\/p>\n<p>Les photos en noir et blanc de Nicolas Camoisson (<a href=\"http:\/\/collectifterritoires.com\/\" target=\"_blank\" rel=\"noopener\">collectif Territoires<\/a>) montrent les camps, les unit\u00e9s p\u00e9dagogiques mobiles, les regards attentifs des enfants.<\/p>\n<p>Yamen Manai, prix des Cinq continents de la francophonie pour <a href=\"http:\/\/elyzad.com\/component\/zoo\/item\/l-amas-ardent.html\" target=\"_blank\" rel=\"noopener\"><em>L\u2019Amas ardent\u00a0<\/em>(Elyzad, 2017)<\/a>, se souvient de ses parents enseignants et de leur d\u00e9votion pour le tableau noir, symbole d\u2019\u00e9mancipation. Il raconte le quotidien des \u00e9coles pilot\u00e9es par les ONG Yalla\u00a0! Pour les enfants et Sawa for Development and Aid.<\/p>\n<p>Ce livre est l\u2019occasion de d\u00e9couvrir le travail engag\u00e9 et \u00e9l\u00e9gant des <a href=\"http:\/\/www.editionsicietla.com\" target=\"_blank\" rel=\"noopener\">\u00e9ditions Ici&amp;L\u00e0<\/a>, dont la base n\u2019est \u00ab\u00a0<em>pas la fiction mais les r\u00e9alit\u00e9s qui nous entourent<\/em>\u00a0\u00bb, avec un vrai \u00ab\u00a0<em>regard sur l\u2019humain ou le paysage<\/em>\u00a0\u00bb. Et cette m\u00e9thode\u00a0: \u00ab\u00a0<em>Si le travail de collecte s\u2019appuie sur une d\u00e9marche journalistique et\/ou ethnographique, la retranscription, elle, est po\u00e9tique.<\/em>\u00a0\u00bb<\/p>\n<p><a href=\"http:\/\/www.etlettres.com\/auteurs\/sefrioui\/\" target=\"_blank\" rel=\"noopener\">Kenza Sefrioui<\/a><\/p>\n<table>\n<tbody>\n<tr>\n<td><\/td>\n<\/tr>\n<\/tbody>\n<\/table>\n<p>&nbsp;<\/p>\n","protected":false},"excerpt":{"rendered":"<p>Ils sont un demi million \u00e0 \u00eatre en \u00e2ge d\u2019\u00eatre scolaris\u00e9s et moins de la moiti\u00e9 le sont. Ces enfants et ces jeunes ont fui la guerre en Syrie et sont r\u00e9fugi\u00e9s au Liban. R\u00e9inventer l\u2019\u00e9cole, enqu\u00eate aupr\u00e8s des enfants r\u00e9fugi\u00e9s au Liban, co\u00e9dit\u00e9 par les \u00e9ditions Ici&amp;L\u00e0 et l\u2019Organisation internationale de la francophonie (OIF), [&hellip;]<\/p>\n","protected":false},"author":1,"featured_media":10529,"comment_status":"open","ping_status":"open","sticky":false,"template":"","format":"standard","meta":[],"categories":[705,718,698],"tags":[1491,1490,577,1489],"_links":{"self":[{"href":"http:\/\/cafaitdesordre.com\/blog\/wp-json\/wp\/v2\/posts\/10527"}],"collection":[{"href":"http:\/\/cafaitdesordre.com\/blog\/wp-json\/wp\/v2\/posts"}],"about":[{"href":"http:\/\/cafaitdesordre.com\/blog\/wp-json\/wp\/v2\/types\/post"}],"author":[{"embeddable":true,"href":"http:\/\/cafaitdesordre.com\/blog\/wp-json\/wp\/v2\/users\/1"}],"replies":[{"embeddable":true,"href":"http:\/\/cafaitdesordre.com\/blog\/wp-json\/wp\/v2\/comments?post=10527"}],"version-history":[{"count":1,"href":"http:\/\/cafaitdesordre.com\/blog\/wp-json\/wp\/v2\/posts\/10527\/revisions"}],"predecessor-version":[{"id":10530,"href":"http:\/\/cafaitdesordre.com\/blog\/wp-json\/wp\/v2\/posts\/10527\/revisions\/10530"}],"wp:featuredmedia":[{"embeddable":true,"href":"http:\/\/cafaitdesordre.com\/blog\/wp-json\/wp\/v2\/media\/10529"}],"wp:attachment":[{"href":"http:\/\/cafaitdesordre.com\/blog\/wp-json\/wp\/v2\/media?parent=10527"}],"wp:term":[{"taxonomy":"category","embeddable":true,"href":"http:\/\/cafaitdesordre.com\/blog\/wp-json\/wp\/v2\/categories?post=10527"},{"taxonomy":"post_tag","embeddable":true,"href":"http:\/\/cafaitdesordre.com\/blog\/wp-json\/wp\/v2\/tags?post=10527"}],"curies":[{"name":"wp","href":"https:\/\/api.w.org\/{rel}","templated":true}]}}